{"id":297147,"date":"2025-08-05T03:23:15","date_gmt":"2025-08-05T03:23:15","guid":{"rendered":"https:\/\/www.europesays.com\/fr\/297147\/"},"modified":"2025-08-05T03:23:15","modified_gmt":"2025-08-05T03:23:15","slug":"gerald-darmanin-annule-un-stage-de-surf-pour-detenus-de-la-prison-de-rennes-vezin","status":"publish","type":"post","link":"https:\/\/www.europesays.com\/fr\/297147\/","title":{"rendered":"G\u00e9rald Darmanin annule un stage de surf pour d\u00e9tenus de la prison de Rennes-Vezin"},"content":{"rendered":"<p><img decoding=\"async\" class=\"\" style=\"width:100%;max-width:100%\" src=\"https:\/\/www.europesays.com\/fr\/wp-content\/uploads\/2025\/08\/Photo_libre_de_droit_Ge_rald_Darmanin_ministre_de_l_Inte_rieur_datant_de_20211754329271870-format16b.webp\" alt=\"Darmanin\"\/><\/p>\n<p>Cr\u00e9dit : Pierrot75005 &#8211; Wikimedia Commons<\/p>\n<p>Le Service m\u00e9dico-psychologique r\u00e9gional (SMPR), rattach\u00e9 \u00e0 l\u2019h\u00f4pital Guillaume-R\u00e9gnier, avait prescrit \u00e0 cinq d\u00e9tenus de la prison de Rennes-Vezin une semaine de stage de surf \u00e0 Saint-Malo, pr\u00e9vue mi-septembre. L\u2019objectif : favoriser leur r\u00e9insertion et leur bien-\u00eatre psychologique. Mais le projet, valid\u00e9 par la commission d\u2019application des peines, a rapidement d\u00e9clench\u00e9 l\u2019indignation des syndicats p\u00e9nitentiaires.<\/p>\n<p>L\u2019affaire a pris une dimension nationale lorsque le d\u00e9put\u00e9 Rassemblement national Thomas M\u00e9nag\u00e9 a d\u00e9nonc\u00e9 sur X ce qu\u2019il consid\u00e8re comme un \u201ccadeau\u201d fait aux prisonniers, soulignant que \u201c40 % des Fran\u00e7ais renoncent \u00e0 partir en vacances\u201d. En quelques heures, la pol\u00e9mique a enfl\u00e9 sur les r\u00e9seaux sociaux, pla\u00e7ant le minist\u00e8re de la Justice sous pression.<\/p>\n<p>Face \u00e0 ce toll\u00e9, G\u00e9rald Darmanin a tranch\u00e9 : le stage de surf n\u2019aura pas lieu. Cette position s\u2019inscrit dans la ligne de la circulaire qu\u2019il a mise en place d\u00e8s son arriv\u00e9e, limitant fortement les activit\u00e9s dites \u201cludiques\u201d en milieu carc\u00e9ral.<\/p>\n<p>Ce n\u2019est pas la premi\u00e8re fois qu\u2019une telle initiative est annul\u00e9e sous la pression publique. En 2024, un programme similaire \u00e0 Ploemeur avait d\u00e9j\u00e0 \u00e9t\u00e9 stopp\u00e9 net apr\u00e8s une pol\u00e9mique. Pourtant, en mai dernier, le Conseil d\u2019\u00c9tat avait rappel\u00e9 que l\u2019interdiction g\u00e9n\u00e9ralis\u00e9e des activit\u00e9s \u201cludiques\u201d \u00e9tait contraire au code p\u00e9nitentiaire.<\/p>\n","protected":false},"excerpt":{"rendered":"Cr\u00e9dit : Pierrot75005 &#8211; Wikimedia Commons Le Service m\u00e9dico-psychologique r\u00e9gional (SMPR), rattach\u00e9 \u00e0 l\u2019h\u00f4pital Guillaume-R\u00e9gnier, avait prescrit \u00e0&hellip;\n","protected":false},"author":2,"featured_media":297148,"comment_status":"","ping_status":"","sticky":false,"template":"","format":"standard","meta":{"footnotes":""},"categories":[2821],"tags":[1111,11,829,9632,17316,1777,674,1011,27,848,303,12,806,1078,584,43755,25,938,2848,43756],"class_list":{"0":"post-297147","1":"post","2":"type-post","3":"status-publish","4":"format-standard","5":"has-post-thumbnail","7":"category-rennes","8":"tag-actu","9":"tag-actualites","10":"tag-bretagne","11":"tag-darmanin","12":"tag-detenus","13":"tag-eu","14":"tag-europe","15":"tag-fr","16":"tag-france","17":"tag-ille-et-vilaine","18":"tag-justice","19":"tag-news","20":"tag-prison","21":"tag-rassemblement-national","22":"tag-rennes","23":"tag-rennes-vezin","24":"tag-republique-francaise","25":"tag-reseaux-sociaux","26":"tag-rn","27":"tag-thomas-menage"},"share_on_mastodon":{"url":"https:\/\/pubeurope.com\/@fr\/114974019046755658","error":""},"_links":{"self":[{"href":"https:\/\/www.europesays.com\/fr\/wp-json\/wp\/v2\/posts\/297147","targetHints":{"allow":["GET"]}}],"collection":[{"href":"https:\/\/www.europesays.com\/fr\/wp-json\/wp\/v2\/posts"}],"about":[{"href":"https:\/\/www.europesays.com\/fr\/wp-json\/wp\/v2\/types\/post"}],"author":[{"embeddable":true,"href":"https:\/\/www.europesays.com\/fr\/wp-json\/wp\/v2\/users\/2"}],"replies":[{"embeddable":true,"href":"https:\/\/www.europesays.com\/fr\/wp-json\/wp\/v2\/comments?post=297147"}],"version-history":[{"count":0,"href":"https:\/\/www.europesays.com\/fr\/wp-json\/wp\/v2\/posts\/297147\/revisions"}],"wp:featuredmedia":[{"embeddable":true,"href":"https:\/\/www.europesays.com\/fr\/wp-json\/wp\/v2\/media\/297148"}],"wp:attachment":[{"href":"https:\/\/www.europesays.com\/fr\/wp-json\/wp\/v2\/media?parent=297147"}],"wp:term":[{"taxonomy":"category","embeddable":true,"href":"https:\/\/www.europesays.com\/fr\/wp-json\/wp\/v2\/categories?post=297147"},{"taxonomy":"post_tag","embeddable":true,"href":"https:\/\/www.europesays.com\/fr\/wp-json\/wp\/v2\/tags?post=297147"}],"curies":[{"name":"wp","href":"https:\/\/api.w.org\/{rel}","templated":true}]}}