{"id":297158,"date":"2025-08-05T03:33:22","date_gmt":"2025-08-05T03:33:22","guid":{"rendered":"https:\/\/www.europesays.com\/fr\/297158\/"},"modified":"2025-08-05T03:33:22","modified_gmt":"2025-08-05T03:33:22","slug":"girondins-mbaye-niang-revele-son-clash-avec-admar-lopes-a-bordeaux","status":"publish","type":"post","link":"https:\/\/www.europesays.com\/fr\/297158\/","title":{"rendered":"Girondins : Mbaye Niang r\u00e9v\u00e8le son clash avec Admar Lopes \u00e0 Bordeaux"},"content":{"rendered":"<p><img decoding=\"async\" src=\"https:\/\/www.europesays.com\/fr\/wp-content\/uploads\/2025\/08\/671_3ceabb83b0fb02fb2d0c45a7a558d579.jpg\" alt=\"Girondins : Mbaye Niang r\u00e9v\u00e8le son clash avec Admar Lopes \u00e0 Bordeaux\" class=\"img-responsive mt-3\"\/><\/p>\n<p class=\"text-center mb-3\" style=\"font-size: 14px\">\u00a9 Iconsport<\/p>\n<p>      <strong>\u00ab\u00a0Je ne suis pas ing\u00e9rable\u00a0\u00bb<\/strong><\/p>\n<p style=\"text-align: justify;\">Mbaye Niang dans <a href=\"https:\/\/www.youtube.com\/watch?v=OcMGwJTrFg0\" target=\"_blank\" rel=\"noopener\">Carr\u00e9<\/a> : \u00ab\u00a0Je ne suis pas ing\u00e9rable. Tant que je ne te manque pas de respect, si je peux l&rsquo;ouvrir, je l&rsquo;ouvre. Admar Lopes, je ne l&rsquo;ai pas appel\u00e9 pour lui dire de me faire signer \u00e0 Bordeaux en connaissant la situation. Ils sont venus me chercher avec G\u00e9rard Lopez, tout allait bien jusqu&rsquo;\u00e0 ce qu&rsquo;ils voient que \u00e7a sentait la patate vers la fin et le risque de tomber (en Ligue 2). Tu vois le vrai visage des gens \u00e0 ce moment-l\u00e0.\u00a0\u00bb<\/p>\n<p><strong>\u00ab\u00a0\u00c9coute-moi Admar, pour moi, tu n&rsquo;es pas un directeur sportif\u00a0\u00bb<\/strong><\/p>\n<p style=\"text-align: justify;\">\u00ab\u00a0Un jour, je dis \u00e0 Admar, on va dans le caf\u00e9, on s&rsquo;enferme tous les deux et on s&rsquo;explique. Je lui ai dit : \u00ab\u00a0C&rsquo;est quoi ton probl\u00e8me avec moi ?\u00a0\u00bb. Il me r\u00e9pond : \u00ab\u00a0Tu as fait un foot salle avec des mecs de M\u00e9rignac\u00a0\u00bb. Je lui dis, non, je n&rsquo;ai pas fait de Foot Salle, je suis trop grand pour \u00e7a. Il a voulu ensuite parler devant tout le monde et on s&rsquo;est \u00e9chang\u00e9 des mots. Il est parti dans les tours. Je lui dis : \u00ab\u00a0\u00c9coute-moi Admar, pour moi, tu n&rsquo;es pas un directeur sportif, tu es un pion, tu n&rsquo;as rien a me prouver et je ne vais pas t&rsquo;\u00e9couter. Ram\u00e8ne ta lettre de mise \u00e0 pied et je ne jouerai pas. Comme \u00e7a tu ne diras pas que c&rsquo;est un choix technique.\u00a0\u00bb<\/p>\n<p style=\"text-align: justify;\">\u00c0 lire aussi &gt;&gt; <strong><a href=\"https:\/\/www.webgirondins.com\/actualite-girondins-jean-pierre-papin-les-girondins-ont-la-base-pour-faire-quelque-chose-de-bien-129932\" target=\"_blank\" rel=\"noopener\">Jean-Pierre Papin : \u00ab\u00a0Les Girondins ont la base pour faire quelque chose de bien\u00a0\u00bb<\/a><\/strong><\/p>\n<p style=\"text-align: justify;\">Notre podcast court \u00e0 \u00e9couter :<\/p>\n","protected":false},"excerpt":{"rendered":"\u00a9 Iconsport \u00ab\u00a0Je ne suis pas ing\u00e9rable\u00a0\u00bb Mbaye Niang dans Carr\u00e9 : \u00ab\u00a0Je ne suis pas ing\u00e9rable. Tant&hellip;\n","protected":false},"author":2,"featured_media":297159,"comment_status":"","ping_status":"","sticky":false,"template":"","format":"standard","meta":{"footnotes":""},"categories":[2817],"tags":[1111,11,43758,4255,13771,3396,1997,12232,6074,2120,7889,1777,674,1011,27,8294,1987,11750,8295,1613,12,43757,2219,25,7932,7499],"class_list":{"0":"post-297158","1":"post","2":"type-post","3":"status-publish","4":"format-standard","5":"has-post-thumbnail","7":"category-bordeaux","8":"tag-actu","9":"tag-actualites","10":"tag-admar","11":"tag-ancien","12":"tag-attaquant","13":"tag-avec","14":"tag-bordeaux","15":"tag-clash","16":"tag-confie","17":"tag-conflit","18":"tag-directeur","19":"tag-eu","20":"tag-europe","21":"tag-fr","22":"tag-france","23":"tag-gerard","24":"tag-girondins","25":"tag-lopes","26":"tag-lopez","27":"tag-mbaye","28":"tag-news","29":"tag-niang","30":"tag-nouvelle-aquitaine","31":"tag-republique-francaise","32":"tag-revele","33":"tag-sportif"},"share_on_mastodon":{"url":"https:\/\/pubeurope.com\/@fr\/114974058382564813","error":""},"_links":{"self":[{"href":"https:\/\/www.europesays.com\/fr\/wp-json\/wp\/v2\/posts\/297158","targetHints":{"allow":["GET"]}}],"collection":[{"href":"https:\/\/www.europesays.com\/fr\/wp-json\/wp\/v2\/posts"}],"about":[{"href":"https:\/\/www.europesays.com\/fr\/wp-json\/wp\/v2\/types\/post"}],"author":[{"embeddable":true,"href":"https:\/\/www.europesays.com\/fr\/wp-json\/wp\/v2\/users\/2"}],"replies":[{"embeddable":true,"href":"https:\/\/www.europesays.com\/fr\/wp-json\/wp\/v2\/comments?post=297158"}],"version-history":[{"count":0,"href":"https:\/\/www.europesays.com\/fr\/wp-json\/wp\/v2\/posts\/297158\/revisions"}],"wp:featuredmedia":[{"embeddable":true,"href":"https:\/\/www.europesays.com\/fr\/wp-json\/wp\/v2\/media\/297159"}],"wp:attachment":[{"href":"https:\/\/www.europesays.com\/fr\/wp-json\/wp\/v2\/media?parent=297158"}],"wp:term":[{"taxonomy":"category","embeddable":true,"href":"https:\/\/www.europesays.com\/fr\/wp-json\/wp\/v2\/categories?post=297158"},{"taxonomy":"post_tag","embeddable":true,"href":"https:\/\/www.europesays.com\/fr\/wp-json\/wp\/v2\/tags?post=297158"}],"curies":[{"name":"wp","href":"https:\/\/api.w.org\/{rel}","templated":true}]}}