{"id":297168,"date":"2025-08-05T03:39:11","date_gmt":"2025-08-05T03:39:11","guid":{"rendered":"https:\/\/www.europesays.com\/fr\/297168\/"},"modified":"2025-08-05T03:39:11","modified_gmt":"2025-08-05T03:39:11","slug":"electro-conte-et-rap-animent-le-parc-longchamp-toute-la-semaine","status":"publish","type":"post","link":"https:\/\/www.europesays.com\/fr\/297168\/","title":{"rendered":"\u00e9lectro, conte et rap animent le parc Longchamp toute la semaine"},"content":{"rendered":"\n<p>L\u2019\u00c9t\u00e9 marseillais infuse, cette semaine, au parc Longchamp, o\u00f9 la mairie des 4e &amp; 5e arrondissements propose trois rendez-vous gratuits en plein air.<\/p>\n<p>D\u00e8s ce mardi 5\u00a0ao\u00fbt, du c\u00f4t\u00e9 du kiosque \u00e0 musique, entre bar et food-truck, le plateau du parc marseillais s\u2019ambiancera pour le quatri\u00e8me des cinq Ap\u00e9ros du 4-5* programm\u00e9s durant tout l\u2019\u00e9t\u00e9. Pour cette nouvelle soir\u00e9e plac\u00e9e sous le signe du chill et de l\u2019\u00e9lectro, c\u2019est Marsatac qui prendra la main apr\u00e8s trois cartes blanches offertes au Makeda, la mythique salle de la rue Ferrari. Le festival marseillais a convi\u00e9 quatre DJ aux styles bien marqu\u00e9s.<\/p>\n<p>Ap\u00e9ro \u00e9lectro<\/p>\n<p>La soir\u00e9e s\u2019ouvrira sur un \u00ab\u00a0back-to-back\u00a0\u00bb entre Slo et Dayvin (18h30). Le principe est simple et jubilatoire\u00a0: \u00e0 \u00ab\u00a0tour de r\u00f4le\u00a0\u00bb, les deux artistes passent leurs morceaux et se r\u00e9pondent dans une sorte de bataille sonore improvis\u00e9e. Les sons afro-carib\u00e9ens des deux DJ r\u00e9sidents du Caribbean Vybz feront monter l\u2019ambiance avant que Nola Darling, aka Nol4.44, ne s\u2019empare des platines (20h) pour un set \u00e9lectrique, endiabl\u00e9 et dansant dont elle a le secret, entre afrobeat, techno, baile funk et shatta. C\u2019est Akalex, producteur, DJ et \u00e9lectron libre, \u00e0 l\u2019\u00e9nergie contagieuse, qui viendra conclure la soir\u00e9e (21h30). Adoub\u00e9 par Diplo et fondateur du collectif C\u2019est La\u00a0Teuf, le Mulhousien s\u2019est impos\u00e9 comme une figure montante de l\u2019\u00e9lectro fran\u00e7aise, conqu\u00e9rant les sc\u00e8nes de Paris, Berlin et Londres. En juin dernier, il avait enflamm\u00e9 le festival Solidays avec un set survolt\u00e9.<\/p>\n<p>Conte africain<\/p>\n<p>Jeudi, dans le cadre de C\u00f4t\u00e9 jardin**, le Pied nu th\u00e9\u00e2tre, compagnie cr\u00e9\u00e9e par Mohamed Adi en 1983 \u00e0 Marseille pour faire d\u00e9couvrir les arts et pratiques du th\u00e9\u00e2tre, de la musique, du chant, du conte, du cin\u00e9ma \u00e0 travers les cultures m\u00e9tiss\u00e9es, proposera un magnifique conte burkinab\u00e9 pour enfants, au jardin de la gare de la Blancarde. Les g\u00e9nies du baobab, un r\u00e9cit envo\u00fbtant, nous m\u00e8ne dans les pas de N\u00e9r\u00e9 un homme pauvre et g\u00e9n\u00e9reux qui, un soir, quitte son village, ne souhaitant plus \u00eatre \u00e0 la charge de personne. En chemin, il s\u2019endort au pied d\u2019un grand baobab et au milieu de la nuit, entend parler. R\u00eave ou r\u00e9alit\u00e9\u00a0? Ce conte mossi plein de sagesse et d\u2019humanit\u00e9, entre animaux fantastiques et justice humaine, est l\u2019adaptation en musique d\u2019un texte (2003) de Jean-No\u00ebl Sibiri Ouedraogo. De quoi faire r\u00eaver petits et grands.<\/p>\n<p>Rap de la Plaine<\/p>\n<p>Retour au kiosque enfin, samedi 9\u00a0ao\u00fbt, pour un nouveau rendez-vous musical \u00e0 l\u2019occasion de \u00e7a me dit au kiosque*. Pour cette premi\u00e8re du mois d\u2019ao\u00fbt, c\u2019est \u00ab\u00a0la rappeuse de la Plaine\u00a0\u00bb, Dilome, qui se produira sur sc\u00e8ne dans le cadre d\u2019un concert cor\u00e9alis\u00e9 avec BMC\u00a0Marseille. Artiste compl\u00e8te, laur\u00e9ate du Tremplin mars en 2024, celle qui puise son inspiration au sein de son v\u00e9cu, \u00ab\u00a0vit Marseille, se l\u00e8ve Marseille et dort Marseille\u00a0\u00bb. Avec sa gestuelle de boxeuse et ses punchlines \u00e0 couper le souffle, elle emm\u00e8ne son public dans un univers entre drill et jersey.<\/p>\n<p>* \u00ab\u00a0Les ap\u00e9ros des 4-5\u00a0\u00bb avec Slo B2B Dayvin, Nol4.44 et Akalex, mardi 5\u00a0ao\u00fbt de 18h30 \u00e0 23h, au kiosque \u00e0 musique, entr\u00e9e libre.<\/p>\n<p>** \u00ab\u00a0C\u00f4t\u00e9 jardin\u00a0\u00bb, Les g\u00e9nies du baobab (\u00e0 partir de 5 ans), jeudi 7\u00a0ao\u00fbt de 18h \u00e019h, au jardin de la gare de la Blancarde, entr\u00e9e libre et gratuite.<\/p>\n<p>*** \u00ab\u00a0\u00c7a me dit au kiosque\u00a0\u00bb avec Dilome, samedi 9\u00a0ao\u00fbt de 17h30 \u00e0 18h30, au kiosque \u00e0 musique, entr\u00e9e libre.<\/p>\n","protected":false},"excerpt":{"rendered":"L\u2019\u00c9t\u00e9 marseillais infuse, cette semaine, au parc Longchamp, o\u00f9 la mairie des 4e &amp; 5e arrondissements propose trois&hellip;\n","protected":false},"author":2,"featured_media":297169,"comment_status":"","ping_status":"","sticky":false,"template":"","format":"standard","meta":{"footnotes":""},"categories":[2814],"tags":[1111,11,13435,1777,674,1011,27,884,12,882,25],"class_list":{"0":"post-297168","1":"post","2":"type-post","3":"status-publish","4":"format-standard","5":"has-post-thumbnail","7":"category-marseille","8":"tag-actu","9":"tag-actualites","10":"tag-contes","11":"tag-eu","12":"tag-europe","13":"tag-fr","14":"tag-france","15":"tag-marseille","16":"tag-news","17":"tag-provence-alpes-cote-dazur","18":"tag-republique-francaise"},"share_on_mastodon":{"url":"https:\/\/pubeurope.com\/@fr\/114974081981333441","error":""},"_links":{"self":[{"href":"https:\/\/www.europesays.com\/fr\/wp-json\/wp\/v2\/posts\/297168","targetHints":{"allow":["GET"]}}],"collection":[{"href":"https:\/\/www.europesays.com\/fr\/wp-json\/wp\/v2\/posts"}],"about":[{"href":"https:\/\/www.europesays.com\/fr\/wp-json\/wp\/v2\/types\/post"}],"author":[{"embeddable":true,"href":"https:\/\/www.europesays.com\/fr\/wp-json\/wp\/v2\/users\/2"}],"replies":[{"embeddable":true,"href":"https:\/\/www.europesays.com\/fr\/wp-json\/wp\/v2\/comments?post=297168"}],"version-history":[{"count":0,"href":"https:\/\/www.europesays.com\/fr\/wp-json\/wp\/v2\/posts\/297168\/revisions"}],"wp:featuredmedia":[{"embeddable":true,"href":"https:\/\/www.europesays.com\/fr\/wp-json\/wp\/v2\/media\/297169"}],"wp:attachment":[{"href":"https:\/\/www.europesays.com\/fr\/wp-json\/wp\/v2\/media?parent=297168"}],"wp:term":[{"taxonomy":"category","embeddable":true,"href":"https:\/\/www.europesays.com\/fr\/wp-json\/wp\/v2\/categories?post=297168"},{"taxonomy":"post_tag","embeddable":true,"href":"https:\/\/www.europesays.com\/fr\/wp-json\/wp\/v2\/tags?post=297168"}],"curies":[{"name":"wp","href":"https:\/\/api.w.org\/{rel}","templated":true}]}}