{"id":297173,"date":"2025-08-05T03:44:14","date_gmt":"2025-08-05T03:44:14","guid":{"rendered":"https:\/\/www.europesays.com\/fr\/297173\/"},"modified":"2025-08-05T03:44:14","modified_gmt":"2025-08-05T03:44:14","slug":"le-20-aout-destination-paris-pour-les-oublies-des-vacances-du-calvados","status":"publish","type":"post","link":"https:\/\/www.europesays.com\/fr\/297173\/","title":{"rendered":"Le 20\u00a0ao\u00fbt, destination Paris pour les Oubli\u00e9s des vacances du Calvados"},"content":{"rendered":"<p>Elles promettent une <strong>\u00ab\u00a0journ\u00e9e de ouf\u00a0\u00bb.<\/strong> Les \u00e9quipes de la f\u00e9d\u00e9ration du Calvados du Secours populaire organisent mercredi 20\u00a0ao\u00fbt 2025 leur traditionnelle <a href=\"https:\/\/trouville-deauville.maville.com\/actu\/actudet_--leur-quotidien-c-est-le-beton-avec-le-secours-populaire-ces-jeunes-sur-le-sable-de-cabourg-_4-6888025_actu.Htm\" target=\"_blank\" rel=\"noopener\">Journ\u00e9e des Oubli\u00e9s des vacances.<\/a> D\u2019ici une quinzaine de jours,<strong> \u00ab\u00a0plusieurs centaines d\u2019enfants du Calvados\u00a0\u00bb<\/strong> vont prendre la route vers Paris.<\/p>\n<p><strong>Lire aussi\u00a0:<\/strong> <a href=\"https:\/\/trouville-deauville.maville.com\/actu\/actudet_--leur-quotidien-c-est-le-beton-avec-le-secours-populaire-ces-jeunes-sur-le-sable-de-cabourg-_4-6888025_actu.Htm\" target=\"_blank\" rel=\"noopener\"> \u00ab\u00a0Leur quotidien, c\u2019est le b\u00e9ton\u00a0\u00bb\u00a0: avec le Secours populaire ces jeunes sur le sable de Cabourg<\/a><\/p>\n<p>Versailles et Tour Eiffel<\/p>\n<p>Au programme\u00a0: \u00ab<strong>\u00a0Une matin\u00e9e d\u00e9couverte dans <a href=\"https:\/\/paris.maville.com\/actu\/actudet_-chateau-de-versailles-une-visite-en-realite-virtuelle-pour-explorer-ses-jardins-disparus-_54135-6737633_actu.Htm\" target=\"_blank\" rel=\"noopener\">les jardins de Versailles<\/a> et au Trianon\u00a0\u00bb, puis \u00ab\u00a0un pique-nique g\u00e9ant sur <a href=\"https:\/\/rennes.maville.com\/actu\/actudet_-en-images.-pour-le-14-juillet-la-tour-eiffel-illuminee-de-mille-feux-_54135-6900027_actu.Htm\" target=\"_blank\" rel=\"noopener\">le Champ-de-Mars\u00a0\u00bb,<\/a> <\/strong> <a href=\"https:\/\/rennes.maville.com\/actu\/actudet_-en-images.-pour-le-14-juillet-la-tour-eiffel-illuminee-de-mille-feux-_54135-6900027_actu.Htm\" target=\"_blank\" rel=\"noopener\"> face \u00e0 la Tour Eiffel<\/a>.<strong> \u00ab\u00a0L\u2019apr\u00e8s-midi se transformera en v\u00e9ritable festival avec plus de 160\u00a0animations sur le Champ-de-Mars, avant de se cl\u00f4turer par un karaok\u00e9 g\u00e9ant et un concert exceptionnel\u00a0\u00bb,<\/strong> poursuit l\u2019association. L\u2019objectif est simple\u00a0: <strong>\u00ab\u00a0Repartir avec des souvenirs de ouf\u00a0\u00bb.<\/strong><\/p>\n<p>Au total, ce sont quelque 80\u00a0000\u00a0enfants venus d\u2019un peu partout en France qui se retrouveront \u00e0 Paris. L\u2019occasion, pour le Secours populaire, de f\u00eater son 80e anniversaire.<\/p>\n<p>\u00a0<\/p>\n","protected":false},"excerpt":{"rendered":"Elles promettent une \u00ab\u00a0journ\u00e9e de ouf\u00a0\u00bb. Les \u00e9quipes de la f\u00e9d\u00e9ration du Calvados du Secours populaire organisent mercredi&hellip;\n","protected":false},"author":2,"featured_media":297174,"comment_status":"","ping_status":"","sticky":false,"template":"","format":"standard","meta":{"footnotes":""},"categories":[1888],"tags":[4307,1111,1928,11,1927,2863,5492,5164,10009,1777,674,1011,27,12,1926,37317,626,1925,25,2528],"class_list":{"0":"post-297173","1":"post","2":"type-post","3":"status-publish","4":"format-standard","5":"has-post-thumbnail","7":"category-paris","8":"tag-4307","9":"tag-actu","10":"tag-actu-paris","11":"tag-actualites","12":"tag-actualites-paris","13":"tag-aout","14":"tag-caen","15":"tag-calvados","16":"tag-destination","17":"tag-eu","18":"tag-europe","19":"tag-fr","20":"tag-france","21":"tag-news","22":"tag-news-paris","23":"tag-oublies","24":"tag-paris","25":"tag-paris-news","26":"tag-republique-francaise","27":"tag-vacances"},"share_on_mastodon":{"url":"https:\/\/pubeurope.com\/@fr\/114974101770538774","error":""},"_links":{"self":[{"href":"https:\/\/www.europesays.com\/fr\/wp-json\/wp\/v2\/posts\/297173","targetHints":{"allow":["GET"]}}],"collection":[{"href":"https:\/\/www.europesays.com\/fr\/wp-json\/wp\/v2\/posts"}],"about":[{"href":"https:\/\/www.europesays.com\/fr\/wp-json\/wp\/v2\/types\/post"}],"author":[{"embeddable":true,"href":"https:\/\/www.europesays.com\/fr\/wp-json\/wp\/v2\/users\/2"}],"replies":[{"embeddable":true,"href":"https:\/\/www.europesays.com\/fr\/wp-json\/wp\/v2\/comments?post=297173"}],"version-history":[{"count":0,"href":"https:\/\/www.europesays.com\/fr\/wp-json\/wp\/v2\/posts\/297173\/revisions"}],"wp:featuredmedia":[{"embeddable":true,"href":"https:\/\/www.europesays.com\/fr\/wp-json\/wp\/v2\/media\/297174"}],"wp:attachment":[{"href":"https:\/\/www.europesays.com\/fr\/wp-json\/wp\/v2\/media?parent=297173"}],"wp:term":[{"taxonomy":"category","embeddable":true,"href":"https:\/\/www.europesays.com\/fr\/wp-json\/wp\/v2\/categories?post=297173"},{"taxonomy":"post_tag","embeddable":true,"href":"https:\/\/www.europesays.com\/fr\/wp-json\/wp\/v2\/tags?post=297173"}],"curies":[{"name":"wp","href":"https:\/\/api.w.org\/{rel}","templated":true}]}}