{"id":297180,"date":"2025-08-05T03:48:29","date_gmt":"2025-08-05T03:48:29","guid":{"rendered":"https:\/\/www.europesays.com\/fr\/297180\/"},"modified":"2025-08-05T03:48:29","modified_gmt":"2025-08-05T03:48:29","slug":"guerre-en-ukraine-zelensky-a-rendu-visite-a-des-troupes-pres-de-kharkiv","status":"publish","type":"post","link":"https:\/\/www.europesays.com\/fr\/297180\/","title":{"rendered":"Guerre en Ukraine : Zelensky a rendu visite \u00e0 des troupes pr\u00e8s de Kharkiv"},"content":{"rendered":"<ul class=\"jsx-862013697 ArticleChapo__List\">\n<li class=\"jsx-862013697 ArticleChapo__List_Item flex\">Le pr\u00e9sident ukrainien s&rsquo;est rendu sur le front ce lundi.<\/li>\n<li class=\"jsx-862013697 ArticleChapo__List_Item flex\">Il a rendu visite \u00e0 des troupes ukrainiennes pr\u00e8s de Kharkiv.<\/li>\n<li class=\"jsx-862013697 ArticleChapo__List_Item flex\">Suivez les derni\u00e8res informations sur le conflit.<\/li>\n<\/ul>\n<p><a href=\"https:\/\/www.tf1info.fr\/actualite\/invasion-de-l-ukraine-par-la-russie-une-guerre-qui-dure-12951\/\" rel=\"noopener\" class=\"jsx-484472199 Link jsx-1428418400 jsx-554215408\" target=\"_blank\"><\/p>\n<p style=\"font-weight:400\" class=\"jsx-1837267516\">Suivez la couverture compl\u00e8te<\/p>\n<p style=\"font-weight:800\" class=\"jsx-1837267516\">Ukraine : 4\u1d49 ann\u00e9e de guerre<\/p>\n<p><\/a>Minute par minuteSANCTIONS AMERICAINES20:03<br class=\"jsx-494582681\"\/> 4 ao\u00fbt 2025<\/p>\n<p>Le pr\u00e9sident am\u00e9ricain Donald Trump a menac\u00e9 lundi d&rsquo;augmenter \u00ab\u00a0significativement\u00a0\u00bb la surtaxe de 25% qu&rsquo;il pr\u00e9voit de mettre en place sur les produits en provenance d&rsquo;Inde, pays auquel il reproche d&rsquo;acheter de \u00ab\u00a0grandes quantit\u00e9s de p\u00e9trole russe\u00a0\u00bb.<\/p>\n<p>Les Indiens \u00ab\u00a0ne se soucient pas du nombre de personnes qui sont tu\u00e9es en Ukraine par la machine de guerre russe\u00a0\u00bb, affirme le chef de l&rsquo;Etat dans un message sur sa plateforme Truth Social.<\/p>\n<p>\u00ab\u00a0A cause de cela, je vais significativement augmenter les droits de douane pay\u00e9s par l&rsquo;Inde aux Etats-Unis\u00a0\u00bb, ajoute-t-il.<\/p>\n<p>\u00ab\u00a0Cibler l&rsquo;Inde est injustifi\u00e9 et d\u00e9raisonnable\u00a0\u00bb, a d\u00e9clar\u00e9 le porte-parole du minist\u00e8re indien des Affaires \u00e9trang\u00e8res, Randhir Jaiswal, ajoutant que \u00ab\u00a0comme toutes les \u00e9conomies de premier plan, l&rsquo;Inde va prendre les mesures n\u00e9cessaires pour pr\u00e9server ses int\u00e9r\u00eats nationaux et sa s\u00e9curit\u00e9 \u00e9conomique\u00a0\u00bb.<\/p>\n<p>ZELENSKY SUR LA LIGNE DE FRONT16:23<br class=\"jsx-494582681\"\/> 4 ao\u00fbt 2025<\/p>\n<p>\u00ab\u00a0Aujourd&rsquo;hui, j&rsquo;\u00e9tais avec ceux qui d\u00e9fendaient notre pays dans la direction de Vovchansk\u00a0\u00bb , a \u00e9crit le pr\u00e9sident ukrainien Volodymyr Zelensky sur X. Vovtchansk est situ\u00e9e \u00e0 cinq kilom\u00e8tres de la fronti\u00e8re russe et a quasiment \u00e9t\u00e9 ras\u00e9e par les bombardements de l&rsquo;arm\u00e9e russe depuis son offensive dans cette zone en mai 2024.\u00a0<\/p>\n<p>\u00ab\u00a0Nos combattants dans ce secteur signalent la participation de mercenaires venus de Chine, du Tadjikistan, d&rsquo;Ouzb\u00e9kistan, du Pakistan et de pays africains \u00e0 la guerre\u00a0\u00bb, \u00a0a-t-il \u00e9galement rapport\u00e9, ajoutant, \u00ab\u00a0Nous vous r\u00e9pondrons.\u00a0\u00bb<\/p>\n<blockquote data-testid=\"EmbedTwitter\" id=\"tweet-1952367492388585542-:R1pi9lkmcmj9n79m:\" class=\"jsx-aeff1a1c40f54d7a twitter-tweet flex justify-center items-center\"><p>Today, I was with those defending our country in the Vovchansk direction \u2013 the warriors of the 17th Separate Motorized Infantry Battalion of the 57th Brigade named after Kish Otaman Kost Hordiienko. We spoke with commanders about the frontline situation, the defense of\u2026  pic.twitter.com\/40XsGHZU0T \u2014 Volodymyr Zelenskyy \/ \u0412\u043e\u043b\u043e\u0434\u0438\u043c\u0438\u0440 \u0417\u0435\u043b\u0435\u043d\u0441\u044c\u043a\u0438\u0439 (@ZelenskyyUa)  August 4, 2025<\/p><\/blockquote>\n<p>UNE VISITE \u00ab\u00a0IMPORTANTE\u00a0\u00bb11:32<br class=\"jsx-494582681\"\/> 4 ao\u00fbt 2025<\/p>\n<p>La visite de l&rsquo;\u00e9missaire de Donald Trump, Steve Witkoff, attendu en Russie cette semaine, \u00e0 quelques jours de l&rsquo;expiration de l&rsquo;ultimatum pos\u00e9 par le pr\u00e9sident am\u00e9ricain \u00e0 son homologue russe Vladimir Poutine pour qu&rsquo;il arr\u00eate son offensive en Ukraine, sera \u00ab\u00a0importante et utile\u00a0\u00bb, a estim\u00e9 le Kremlin. \u00ab\u00a0Nous sommes toujours heureux de voir M. Witkoff \u00e0 Moscou et toujours ravis d&rsquo;\u00eatre en contact avec lui. Nous pensons que ces contacts sont importants, constructifs et utiles\u00a0\u00bb, a d\u00e9clar\u00e9 le porte-parole de la pr\u00e9sidence russe, Dmitri Peskov, lors d&rsquo;un briefing auquel participe l&rsquo;AFP, ajoutant qu&rsquo;une rencontre avec Vladimir Poutine n&rsquo;\u00e9tait \u00ab\u00a0pas exclue\u00a0\u00bb.<\/p>\n<p>SOUS-MARINS11:26<br class=\"jsx-494582681\"\/> 4 ao\u00fbt 2025<\/p>\n<p>Le Kremlin a appel\u00e9 \u00e0 faire preuve d&rsquo;une \u00ab\u00a0grande prudence\u00a0\u00bb dans les menaces nucl\u00e9aires apr\u00e8s le d\u00e9ploiement vendredi par Donald Trump de deux sous-marins, en r\u00e9action \u00e0 des commentaires de l&rsquo;ex-pr\u00e9sident russe Dmitri Medvedev. \u00ab\u00a0Nous pensons que tout le monde doit faire preuve d&rsquo;une grande prudence dans ses d\u00e9clarations sur le nucl\u00e9aire\u00a0\u00bb, a d\u00e9clar\u00e9 le porte-parole de la pr\u00e9sidence russe, Dmitri Peskov, lors d&rsquo;un briefing auquel a particip\u00e9 l&rsquo;AFP.<\/p>\n<p>DEPLACEMENT09:08<br class=\"jsx-494582681\"\/> 4 ao\u00fbt 2025<\/p>\n<p>Donald Trump a confirm\u00e9 une visite de son \u00e9missaire Steve Witkoff en Russie, \u00ab\u00a0mercredi ou jeudi\u00a0\u00bb. Une rencontre intervenant apr\u00e8s l&rsquo;ultimatum lanc\u00e9 par le pr\u00e9sident am\u00e9ricain au pr\u00e9sident russe, Vladimir Poutine, \u00e0 qui il a donn\u00e9 \u00ab\u00a010 jours\u00a0\u00bb pour mettre un terme \u00e0 la guerre en Ukraine.<\/p>\n<p>International<img decoding=\"async\" src=\"https:\/\/www.europesays.com\/fr\/wp-content\/uploads\/2025\/08\/witkoff-et-trump-69f46e-0@1x.jpeg\" alt=\"Donald Trump et son \u00e9missaire, Steve Witkoff, le 28 mai 2025. \" loading=\"lazy\" importance=\"low\" fetchpriority=\"low\" class=\"\" aria-hidden=\"true\"\/>WITKOFF EN UKRAINE CETTE SEMAINE06:35<br class=\"jsx-494582681\"\/> 4 ao\u00fbt 2025<\/p>\n<p>Donald Trump a confirm\u00e9 dimanche la visite de son envoy\u00e9 sp\u00e9cial Steve Witkoff en Russie \u00ab\u00a0mercredi ou jeudi\u00a0\u00bb, apr\u00e8s avoir fix\u00e9 un ultimatum au pr\u00e9sident russe pour mettre fin \u00e0 la guerre en Ukraine.<\/p>\n<p>Le pr\u00e9sident am\u00e9ricain a \u00e9galement d\u00e9clar\u00e9 que deux sous-marins nucl\u00e9aires dont il avait ordonn\u00e9 le d\u00e9ploiement \u00e0 la suite d&rsquo;une dispute en ligne avec l&rsquo;ancien pr\u00e9sident russe Dmitri Medvedev se trouvaient d\u00e9sormais \u00ab\u00a0dans la r\u00e9gion\u00a0\u00bb.<\/p>\n<p>BONJOUR \u00c0 TOUS06:33<br class=\"jsx-494582681\"\/> 4 ao\u00fbt 2025<\/p>\n<p>Bonjour \u00e0 toutes et \u00e0 tous et bienvenue dans ce direct du lundi 4 ao\u00fbt 2025 consacr\u00e9 \u00e0 la guerre en Ukraine.<\/p>\n<p data-module=\"article-paragraph\" class=\"jsx-3046738180 Paragraph\">Une attaque de drones ukrainiens a provoqu\u00e9 un incendie dans un d\u00e9p\u00f4t p\u00e9trolier de Sotchi, cit\u00e9 baln\u00e9aire du sud-ouest de la Russie connue pour avoir accueilli les Jeux olympiques de 2014, ont indiqu\u00e9 les autorit\u00e9s locales dimanche. \u00ab\u00a0Sotchi a subi une attaque de drone de la part du r\u00e9gime de Kiev cette nuit\u00a0\u00bb, a indiqu\u00e9 sur Telegram le gouverneur de la r\u00e9gion de Krasnodar, V\u00e9niamine Kondratiev. Les d\u00e9bris d&rsquo;un drone ont touch\u00e9 un \u00ab\u00a0r\u00e9servoir de produits p\u00e9troliers, ce qui a provoqu\u00e9 un incendie\u00a0\u00bb, a-t-il dit.<\/p>\n<p data-module=\"article-paragraph\" class=\"jsx-3046738180 Paragraph Paragraph__End\">Le maire de Sotchi, Andre\u00ef Prochounine, a affirm\u00e9 en fin d&rsquo;apr\u00e8s-midi que le feu avait \u00e9t\u00e9 \u00e9teint au d\u00e9p\u00f4t p\u00e9trolier. Selon les autorit\u00e9s r\u00e9gionales, une femme a \u00e9t\u00e9 bless\u00e9e par des d\u00e9bris de drones \u00e0 Sotchi, mais sa vie n&rsquo;est \u00ab\u00a0pas en danger\u00a0\u00bb. Le trafic a\u00e9rien a \u00e9t\u00e9 interrompu \u00e0 l&rsquo;a\u00e9roport de Sotchi, avant de reprendre un peu plus tard, selon l&rsquo;agence russe de r\u00e9gulation du transport a\u00e9rien, Rosaviatsia. Les frappes contre Sotchi, situ\u00e9e \u00e0 plus de 500km du front ukrainien, sont rares par rapport \u00e0 d&rsquo;autres villes russes.<\/p>\n<p><a href=\"https:\/\/www.tf1info.fr\/international\/vatican-leon-xiv-jubile-de-l-eglise-a-rome-nous-sommes-avec-les-jeunes-de-gaza-et-d-ukraine-assure-le-pape-2386721.html\" rel=\"noopener\" class=\"jsx-3308031228 Link flex\" target=\"_blank\"><img decoding=\"async\" src=\"https:\/\/www.europesays.com\/fr\/wp-content\/uploads\/2025\/08\/pape-leon-2031-92d034-0@1x.jpeg\" alt=\"Filippo MONTEFORTE \/ AFP\" loading=\"lazy\" importance=\"low\" fetchpriority=\"low\" class=\"\" aria-hidden=\"true\"\/><\/p>\n<p class=\"jsx-3657663356 ReadMoreArticle__Title\">Lire aussi<\/p>\n<p class=\"jsx-3657663356\">Jubil\u00e9 de l&rsquo;\u00c9glise \u00e0 Rome : \u00ab\u00a0Nous sommes avec les jeunes de Gaza et d&rsquo;Ukraine\u00a0\u00bb, assure le pape L\u00e9on XIV<\/p>\n<p><\/a><\/p>\n<p data-module=\"article-paragraph\" class=\"jsx-3046738180 Paragraph Paragraph__End\">L&rsquo;Ukraine n&rsquo;a pas encore comment\u00e9 l&rsquo;incendie qui s&rsquo;est d\u00e9clar\u00e9 dans la nuit de samedi \u00e0 dimanche. Le pays avait pr\u00e9venu qu&rsquo;il intensifierait ses frappes en Russie en r\u00e9ponse \u00e0 la multiplication ces derni\u00e8res semaines des attaques russes contre son territoire, qui ont provoqu\u00e9 la mort de dizaines de civils. Le minist\u00e8re russe de la D\u00e9fense a affirm\u00e9 que trois drones ukrainiens avaient aussi \u00e9t\u00e9 intercept\u00e9s dans la r\u00e9gion de L\u00e9ningrad, qui comprend la ville de Saint-P\u00e9tersbourg.<\/p>\n<p data-module=\"article-paragraph\" class=\"jsx-3046738180 Paragraph Paragraph__End\">C\u00f4t\u00e9 ukrainien, des frappes nocturnes ont fait un mort et des bless\u00e9s dans des r\u00e9gions du sud et du nord-est, selon les autorit\u00e9s. Un homme a \u00e9t\u00e9 tu\u00e9 dimanche \u00e0 Kherson, grande ville du sud dont les troupes russes sont tr\u00e8s proches, lorsque l&rsquo;arm\u00e9e russe a bombard\u00e9 un pont sur lequel il se trouvait, selon le bureau du procureur r\u00e9gional. Un missile a aussi fait sept bless\u00e9s dans un quartier r\u00e9sidentiel de Mykola\u00efv, ville m\u00e9ridionale, a indiqu\u00e9 la Premi\u00e8re ministre Ioulia Svyrydenko. Trois autres personnes ont \u00e9t\u00e9 bless\u00e9es dans la r\u00e9gion de Kharkiv (nord-est), a-t-elle ajout\u00e9, les autorit\u00e9s locales faisant aussi \u00e9tat de bless\u00e9s dans la r\u00e9gion de Zaporijia, dans le sud.<\/p>\n<p>La r\u00e9daction de TF1info<\/p>\n<p><script async src=\"https:\/\/platform.twitter.com\/widgets.js\" charset=\"utf-8\"><\/script><\/p>\n","protected":false},"excerpt":{"rendered":"Le pr\u00e9sident ukrainien s&rsquo;est rendu sur le front ce lundi. Il a rendu visite \u00e0 des troupes ukrainiennes&hellip;\n","protected":false},"author":2,"featured_media":287037,"comment_status":"","ping_status":"","sticky":false,"template":"","format":"standard","meta":{"footnotes":""},"categories":[1591],"tags":[1111,11,1921,75,1887,28083,1922,1916,12,1885,1886,132,220,1917,133,1920,135,134],"class_list":{"0":"post-297180","1":"post","2":"type-post","3":"status-publish","4":"format-standard","5":"has-post-thumbnail","7":"category-russie","8":"tag-actu","9":"tag-actualites","10":"tag-article-video","11":"tag-donald-trump","12":"tag-federation-de-russie","13":"tag-guerre-en-ukraine-une-treve-sera-t-elle-possible","14":"tag-info","15":"tag-moscou","16":"tag-news","17":"tag-russia","18":"tag-russian-federation","19":"tag-russie","20":"tag-ukraine","21":"tag-ukraine-4-annee-de-guerre","22":"tag-video","23":"tag-video-international","24":"tag-vladimir-poutine","25":"tag-volodymyr-zelensky"},"share_on_mastodon":{"url":"https:\/\/pubeurope.com\/@fr\/114974117359888601","error":""},"_links":{"self":[{"href":"https:\/\/www.europesays.com\/fr\/wp-json\/wp\/v2\/posts\/297180","targetHints":{"allow":["GET"]}}],"collection":[{"href":"https:\/\/www.europesays.com\/fr\/wp-json\/wp\/v2\/posts"}],"about":[{"href":"https:\/\/www.europesays.com\/fr\/wp-json\/wp\/v2\/types\/post"}],"author":[{"embeddable":true,"href":"https:\/\/www.europesays.com\/fr\/wp-json\/wp\/v2\/users\/2"}],"replies":[{"embeddable":true,"href":"https:\/\/www.europesays.com\/fr\/wp-json\/wp\/v2\/comments?post=297180"}],"version-history":[{"count":0,"href":"https:\/\/www.europesays.com\/fr\/wp-json\/wp\/v2\/posts\/297180\/revisions"}],"wp:featuredmedia":[{"embeddable":true,"href":"https:\/\/www.europesays.com\/fr\/wp-json\/wp\/v2\/media\/287037"}],"wp:attachment":[{"href":"https:\/\/www.europesays.com\/fr\/wp-json\/wp\/v2\/media?parent=297180"}],"wp:term":[{"taxonomy":"category","embeddable":true,"href":"https:\/\/www.europesays.com\/fr\/wp-json\/wp\/v2\/categories?post=297180"},{"taxonomy":"post_tag","embeddable":true,"href":"https:\/\/www.europesays.com\/fr\/wp-json\/wp\/v2\/tags?post=297180"}],"curies":[{"name":"wp","href":"https:\/\/api.w.org\/{rel}","templated":true}]}}