{"id":297183,"date":"2025-08-05T03:50:21","date_gmt":"2025-08-05T03:50:21","guid":{"rendered":"https:\/\/www.europesays.com\/fr\/297183\/"},"modified":"2025-08-05T03:50:21","modified_gmt":"2025-08-05T03:50:21","slug":"visas-certains-paieront-jusqua-15000-dollars-pour-entrer-aux-usa","status":"publish","type":"post","link":"https:\/\/www.europesays.com\/fr\/297183\/","title":{"rendered":"Visas: Certains paieront jusqu\u2019\u00e0 15\u2019000 dollars pour entrer aux USA"},"content":{"rendered":"<p>Publi\u00e95. ao\u00fbt 2025, 03:11<\/p>\n<p>Visas: Certains paieront jusqu\u2019\u00e0 15\u2019000 dollars pour entrer aux USA<\/p>\n<p>Le d\u00e9partement d\u2019\u00c9tat pr\u00e9voit de faire payer tr\u00e8s cher les visas de certains \u00e9trangers voulant se rendre aux \u00c9tats-Unis.<\/p>\n<p><a href=\"https:\/\/www.20min.ch\/fr\/auteurs\/103333179\/agence-france-presse\" class=\"sc-b1f21c84-2 egfiIF\" rel=\"nofollow noopener\" target=\"_blank\"><img decoding=\"async\" alt=\"Agence France-Presse\" src=\"https:\/\/www.europesays.com\/fr\/wp-content\/uploads\/2025\/08\/1754365820_540_09cf394e-d19c-4235-9b46-7e00127afb7f.png\" class=\"sc-b1f21c84-1 iTOvpR\"\/><\/a><img loading=\"lazy\" decoding=\"async\" src=\"https:\/\/www.europesays.com\/fr\/wp-content\/uploads\/2025\/08\/a2d8a754-9b7c-423f-87d2-a4c7aa9d4fea.jpg\" alt=\"Marco Rubio \u00e0 Kuala Lumpur le 11 juillet 2025.\" title=\"Marco Rubio \u00e0 Kuala Lumpur le 11 juillet 2025.\"  width=\"1200\" height=\"801\"\/><\/p>\n<p>Marco Rubio \u00e0 Kuala Lumpur le 11 juillet 2025.<\/p>\n<p>AFP<\/p>\n<p>Jusqu\u2019\u00e0 15\u2019000 dollars: c\u2019est la caution que pourraient devoir payer les \u00e9trangers de certains pays r\u00e9clamant un visa pour se rendre aux \u00c9tats-Unis, dans le cadre d\u2019un projet pilote du d\u00e9partement d\u2019\u00c9tat rendu public lundi.<\/p>\n<p>La d\u00e9cision, qui doit \u00eatre publi\u00e9e mardi dans le registre f\u00e9d\u00e9ral et entrer en vigueur 15 jours apr\u00e8s, s\u2019inscrit dans le cadre des mesures de l\u2019administration Trump pour lutter contre l\u2019immigration ill\u00e9gale. Elle vise en particulier \u00e0 s\u2019assurer que les demandeurs de visas ne restent pas aux \u00c9tats-Unis au-del\u00e0 de la dur\u00e9e autoris\u00e9e de leur s\u00e9jour.<\/p>\n<p>Le projet pilote doit durer 12 mois. D\u2019apr\u00e8s la notice du d\u00e9partement d\u2019\u00c9tat, il concerne aussi bien les voyages touristiques que d\u2019affaires. Cette initiative \u00abrenforce l\u2019engagement de l\u2019administration Trump \u00e0 faire respecter les lois am\u00e9ricaines en mati\u00e8re d\u2019immigration et \u00e0 prot\u00e9ger la s\u00e9curit\u00e9 nationale\u00bb, selon un porte-parole.<\/p>\n<p>Sont concern\u00e9s les \u00abressortissants de pays identifi\u00e9s par le d\u00e9partement d\u2019\u00c9tat comme ayant des taux \u00e9lev\u00e9s de d\u00e9passement de la dur\u00e9e de s\u00e9jour autoris\u00e9e\u00bb ou ceux dont \u00ables informations de contr\u00f4le et de v\u00e9rification sont jug\u00e9es insuffisantes\u00bb, \u00e0 la discr\u00e9tion des agents consulaires.<\/p>\n<p>Pas de liste<\/p>\n<p>Selon le document, quelque 500\u2019000 personnes ont d\u00e9pass\u00e9 la dur\u00e9e autoris\u00e9e de leur s\u00e9jour aux \u00c9tats-Unis au cours de l\u2019ann\u00e9e fiscale 2023 (octobre \u00e0 octobre). Le d\u00e9partement d\u2019\u00c9tat n\u2019a pas communiqu\u00e9 la liste des pays vis\u00e9s. Mais une quarantaine de pays, principalement en Europe, participent \u00e0 un programme d\u2019exemption de visas pour une dur\u00e9e limit\u00e9e de 90 jours.<\/p>\n<p>Ces derniers mois, le pr\u00e9sident am\u00e9ricain a amorc\u00e9 un durcissement des conditions d\u2019octroi de visas pour de nombreux pays, notamment africains, sur fond d\u2019offensive anti-immigration de Washington. Lundi, les \u00c9tats-Unis ont ainsi annonc\u00e9 suspendre la d\u00e9livrance de visas aux ressortissants du Burundi, citant des \u00abviolations r\u00e9p\u00e9t\u00e9es\u00bb des ressortissants de ce pays africain tr\u00e8s pauvre.<\/p>\n<p>Depuis son retour au pouvoir en janvier, Donald Trump a fait de la lutte implacable contre l\u2019immigration clandestine une priorit\u00e9 absolue. Fin juillet, l\u2019ONG Human Rights Watch avait d\u00e9nonc\u00e9 les conditions \u00abd\u00e9gradantes et d\u00e9shumanisantes\u00bb dans plusieurs centres de r\u00e9tention pour migrants.<\/p>\n","protected":false},"excerpt":{"rendered":"Publi\u00e95. ao\u00fbt 2025, 03:11 Visas: Certains paieront jusqu\u2019\u00e0 15\u2019000 dollars pour entrer aux USA Le d\u00e9partement d\u2019\u00c9tat pr\u00e9voit&hellip;\n","protected":false},"author":2,"featured_media":297184,"comment_status":"","ping_status":"","sticky":false,"template":"","format":"standard","meta":{"footnotes":""},"categories":[1589],"tags":[11,73,1866,12,1864,1865,1863,308],"class_list":{"0":"post-297183","1":"post","2":"type-post","3":"status-publish","4":"format-standard","5":"has-post-thumbnail","7":"category-etats-unis","8":"tag-actualites","9":"tag-etats-unis","10":"tag-etats-unis-damerique","11":"tag-news","12":"tag-united-states","13":"tag-united-states-of-america","14":"tag-us","15":"tag-usa"},"share_on_mastodon":{"url":"https:\/\/pubeurope.com\/@fr\/114974125217369014","error":""},"_links":{"self":[{"href":"https:\/\/www.europesays.com\/fr\/wp-json\/wp\/v2\/posts\/297183","targetHints":{"allow":["GET"]}}],"collection":[{"href":"https:\/\/www.europesays.com\/fr\/wp-json\/wp\/v2\/posts"}],"about":[{"href":"https:\/\/www.europesays.com\/fr\/wp-json\/wp\/v2\/types\/post"}],"author":[{"embeddable":true,"href":"https:\/\/www.europesays.com\/fr\/wp-json\/wp\/v2\/users\/2"}],"replies":[{"embeddable":true,"href":"https:\/\/www.europesays.com\/fr\/wp-json\/wp\/v2\/comments?post=297183"}],"version-history":[{"count":0,"href":"https:\/\/www.europesays.com\/fr\/wp-json\/wp\/v2\/posts\/297183\/revisions"}],"wp:featuredmedia":[{"embeddable":true,"href":"https:\/\/www.europesays.com\/fr\/wp-json\/wp\/v2\/media\/297184"}],"wp:attachment":[{"href":"https:\/\/www.europesays.com\/fr\/wp-json\/wp\/v2\/media?parent=297183"}],"wp:term":[{"taxonomy":"category","embeddable":true,"href":"https:\/\/www.europesays.com\/fr\/wp-json\/wp\/v2\/categories?post=297183"},{"taxonomy":"post_tag","embeddable":true,"href":"https:\/\/www.europesays.com\/fr\/wp-json\/wp\/v2\/tags?post=297183"}],"curies":[{"name":"wp","href":"https:\/\/api.w.org\/{rel}","templated":true}]}}