{"id":297185,"date":"2025-08-05T03:51:13","date_gmt":"2025-08-05T03:51:13","guid":{"rendered":"https:\/\/www.europesays.com\/fr\/297185\/"},"modified":"2025-08-05T03:51:13","modified_gmt":"2025-08-05T03:51:13","slug":"laccord-franco-britannique-pour-decourager-limmigration-illegale-entre-en-vigueur-ce-mardi","status":"publish","type":"post","link":"https:\/\/www.europesays.com\/fr\/297185\/","title":{"rendered":"l&rsquo;accord franco-britannique \u00ab\u00a0pour d\u00e9courager l&rsquo;immigration ill\u00e9gale\u00a0\u00bb entre en vigueur ce mardi"},"content":{"rendered":"<p>En parall\u00e8le de cet accord, le minist\u00e8re britannique de l&rsquo;Int\u00e9rieur indique \u00eatre pr\u00eat \u00e0 placer en d\u00e9tention \u00ab\u00a0dans les prochains jours\u00a0\u00bb de premiers migrants susceptibles d&rsquo;\u00eatre envoy\u00e9s en France.<\/p>\n<p>L&rsquo;accord franco-britannique pr\u00e9voyant <a href=\"https:\/\/www.bfmtv.com\/grand-littoral\/traversee-de-la-manche-paris-planche-sur-un-changement-de-doctrine-pour-stopper-les-embarcations-de-migrants_AD-202506180424.html\" title=\"Travers\u00e9e de la Manche: Paris planche sur un changement de &quot;doctrine&quot; pour stopper les embarcations de migrants\" class=\"internal_link\" rel=\"nofollow noopener\" target=\"_blank\">le retour en France de migrants arriv\u00e9s par petit bateau au Royaume-Uni<\/a> en \u00e9change de l&rsquo;envoi outre-Manche de migrants se trouvant en France, entre en vigueur mardi, a annonc\u00e9 ce lundi 4 ao\u00fbt le minist\u00e8re britannique de l&rsquo;Int\u00e9rieur.<\/p>\n<p>Conclu lors de la visite d&rsquo;\u00c9tat du pr\u00e9sident fran\u00e7ais <a href=\"https:\/\/rmc.bfmtv.com\/actualites\/politique\/un-pour-un-un-accord-macron-starmer-pour-un-echange-de-migrants-entre-le-royaume-uni-et-la-france_AV-202507110148.html\" title=\"&quot;Un pour un&quot;: un accord Macron-Starmer pour un \u00e9change de migrants entre le Royaume-Uni et la France\" class=\"internal_link\" rel=\"nofollow noopener\" target=\"_blank\">Emmanuel Macron au Royaume-Uni d\u00e9but juillet<\/a>, cet accord vise \u00e0 dissuader les travers\u00e9es de la Manche sur des embarcations pr\u00e9caires organis\u00e9es par des r\u00e9seaux de passeurs.<\/p>\n<p>Les deux gouvernements ont sign\u00e9 le \u00ab\u00a0texte final la semaine derni\u00e8re\u00a0\u00bb et la Commission europ\u00e9enne a \u00ab\u00a0donn\u00e9 son feu vert \u00e0 cette approche innovante pour d\u00e9courager l&rsquo;immigration ill\u00e9gale\u00a0\u00bb, a indiqu\u00e9 le Home Office dans un communiqu\u00e9.<\/p>\n<p>\u00ab\u00a0D\u00e9manteler le mod\u00e8le \u00e9conomique\u00a0\u00bb des passeurs<\/p>\n<p>Le minist\u00e8re britannique de l&rsquo;Int\u00e9rieur ajoute \u00eatre pr\u00eat \u00e0 placer en d\u00e9tention \u00ab\u00a0dans les prochains jours\u00a0\u00bb de premiers migrants susceptibles d&rsquo;\u00eatre envoy\u00e9s en France.<\/p>\n<p>Il ne pr\u00e9cise pas en revanche combien de personnes seront ainsi \u00e9chang\u00e9es entre les deux pays via cet accord qui est limit\u00e9 dans le temps, jusqu&rsquo;en juin 2026.<\/p>\n<p>La ministre britannique de l&rsquo;Int\u00e9rieur Yvette Cooper a vant\u00e9 \u00ab\u00a0une \u00e9tape importante pour d\u00e9manteler le mod\u00e8le \u00e9conomique\u00a0\u00bb des passeurs et en finir avec l&rsquo;id\u00e9e que les personnes entrant ill\u00e9galement au Royaume-Uni ne peuvent \u00eatre renvoy\u00e9es en France.<\/p>\n<p>Avec un nombre record de plus de 25.400 migrants arriv\u00e9s au Royaume-Uni sur des petits bateaux depuis le d\u00e9but de l&rsquo;ann\u00e9e, le gouvernement travailliste de Keir Starmer est sous pression pour tenter d&rsquo;endiguer ce ph\u00e9nom\u00e8ne.<\/p>\n<p>Les migrants repris par la France seront uniquement ceux arriv\u00e9s au Royaume-Uni par \u00ab\u00a0small boat\u00a0\u00bb et dont la demande d&rsquo;asile est jug\u00e9e inadmissible.<\/p>\n<p>De vives critiques dans le nord de la France<\/p>\n<p>Dans l&rsquo;autre sens, Londres acceptera des migrants ayant fait une demande sur une plateforme en ligne, en donnant la priorit\u00e9 aux ressortissants de nationalit\u00e9s particuli\u00e8rement cibl\u00e9es par les passeurs, mais aussi aux personnes ayant des liens avec le Royaume-Uni.<\/p>\n<p>Les deux gouvernements ont insist\u00e9 sur le fait que les nouveaux arrivants seront soumis de part et d&rsquo;autre de la Manche \u00e0 un examen s\u00e9curitaire complet.<\/p>\n<p>Ce projet a suscit\u00e9 de vives critiques dans le nord de la France, o\u00f9 certains \u00e9lus estiment que le dispositif est trop favorable aux Britanniques, tandis que des associations d&rsquo;aide aux migrants jugent qu&rsquo;il va \u00e0 l&rsquo;encontre des textes internationaux sur la protection des r\u00e9fugi\u00e9s.<\/p>\n<p>Il s&rsquo;inscrit dans les efforts des autorit\u00e9s britanniques pour acc\u00e9l\u00e9rer les expulsions de d\u00e9bout\u00e9s du droit d&rsquo;asile, au moment o\u00f9 le parti anti-immigration Reform UK de Nigel Farage monte en puissance dans les sondages, et o\u00f9 des manifestations contre l&rsquo;accueil de demandeurs d&rsquo;asile ont r\u00e9guli\u00e8rement lieu dans le pays.<\/p>\n","protected":false},"excerpt":{"rendered":"En parall\u00e8le de cet accord, le minist\u00e8re britannique de l&rsquo;Int\u00e9rieur indique \u00eatre pr\u00eat \u00e0 placer en d\u00e9tention \u00ab\u00a0dans&hellip;\n","protected":false},"author":2,"featured_media":297186,"comment_status":"","ping_status":"","sticky":false,"template":"","format":"standard","meta":{"footnotes":""},"categories":[1588],"tags":[11,1777,674,12,473,1853,1851,1850,1852],"class_list":{"0":"post-297185","1":"post","2":"type-post","3":"status-publish","4":"format-standard","5":"has-post-thumbnail","7":"category-royaume-uni","8":"tag-actualites","9":"tag-eu","10":"tag-europe","11":"tag-news","12":"tag-royaume-uni","13":"tag-royaume-uni-de-grande-bretagne-et-dirlande-du-nord","14":"tag-uk","15":"tag-united-kingdom","16":"tag-united-kingdom-of-great-britain-and-northern-ireland"},"share_on_mastodon":{"url":"https:\/\/pubeurope.com\/@fr\/114974129343535698","error":""},"_links":{"self":[{"href":"https:\/\/www.europesays.com\/fr\/wp-json\/wp\/v2\/posts\/297185","targetHints":{"allow":["GET"]}}],"collection":[{"href":"https:\/\/www.europesays.com\/fr\/wp-json\/wp\/v2\/posts"}],"about":[{"href":"https:\/\/www.europesays.com\/fr\/wp-json\/wp\/v2\/types\/post"}],"author":[{"embeddable":true,"href":"https:\/\/www.europesays.com\/fr\/wp-json\/wp\/v2\/users\/2"}],"replies":[{"embeddable":true,"href":"https:\/\/www.europesays.com\/fr\/wp-json\/wp\/v2\/comments?post=297185"}],"version-history":[{"count":0,"href":"https:\/\/www.europesays.com\/fr\/wp-json\/wp\/v2\/posts\/297185\/revisions"}],"wp:featuredmedia":[{"embeddable":true,"href":"https:\/\/www.europesays.com\/fr\/wp-json\/wp\/v2\/media\/297186"}],"wp:attachment":[{"href":"https:\/\/www.europesays.com\/fr\/wp-json\/wp\/v2\/media?parent=297185"}],"wp:term":[{"taxonomy":"category","embeddable":true,"href":"https:\/\/www.europesays.com\/fr\/wp-json\/wp\/v2\/categories?post=297185"},{"taxonomy":"post_tag","embeddable":true,"href":"https:\/\/www.europesays.com\/fr\/wp-json\/wp\/v2\/tags?post=297185"}],"curies":[{"name":"wp","href":"https:\/\/api.w.org\/{rel}","templated":true}]}}