{"id":297187,"date":"2025-08-05T03:52:10","date_gmt":"2025-08-05T03:52:10","guid":{"rendered":"https:\/\/www.europesays.com\/fr\/297187\/"},"modified":"2025-08-05T03:52:10","modified_gmt":"2025-08-05T03:52:10","slug":"y-avait-il-un-espion-chinois-au-parlement-europeen-ce-que-lon-sait-du-proces-qui-souvre-ce-mardi-en-allemagne","status":"publish","type":"post","link":"https:\/\/www.europesays.com\/fr\/297187\/","title":{"rendered":"Y avait-il un espion chinois au Parlement europ\u00e9en ? Ce que l\u2019on sait du proc\u00e8s qui s\u2019ouvre ce mardi en Allemagne"},"content":{"rendered":"<p class=\"paragraph text_align_left lp-f-body-02\">Est-il un espion chinois ? Apr\u00e8s <a href=\"https:\/\/www.leparisien.fr\/elections\/europeennes\/espionnage-en-faveur-de-la-chine-lassistant-dun-depute-europeen-allemand-arrete-et-suspendu-23-04-2024-SLZDBZKE2VFCZIZ5UGVK3IAZ5I.php\" target=\"_self\" rel=\"nofollow noopener\">l\u2019arrestation en avril 2024<\/a> de Jian Guo, l\u2019assistant parlementaire de l\u2019eurod\u00e9put\u00e9 allemand Maximilian Krah du parti d\u2019extr\u00eame droite AfD, s\u2019ouvre, ce mardi, son proc\u00e8s \u00e0 Dresde, en Allemagne.<\/p>\n<p class=\"paragraph text_align_left lp-f-body-02\">L\u2019espion chinois pr\u00e9sum\u00e9 est accus\u00e9 d\u2019avoir collect\u00e9 des informations sur le Parlement europ\u00e9en et sur la direction de <a href=\"https:\/\/www.leparisien.fr\/international\/allemagne-ces-elus-reintegres-au-groupe-parlementaire-de-lafd-apres-des-propos-sur-le-nazisme-26-02-2025-YO5P4B2IGZEVRCJRHCZ4SEGGJA.php\" target=\"_self\" rel=\"nofollow noopener\">l\u2019AfD<\/a>. Treize audiences vont avoir lieu jusqu\u2019\u00e0 fin septembre.<\/p>\n<p class=\"paragraph text_align_left lp-f-body-02\">Ce ressortissant allemand \u00e9tait assistant parlementaire du d\u00e9put\u00e9 d\u2019extr\u00eame droite Maximilian Krah depuis 2019. Jian Guo faisait partie des renseignements chinois d\u00e8s 2002, selon l\u2019acte d\u2019accusation du procureur g\u00e9n\u00e9ral f\u00e9d\u00e9ral.<\/p>\n<p>Des centaines de documents r\u00e9cup\u00e9r\u00e9s<\/p>\n<p class=\"paragraph text_align_left lp-f-body-02\">Dans le cadre de son travail au Parlement europ\u00e9en, il aurait compil\u00e9 plus de 500 documents sur les d\u00e9lib\u00e9rations et les d\u00e9cisions de l\u2019institution et transmis des documents confidentiels aux autorit\u00e9s chinoises.<\/p>\n<p class=\"lp-card-podcast-highlighting__title  lp-f-subtitle-05\">[2\/4] C\u00e9cile Vallin, les secrets d\u2019une disparition <\/p>\n<p class=\"lp-card-podcast-highlighting__description lp-f-ui-05\">Crime story raconte chaque semaine les grandes affaires criminelles.<\/p>\n<p><a class=\"lp-card-podcast-highlighting__call-to-action\" data-page-type=\"HP\" data-block-name=\"podcast-highlight\">\u00c9couter<\/a><\/p>\n<p class=\"paragraph text_align_left lp-f-body-02\">Il avait <a href=\"https:\/\/www.leparisien.fr\/politique\/chinagate-le-nouveau-scandale-dingerence-au-parlement-europeen-24-04-2024-SLAECOXQLZB4VAMTG5MHWIXEB4.php\" target=\"_self\" rel=\"nofollow noopener\">alors \u00e9t\u00e9 suspendu imm\u00e9diatement<\/a>, tandis que les journalistes allemands avaient d\u00e9couvert qu\u2019il \u00e9tait d\u00e9j\u00e0 connu des services de renseignements allemands pour qui il avait propos\u00e9 de travailler comme informateur, sans succ\u00e8s.<\/p>\n<p class=\"paragraph text_align_left lp-f-body-02\">Des informations r\u00e9colt\u00e9es par Jian Guo rendent l\u2019ouverture du proc\u00e8s sensible pour le parti d\u2019extr\u00eame droite. Effectivement, selon <a href=\"https:\/\/www.spiegel.de\/politik\/deutschland\/prozess-gegen-krah-assistenten-das-steht-in-den-afd-dossiers-des-mutmasslichen-china-spions-a-8e0ecae9-fcb2-4831-a512-15467095b6e6\" target=\"_self\" rel=\"nofollow noopener\">le magazine allemand Der Spiegel<\/a>, l\u2019espion chinois aurait transmis des d\u00e9tails sur des conversations avec Maximilian Krah au sujet de la vie priv\u00e9e de la pr\u00e9sidente de l\u2019AfD, <a href=\"https:\/\/www.leparisien.fr\/international\/legislatives-en-allemagne-qui-est-alice-weidel-la-cheffe-de-lafd-candidate-a-la-chancellerie-12-01-2025-MOGRYVC5SBAOVPRCDPSLTG7QCI.php\" target=\"_blank\" rel=\"noreferrer nofollow noopener\">Alice Weidel<\/a>.<\/p>\n<p class=\"paragraph text_align_left lp-f-body-02\">La cha\u00eene de t\u00e9l\u00e9vision priv\u00e9e allemande <a href=\"https:\/\/www.n-tv.de\/politik\/Prozess-gegen-Krah-Mitarbeiter-faellt-AfD-auf-die-Fuesse-article25944087.html\" target=\"_self\" rel=\"nofollow noopener\">NTV<\/a> pr\u00e9cise que ces accusations interviennent alors que l\u2019AfD tente de changer sa politique \u00e9trang\u00e8re en ayant \u00ab moins de Russie et de Chine, plus d\u2019\u00c9tats-Unis et de l\u2019OTAN \u00bb.<\/p>\n<p class=\"paragraph text_align_left lp-f-body-02\">Jian Guo est aussi accus\u00e9 d\u2019avoir \u00ab espionn\u00e9 des opposants et dissidents chinois en <a href=\"https:\/\/www.leparisien.fr\/faits-divers\/allemagne-enquetes-sur-des-suspicions-dincendies-criminels-sur-fond-de-revendication-ecologique-01-08-2025-E5H6QINMSVBAFOBS6RIQNUR5XM.php\" target=\"_self\" rel=\"nofollow noopener\">Allemagne <\/a>\u00bb, affirme le parquet f\u00e9d\u00e9ral.<\/p>\n<p class=\"paragraph text_align_left lp-f-body-02\">\u00c0 l\u2019\u00e9poque, la Chine avait ni\u00e9 les accusations. \u00ab La th\u00e9orie de la menace d\u2019un pr\u00e9tendu espionnage chinois n\u2019est pas une chose nouvelle dans l\u2019opinion publique europ\u00e9enne \u00bb, avait d\u00e9nonc\u00e9 un porte-parole de la diplomatie chinoise.<\/p>\n<p>Et Maximilian Krah dans cette affaire ?<\/p>\n<p class=\"paragraph text_align_left lp-f-body-02\">L\u2019eurod\u00e9put\u00e9 est convoqu\u00e9 comme t\u00e9moin dans le proc\u00e8s le 3 septembre. Au moment des faits, le d\u00e9put\u00e9 avait d\u00e9cid\u00e9, malgr\u00e9 l\u2019affaire, de se maintenir t\u00eate de liste en vue des \u00e9lections europ\u00e9ennes de juin.<\/p>\n<p class=\"paragraph text_align_left lp-f-body-02\">Cependant il s\u2019\u00e9tait finalement fait exclure du groupe parlementaire au Parlement europ\u00e9en apr\u00e8s <a href=\"https:\/\/www.leparisien.fr\/elections\/europeennes\/des-propos-inadmissibles-le-parti-dextreme-droite-allemand-afd-exclu-de-son-groupe-au-parlement-europeen-23-05-2024-VJ2O3FBYVBH7LLMLC7N5NQE3AM.php\" target=\"_self\" rel=\"nofollow noopener\">avoir estim\u00e9 qu\u2019un SS<\/a> n\u2019\u00e9tait \u00ab pas automatiquement un criminel \u00bb.<\/p>\n<p class=\"paragraph text_align_left lp-f-body-02\">De plus, il est lui-m\u00eame accus\u00e9 d\u2019avoir accept\u00e9 de l\u2019argent prorusse, ce qu\u2019il nie, selon <a href=\"https:\/\/www.euractiv.fr\/section\/justice\/news\/allemagne-vers-un-proces-de-deux-espions-presumes-au-profit-de-la-chine\/\" target=\"_self\" rel=\"nofollow noopener\">Euractiv<\/a>. Un de ses collaborateurs a \u00e9t\u00e9 perquisitionn\u00e9, en mai 2024, pour soup\u00e7ons d\u2019espionnage pour la Chine.<\/p>\n","protected":false},"excerpt":{"rendered":"Est-il un espion chinois ? Apr\u00e8s l\u2019arrestation en avril 2024 de Jian Guo, l\u2019assistant parlementaire de l\u2019eurod\u00e9put\u00e9 allemand&hellip;\n","protected":false},"author":2,"featured_media":297188,"comment_status":"","ping_status":"","sticky":false,"template":"","format":"standard","meta":{"footnotes":""},"categories":[1587],"tags":[11,672,1804,1805,1803,1777,674,118,1801,12,1802],"class_list":{"0":"post-297187","1":"post","2":"type-post","3":"status-publish","4":"format-standard","5":"has-post-thumbnail","7":"category-allemagne","8":"tag-actualites","9":"tag-allemagne","10":"tag-bundesrepublik-deutschland","11":"tag-de","12":"tag-deutschland","13":"tag-eu","14":"tag-europe","15":"tag-faits-divers","16":"tag-germany","17":"tag-news","18":"tag-republique-federale-dallemagne"},"share_on_mastodon":{"url":"https:\/\/pubeurope.com\/@fr\/114974133133056006","error":""},"_links":{"self":[{"href":"https:\/\/www.europesays.com\/fr\/wp-json\/wp\/v2\/posts\/297187","targetHints":{"allow":["GET"]}}],"collection":[{"href":"https:\/\/www.europesays.com\/fr\/wp-json\/wp\/v2\/posts"}],"about":[{"href":"https:\/\/www.europesays.com\/fr\/wp-json\/wp\/v2\/types\/post"}],"author":[{"embeddable":true,"href":"https:\/\/www.europesays.com\/fr\/wp-json\/wp\/v2\/users\/2"}],"replies":[{"embeddable":true,"href":"https:\/\/www.europesays.com\/fr\/wp-json\/wp\/v2\/comments?post=297187"}],"version-history":[{"count":0,"href":"https:\/\/www.europesays.com\/fr\/wp-json\/wp\/v2\/posts\/297187\/revisions"}],"wp:featuredmedia":[{"embeddable":true,"href":"https:\/\/www.europesays.com\/fr\/wp-json\/wp\/v2\/media\/297188"}],"wp:attachment":[{"href":"https:\/\/www.europesays.com\/fr\/wp-json\/wp\/v2\/media?parent=297187"}],"wp:term":[{"taxonomy":"category","embeddable":true,"href":"https:\/\/www.europesays.com\/fr\/wp-json\/wp\/v2\/categories?post=297187"},{"taxonomy":"post_tag","embeddable":true,"href":"https:\/\/www.europesays.com\/fr\/wp-json\/wp\/v2\/tags?post=297187"}],"curies":[{"name":"wp","href":"https:\/\/api.w.org\/{rel}","templated":true}]}}