{"id":297189,"date":"2025-08-05T03:53:24","date_gmt":"2025-08-05T03:53:24","guid":{"rendered":"https:\/\/www.europesays.com\/fr\/297189\/"},"modified":"2025-08-05T03:53:24","modified_gmt":"2025-08-05T03:53:24","slug":"leurope-prepare-sa-ruee-vers-les-metaux-rares-du-groenland","status":"publish","type":"post","link":"https:\/\/www.europesays.com\/fr\/297189\/","title":{"rendered":"L\u2019Europe pr\u00e9pare sa ru\u00e9e vers les m\u00e9taux rares du Groenland"},"content":{"rendered":"\n<p>Cela peut para\u00eetre un clich\u00e9 de dire qu\u2019une institution bureaucratique comme la Commission europ\u00e9enne serait capable de subir un s\u00e9isme g\u00e9opolitique qui fait trembler les fen\u00eatres et les parquets. C\u2019est pourtant bien ce qu\u2019il s\u2019est pass\u00e9 quand la Russie a envahi l\u2019Ukraine en 2022.<\/p>\n<p>Il s\u2019agissait, bien s\u00fbr, d\u2019une agression militaire contre un pays europ\u00e9en. Mais aussi de la prise de conscience, par de nombreux pays europ\u00e9ens, de leur d\u00e9pendance \u00e0 l\u2019\u00e9gard du p\u00e9trole et du gaz russes. Ils craignaient que Poutine, en fermant le robinet, puisse paralyser des milliers d\u2019entreprises europ\u00e9ennes et couper le chauffage dans des millions de foyers en Europe.<\/p>\n<p>Peu apr\u00e8s l\u2019invasion, il s\u2019est heureusement av\u00e9r\u00e9 que les pays europ\u00e9ens \u00e9taient en mesure de se d\u00e9brouiller sans la Russie. L\u2019Europe en fut quitte pour la peur, du moins cette fois. Mais l\u2019enseignement tir\u00e9 par Bruxelles \u00e9tait que l\u2019Europe ne devait plus jamais redevenir tributaire de dictateurs et d\u2019autocrates.<\/p>\n<p>La situation risque toutefois de se reproduire. Il n\u2019est pas question aujourd\u2019hui de p\u00e9trole et de gaz uniquement, mais de cuivre, de lithium et de magn\u00e9sium, entre autres.<\/p>\n<p>La Chine assure en effet, et de loin, la majeure partie de la production mondiale des minerais et m\u00e9taux dont l\u2019Europe aura besoin dans le futur pour fabri<\/p>\n<p> <strong>La\u00a0suite est r\u00e9serv\u00e9e aux abonn\u00e9s\u2026<\/strong>  <\/p>\n<p class=\"article-authors\">                         <a href=\"https:\/\/www.courrierinternational.com\/auteur\/claus-blok-thomsen\" target=\"_blank\" rel=\"noopener\">Claus Blok Thomsen<\/a>    <\/p>\n<p class=\"article-vo\"><a href=\"https:\/\/politiken.dk\/internationalt\/art10085228\/EU-vil-have-fingrene-i-Gr%C3%B8nlands-undergrund-for-at-komme-fri-af-Kina\" rel=\"noopener\" target=\"_blank\">Lire l\u2019article original<\/a><\/p>\n<p>Nos lecteurs ont lu\u00a0aussi<\/p>\n<p>Source de l\u2019article<\/p>\n<p>   <img decoding=\"async\" class=\"source-logo\" src=\"https:\/\/www.europesays.com\/fr\/wp-content\/uploads\/2025\/08\/4b9791b_1643653849154-politiken.jpg\"  alt=\"Logo\" loading=\"lazy\" width=\"32\" height=\"32\"\/>  Politiken  (Copenhague)       <\/p>\n<p>Fond\u00e9 en 1884, Politiken est aujourd\u2019hui un journal de centre gauche qui se donne encore l\u2019image d\u2019un certain \u201cradicalisme culturel\u201d. Son slogan est \u201cLe journal vivant\u201d, mais ce pourrait \u00eatre \u201cLe journal clivant\u201d. Soit on adore Politiken, soit on adore le d\u00e9tester. Ce quotidien social-lib\u00e9ral compte de magnifiques plumes, dont plusieurs sont c\u00e9l\u00e8bres pour leur humour. Les lecteurs, qui appartiennent \u00e0 la classe moyenne sup\u00e9rieure et habitent pour la plupart \u00e0 Copenhague, l\u2019appr\u00e9cient aussi parce qu\u2019il couvre tous les types de cultures \u2013 du hip-hop \u00e0 l\u2019architecture. Mais ils aiment surtout Politiken pour la m\u00eame raison que d\u2019autres le d\u00e9testent\u00a0: son c\u00f4t\u00e9 militant, qui, pour certains, va jusqu\u2019\u00e0 la provocation. Par exemple, le journal ne se g\u00eane pas, si l\u2019histoire l\u2019exige, pour montrer des gens nus \u2013 et souvent pas tr\u00e8s beaux.<\/p>\n<p>En 2010, Politiken s\u2019est excus\u00e9 aupr\u00e8s de huit organisations musulmanes pour avoir publi\u00e9, comme son concurrent Jyllands-Posten, des caricatures du proph\u00e8te Mahomet. Cette d\u00e9marche a \u00e9t\u00e9 fortement critiqu\u00e9e par l\u2019ensemble du monde m\u00e9diatique et politique du royaume, qui estimait qu\u2019il ne fallait pas renoncer \u00e0 la libert\u00e9 de l\u2019expression. Mais ce genre de critique n\u2019a jamais d\u00e9rang\u00e9 Politiken, qui continue son action militante.<\/p>\n<p>      <a href=\"https:\/\/www.courrierinternational.com\/notule-source\/politiken\" class=\"source-link\" target=\"_blank\" rel=\"noopener\">Lire la suite<\/a>                 <\/p>\n<p>Nos services<\/p>\n","protected":false},"excerpt":{"rendered":"Cela peut para\u00eetre un clich\u00e9 de dire qu\u2019une institution bureaucratique comme la Commission europ\u00e9enne serait capable de subir&hellip;\n","protected":false},"author":2,"featured_media":297190,"comment_status":"","ping_status":"","sticky":false,"template":"","format":"standard","meta":{"footnotes":""},"categories":[1586],"tags":[11,145,1777,674,1011,27,146,43759,1892,12469,12,25,2475],"class_list":{"0":"post-297189","1":"post","2":"type-post","3":"status-publish","4":"format-standard","5":"has-post-thumbnail","7":"category-europe","8":"tag-actualites","9":"tag-danemark","10":"tag-eu","11":"tag-europe","12":"tag-fr","13":"tag-france","14":"tag-groenland","15":"tag-gu00e9ologie","16":"tag-gu00e9opolitique","17":"tag-minerais","18":"tag-news","19":"tag-republique-francaise","20":"tag-union-europu00e9enne"},"share_on_mastodon":{"url":"https:\/\/pubeurope.com\/@fr\/114974137051149077","error":""},"_links":{"self":[{"href":"https:\/\/www.europesays.com\/fr\/wp-json\/wp\/v2\/posts\/297189","targetHints":{"allow":["GET"]}}],"collection":[{"href":"https:\/\/www.europesays.com\/fr\/wp-json\/wp\/v2\/posts"}],"about":[{"href":"https:\/\/www.europesays.com\/fr\/wp-json\/wp\/v2\/types\/post"}],"author":[{"embeddable":true,"href":"https:\/\/www.europesays.com\/fr\/wp-json\/wp\/v2\/users\/2"}],"replies":[{"embeddable":true,"href":"https:\/\/www.europesays.com\/fr\/wp-json\/wp\/v2\/comments?post=297189"}],"version-history":[{"count":0,"href":"https:\/\/www.europesays.com\/fr\/wp-json\/wp\/v2\/posts\/297189\/revisions"}],"wp:featuredmedia":[{"embeddable":true,"href":"https:\/\/www.europesays.com\/fr\/wp-json\/wp\/v2\/media\/297190"}],"wp:attachment":[{"href":"https:\/\/www.europesays.com\/fr\/wp-json\/wp\/v2\/media?parent=297189"}],"wp:term":[{"taxonomy":"category","embeddable":true,"href":"https:\/\/www.europesays.com\/fr\/wp-json\/wp\/v2\/categories?post=297189"},{"taxonomy":"post_tag","embeddable":true,"href":"https:\/\/www.europesays.com\/fr\/wp-json\/wp\/v2\/tags?post=297189"}],"curies":[{"name":"wp","href":"https:\/\/api.w.org\/{rel}","templated":true}]}}