{"id":29719,"date":"2025-04-16T18:16:10","date_gmt":"2025-04-16T18:16:10","guid":{"rendered":"https:\/\/www.europesays.com\/fr\/29719\/"},"modified":"2025-04-16T18:16:10","modified_gmt":"2025-04-16T18:16:10","slug":"verif-les-arrets-maladie-sont-ils-plus-nombreux-en-france-quen-allemagne","status":"publish","type":"post","link":"https:\/\/www.europesays.com\/fr\/29719\/","title":{"rendered":"V\u00c9RIF&rsquo; &#8211; Les arr\u00eats maladie sont-ils plus nombreux en France qu&rsquo;en Allemagne ?"},"content":{"rendered":"<p>La ministre Am\u00e9lie de Montchalin affirme que les arr\u00eats maladie sont plus nombreux en France qu&rsquo;en Allemagne.Si la comparaison semble difficile, le nombre moyen d&rsquo;arr\u00eats par salari\u00e9 \u00e9tait sup\u00e9rieur en Allemagne en 2022.<a href=\"https:\/\/www.tf1info.fr\/actualite\/les-verificateurs-12325\/\" rel=\"noopener\" class=\"jsx-3118104007 Link jsx-1428418400 jsx-1910851033\" target=\"_blank\"><\/p>\n<p style=\"font-weight:400\" class=\"jsx-1837267516\">Suivez la couverture compl\u00e8te<\/p>\n<p style=\"font-weight:800\" class=\"jsx-1837267516\">L&rsquo;info pass\u00e9e au crible des V\u00e9rificateurs<\/p>\n<p><\/a><\/p>\n<p data-module=\"article-paragraph\" class=\"jsx-362436225 Paragraph Paragraph__End\">Cherchant 40 milliards d&rsquo;euros d&rsquo;\u00e9conomie pour l&rsquo;an prochain, le gouvernement se penche notamment sur le nombre d&rsquo;arr\u00eats maladie pos\u00e9s chaque ann\u00e9e par les Fran\u00e7ais, qu&rsquo;il juge beaucoup trop important. Selon Am\u00e9lie de Montchalin, leur nombre serait m\u00eame en hausse&#8230; et plus important qu&rsquo;ailleurs. \u00ab\u00a0Il y a une diff\u00e9rence avec l&rsquo;Allemagne tr\u00e8s grande, [ce] sont les arr\u00eats maladie. Ceux qui travaillent et qui ont un contrat de travail ne travaillent pas moins que les Allemands, sauf qu&rsquo;on a beaucoup plus d&rsquo;arr\u00eats maladie. Et les arr\u00eats maladie, aujourd&rsquo;hui, ils ont augment\u00e9, pour la facture collective, de 25% depuis la fin du Covid\u00a0\u00bb, a affirm\u00e9 la ministre charg\u00e9e des Comptes publics, ce 16 avril <a href=\"https:\/\/www.tf1info.fr\/economie\/budget-2026-economie-niches-fiscales-arrets-maladie-securite-sociale-ce-qu-il-faut-retenir-de-l-interview-d-amelie-de-montchalin-sur-tf1-2365411.html\" target=\"_blank\" rel=\"noopener\">dans la matinale<\/a> de \u00ab\u00a0Bonjour!\u00a0\u00bb.\u00a0<\/p>\n<p>11,7 jours en moyenne dans le priv\u00e9<\/p>\n<p data-module=\"article-paragraph\" class=\"jsx-362436225 Paragraph\">D&rsquo;abord, une comparaison des arr\u00eats maladie en France et en Allemagne doit \u00eatre consid\u00e9r\u00e9e avec prudence en raison de diff\u00e9rents syst\u00e8mes de sant\u00e9 et de l\u00e9gislations. Mais pour analyser les situations de la France et de l&rsquo;Allemagne, comparons ce qui est comparable. Nous disposons de chiffres sur le nombre moyen de jours d&rsquo;arr\u00eat maladie pos\u00e9s par salari\u00e9, ici comme chez nos voisins.\u00a0<\/p>\n<p data-module=\"article-paragraph\" class=\"jsx-362436225 Paragraph Paragraph__End\">En 2022, les salari\u00e9s du priv\u00e9 se sont \u00ab\u00a0absent\u00e9s en moyenne 11,7 jours et les agents publics en moyenne 14,5 jours\u00a0\u00bb, <a href=\"https:\/\/www.igf.finances.gouv.fr\/files\/live\/sites\/igf\/files\/contributed\/Rapports%20de%20mission\/2024\/Revue%20de%20d%c3%a9penses%20R%c3%a9duction%20des%20absences.pdf \" target=\"_blank\" rel=\"noopener\">selon un rapport (nouvelle fen\u00eatre)<\/a> de l&rsquo;Inspection des finances. Des donn\u00e9es ult\u00e9rieures n&rsquo;ont pas \u00e9t\u00e9 rendues publiques. La m\u00eame ann\u00e9e en Allemagne, les salari\u00e9s ont \u00e9t\u00e9 d\u00e9clar\u00e9s malades \u00ab\u00a014,8 jours ouvrables en moyenne\u00a0\u00bb, <a href=\"https:\/\/www.destatis.de\/DE\/Themen\/Arbeit\/Arbeitsmarkt\/Qualitaet-Arbeit\/Dimension-2\/krankenstand.html#:~:text=Arbeitnehmer%202023%2015%2C1%20Tage,Grippe%2D%20und%20Erk%C3%A4ltungswellen%20zur%C3%BCckzuf%C3%BChren%20sein \" target=\"_blank\" rel=\"nofollow noopener\">selon des chiffres (nouvelle fen\u00eatre)<\/a> de l\u2019Office f\u00e9d\u00e9ral de la statistique. Soit plus en moyenne que les salari\u00e9s fran\u00e7ais, dans le priv\u00e9 comme le public. Ce taux a augment\u00e9 l&rsquo;ann\u00e9e suivante avec 15,1 jours ouvrables en moyenne par salari\u00e9 allemand. Ici, la distinction n&rsquo;est pas faite entre les secteurs priv\u00e9 et public.\u00a0<\/p>\n<ul class=\"jsx-658110588 ReadMoreArticle__List flex flex-column\">\n<li class=\"jsx-658110588\"><a href=\"https:\/\/www.tf1info.fr\/economie\/budget-2026-securite-sociale-hauts-revenus-retraites-ou-trouver-les-40-milliards-d-euros-d-economies-necessaires-2365234.html\" rel=\"noopener\" class=\"jsx-4233824444 Link flex\" target=\"_blank\"><img decoding=\"async\" src=\"https:\/\/www.europesays.com\/fr\/wp-content\/uploads\/2025\/04\/francois-bayrou-eric-lombard-mars-2025-28423a-1@1x.jpeg\" alt=\"Lire aussi\" loading=\"lazy\" importance=\"low\" fetchpriority=\"low\" class=\"\" copyright=\"Ludovic MARIN \/ AFP\"\/>\n<p class=\"jsx-658110588 ReadMoreArticle__Title\">Lire aussi<\/p>\n<p class=\"jsx-658110588\">S\u00e9curit\u00e9 sociale, hauts revenus, retrait\u00e9s : o\u00f9 trouver les 40 milliards d&rsquo;euros d&rsquo;\u00e9conomies n\u00e9cessaires pour 2026 ?<\/p>\n<p><\/a><\/li>\n<\/ul>\n<p data-module=\"article-paragraph\" class=\"jsx-362436225 Paragraph Paragraph__End\">\u00c0 noter qu&rsquo;en France, le nombre de journ\u00e9es d&rsquo;arr\u00eat maladie augmente bien depuis 2019, mais s&rsquo;est \u00ab\u00a0repli\u00e9 en 2023\u00a0\u00bb, avec 286 millions de jours indemnis\u00e9s pour maladie, <a href=\"https:\/\/drees.solidarites-sante.gouv.fr\/publications-communique-de-presse\/etudes-et-resultats\/241211_ER_Arrets-Maladie\" target=\"_blank\" rel=\"noopener\">comme le souligne (nouvelle fen\u00eatre)<\/a> le service de statistiques du minist\u00e8re de la Sant\u00e9 (Drees). En revanche, cette hausse \u00e9voqu\u00e9e par la ministre de 25% des arr\u00eats maladie \u00ab\u00a0depuis la fin du Covid\u00a0\u00bb m\u00e9riterait des pr\u00e9cisions. En effet, la Drees situe la fin de la pand\u00e9mie \u00e0 2023, ann\u00e9e apr\u00e8s laquelle nous n&rsquo;avons plus de chiffres officiels sur le nombre de cong\u00e9s maladie.\u00a0<\/p>\n<p data-module=\"article-paragraph\" class=\"jsx-362436225 Paragraph Paragraph__End\"><strong>Vous souhaitez nous poser des questions ou nous soumettre une information qui ne vous para\u00eet pas fiable ? N&rsquo;h\u00e9sitez pas \u00e0 nous \u00e9crire \u00e0 l&rsquo;adresse lesverificateurs@tf1.fr. Retrouvez-nous \u00e9galement sur X : notre \u00e9quipe y est pr\u00e9sente derri\u00e8re le compte @verif_TF1LCI.<\/strong><\/p>\n<p>Caroline QUEVRAIN<\/p>\n","protected":false},"excerpt":{"rendered":"La ministre Am\u00e9lie de Montchalin affirme que les arr\u00eats maladie sont plus nombreux en France qu&rsquo;en Allemagne.Si la&hellip;\n","protected":false},"author":2,"featured_media":29720,"comment_status":"","ping_status":"","sticky":false,"template":"","format":"standard","meta":{"footnotes":""},"categories":[1587],"tags":[1111,11,672,1921,1804,1805,1803,1777,674,27,1801,1922,7541,9887,12,1802,71,2072,5699,133,6230],"class_list":{"0":"post-29719","1":"post","2":"type-post","3":"status-publish","4":"format-standard","5":"has-post-thumbnail","7":"category-allemagne","8":"tag-actu","9":"tag-actualites","10":"tag-allemagne","11":"tag-article-video","12":"tag-bundesrepublik-deutschland","13":"tag-de","14":"tag-deutschland","15":"tag-eu","16":"tag-europe","17":"tag-france","18":"tag-germany","19":"tag-info","20":"tag-linfo-passee-au-crible-des-verificateurs","21":"tag-maladies-et-traitements","22":"tag-news","23":"tag-republique-federale-dallemagne","24":"tag-sante","25":"tag-sante-mentale","26":"tag-sante-publique","27":"tag-video","28":"tag-video-sante-et-bien-etre"},"share_on_mastodon":{"url":"https:\/\/pubeurope.com\/@fr\/114349013946669814","error":""},"_links":{"self":[{"href":"https:\/\/www.europesays.com\/fr\/wp-json\/wp\/v2\/posts\/29719","targetHints":{"allow":["GET"]}}],"collection":[{"href":"https:\/\/www.europesays.com\/fr\/wp-json\/wp\/v2\/posts"}],"about":[{"href":"https:\/\/www.europesays.com\/fr\/wp-json\/wp\/v2\/types\/post"}],"author":[{"embeddable":true,"href":"https:\/\/www.europesays.com\/fr\/wp-json\/wp\/v2\/users\/2"}],"replies":[{"embeddable":true,"href":"https:\/\/www.europesays.com\/fr\/wp-json\/wp\/v2\/comments?post=29719"}],"version-history":[{"count":0,"href":"https:\/\/www.europesays.com\/fr\/wp-json\/wp\/v2\/posts\/29719\/revisions"}],"wp:featuredmedia":[{"embeddable":true,"href":"https:\/\/www.europesays.com\/fr\/wp-json\/wp\/v2\/media\/29720"}],"wp:attachment":[{"href":"https:\/\/www.europesays.com\/fr\/wp-json\/wp\/v2\/media?parent=29719"}],"wp:term":[{"taxonomy":"category","embeddable":true,"href":"https:\/\/www.europesays.com\/fr\/wp-json\/wp\/v2\/categories?post=29719"},{"taxonomy":"post_tag","embeddable":true,"href":"https:\/\/www.europesays.com\/fr\/wp-json\/wp\/v2\/tags?post=29719"}],"curies":[{"name":"wp","href":"https:\/\/api.w.org\/{rel}","templated":true}]}}