{"id":297199,"date":"2025-08-05T04:00:20","date_gmt":"2025-08-05T04:00:20","guid":{"rendered":"https:\/\/www.europesays.com\/fr\/297199\/"},"modified":"2025-08-05T04:00:20","modified_gmt":"2025-08-05T04:00:20","slug":"attentif-world-rugby-ouvre-t-il-la-porte-a-la-rebel-league-r360","status":"publish","type":"post","link":"https:\/\/www.europesays.com\/fr\/297199\/","title":{"rendered":"Attentif, World Rugby ouvre-t-il la porte \u00e0 la Rebel League (R360) ?"},"content":{"rendered":"<p>Une forme de Super Ligue de rugby va-t-elle voir le jour prochainement ? Selon des r\u00e9v\u00e9lations faites par le <a href=\"https:\/\/www.dailymail.co.uk\/sport\/rugbyunion\/article-14951509\/Alan-Gilpin-gives-verdict-new-rebel-R360-league.html\" rel=\"nofollow noopener\" target=\"_blank\">Daily Mail<\/a>\u00a0et d&rsquo;autres m\u00e9dias anglo-saxons, fin juillet, c\u2019est bien <strong>ce qu\u2019il pourrait se passer si la Rebel League (R360) vient au monde.<\/strong> Ces informations\u00a0venues d&rsquo;outre-Manche font suite \u00e0 celles d\u00e9j\u00e0 communiqu\u00e9es ces derniers mois. Face \u00e0 ces bruits de couloir, les institutions d\u00e9j\u00e0 en place se pr\u00e9parent.<\/p>\n<p><a class=\"inserer_lien_article\" href=\"https:\/\/www.lerugbynistere.fr\/news\/abdelatif-benazzi-ou-brett-robinson-qui-est-le-nouveau-president-de-world-rugby-1411241435.php\" data-id=\"43148\" data-route=\"app.article\" data-param=\"articleId\" ui-sref=\"app.article({articleId: 43148})\" alt=\"Abdelatif Benazzi ou Brett Robinson, qui est le nouveau pr\u00e9sident de World Rugby ?\" title=\"Abdelatif Benazzi ou Brett Robinson, qui est le nouveau pr\u00e9sident de World Rugby ?\" rel=\"nofollow noopener\" target=\"_blank\"><img decoding=\"async\" src=\"https:\/\/www.europesays.com\/fr\/wp-content\/uploads\/2025\/08\/world-rugby-14-11-24-2248.jpg\" alt=\"Abdelatif Benazzi ou Brett Robinson, qui est le nouveau pr\u00e9sident de World Rugby ?\"\/>Abdelatif Benazzi ou Brett Robinson, qui est le nouveau pr\u00e9sident de World Rugby ?<\/a><\/p>\n<p>World Rugby en m\u00e9diateur<\/p>\n<p>Lors d\u2019une conf\u00e9rence de presse au sujet de la billetterie du mondial 2027, en <a href=\"https:\/\/www.lerugbynistere.fr\/equipes-nationales\/wallabies.php\" ui-sref=\"app.team({teamId: 26})\" alt=\"Australie\" data-route=\"app.team\" data-param=\"teamId\" data-id=\"26\" rel=\"nofollow noopener\" target=\"_blank\">Australie<\/a>,<strong> le patron de World Rugby Alan Gilpin s\u2019est montr\u00e9 favorable \u00e0 la discussion<\/strong> avec les organisateurs potentiels de cette Rebel League. \u201cNous disons toujours que le rugby a besoin d&rsquo;investissements.[&#8230;] Cependant, nous devons comprendre ce que cela signifie dans le cas du R360&Prime;, nuance-t-il.<\/p>\n<p>En t\u00eate de liste, la r\u00e9action de World Rugby par rapport \u00e0 la Rebel League est plus scrut\u00e9 que les autres. Pour cause, bon nombre de f\u00e9d\u00e9rations historiques regardent d\u2019un \u0153il inquiet <strong>cette nouvelle initiative rugbystique aux airs de bulldozer.<\/strong> Au c\u0153ur des discussions, la place du rugby international, de ses comp\u00e9titions phares et de ses fen\u00eatres est directement \u00e9voqu\u00e9e par la f\u00e9d\u00e9ration internationale.<\/p>\n<p>Tout particuli\u00e8rement, les comp\u00e9titions men\u00e9es par l\u2019institution comme<strong> les Coupes du monde de rugby masculines, f\u00e9minines et des moins de 20 ans sont au c\u0153ur du d\u00e9bat.<\/strong> Aussi, la place des comp\u00e9titions de rugby \u00e0 sept et des Jeux olympiques veut \u00eatre pr\u00e9serv\u00e9e par les dirigeants. Il en est de m\u00eame pour les tourn\u00e9es des <a href=\"https:\/\/www.lerugbynistere.fr\/clubs\/lions.php\" ui-sref=\"app.team({teamId: 2315})\" alt=\"Lions\" data-route=\"app.team\" data-param=\"teamId\" data-id=\"2315\" rel=\"nofollow noopener\" target=\"_blank\">Lions<\/a> britanniques et irlandais masculins et f\u00e9minins. Pour montrer la position de World Rugby, le directeur g\u00e9n\u00e9ral pr\u00e9cise ceci :<\/p>\n<p class=\"citation\">Notre position est la suivante, quelles que soient les comp\u00e9titions organis\u00e9es, nous savons que les joueurs veulent jouer au rugby international. Ce n&rsquo;est pas le cas dans tous les sports, mais dans le n\u00f4tre, les matchs internationaux constituent le summum de cette discipline. Le <a href=\"https:\/\/www.lerugbynistere.fr\/programme-tv\/\" ui-sref=\"app.calendar\" alt=\"Calendrier\" data-route=\"app.calendar\" data-param=\"\" data-id=\"\" rel=\"nofollow noopener\" target=\"_blank\">calendrier<\/a> international du rugby est tr\u00e8s charg\u00e9, il est donc essentiel que tout ce qui est approuv\u00e9 et financ\u00e9 donne cette opportunit\u00e9 aux joueurs. Peu importe les nouveaux projets autour des joueurs, qu&rsquo;il s&rsquo;agisse de R360 ou d&rsquo;autres\u2026 le concept m\u00eame de lib\u00e9rer les joueurs pour des p\u00e9riodes internationales d\u00e9finies est essentiel dans notre sport.\u201d<\/p>\n<p><a class=\"inserer_lien_article\" href=\"https:\/\/www.lerugbynistere.fr\/news\/super-league-r360-une-bombe-prete-a-exploser-sur-le-rugby-mondial-010825956.php\" data-id=\"45714\" data-route=\"app.article\" data-param=\"articleId\" ui-sref=\"app.article({articleId: 45714})\" alt=\"Super league. &#039;&#039;R360&#039;&#039; : une bombe pr\u00eate \u00e0 exploser sur le rugby mondial ?\" title=\"Super league. &#039;&#039;R360&#039;&#039; : une bombe pr\u00eate \u00e0 exploser sur le rugby mondial ?\" rel=\"nofollow noopener\" target=\"_blank\"><img decoding=\"async\" src=\"https:\/\/www.europesays.com\/fr\/wp-content\/uploads\/2025\/08\/1754366418_74_r360-01-08-25-728.jpg\" alt=\"Super league. ''R360'' : une bombe pr\u00eate \u00e0 exploser sur le rugby mondial ?\"\/>Super league. \u00a0\u00bbR360\u00a0\u00bb : une bombe pr\u00eate \u00e0 exploser sur le rugby mondial ?<\/a><\/p>\n<p>Quid des f\u00e9d\u00e9rations nationales ?<\/p>\n<p>Ainsi, on peut imaginer que des discussions entre les investisseurs et World Rugby aient lieu prochainement. <strong>La r\u00e9ponse de la f\u00e9d\u00e9ration internationale pourrait alors \u00eatre cruciale pour certaines s\u00e9lections<\/strong> qui se r\u00e9f\u00e8rent aux r\u00e8gles d\u2019\u00e9ligibilit\u00e9 de cette derni\u00e8re pour convoquer leurs joueurs en s\u00e9lection. Entre autres, les \u00e9quipes nationales de l\u2019Italie, de l\u2019\u00c9cosse, de l\u2019Argentine ou du <a href=\"https:\/\/www.lerugbynistere.fr\/equipes-nationales\/xv-de-france.php\" ui-sref=\"app.team({teamId: 65})\" alt=\"XV de France\" data-route=\"app.team\" data-param=\"teamId\" data-id=\"65\" rel=\"nofollow noopener\" target=\"_blank\">XV de France<\/a> sont directement concern\u00e9es.<\/p>\n<p>Dans l\u2019Hexagone, plus aucune r\u00e8gle d\u2019\u00e9ligibilit\u00e9 sp\u00e9cifique ne s\u2019applique depuis l\u2019hiver 2024. Avant cette p\u00e9riode-l\u00e0, le seul suppl\u00e9ment exig\u00e9 par le XV de France \u00e9tait la possession d\u2019un passeport fran\u00e7ais, qui n\u2019est plus exig\u00e9 d\u00e9sormais. \u201cNotre processus de s\u00e9lection d&rsquo;un joueur adh\u00e8re strictement aux r\u00e8gles de World Rugby\u201d, communiquait ainsi la FFR. Cependant, <strong>la FFR laissera-t-elle, aussi facilement, ses Bleus quitter le cadre de la LNR<\/strong>, avec qui elle a d\u00e9j\u00e0 mis pr\u00e8s de deux d\u00e9cennies \u00e0 trouver un terrain d\u2019entente sur la lib\u00e9ration des internationaux ?<\/p>\n<p>Dans d\u2019autres pays, la question ne se pose m\u00eame pas. En <a href=\"https:\/\/www.lerugbynistere.fr\/equipes-nationales\/irlande.php\" ui-sref=\"app.team({teamId: 62})\" alt=\"Irlande\" data-route=\"app.team\" data-param=\"teamId\" data-id=\"62\" rel=\"nofollow noopener\" target=\"_blank\">Irlande<\/a> ou en <a href=\"https:\/\/www.lerugbynistere.fr\/equipes-nationales\/all-blacks.php\" ui-sref=\"app.team({teamId: 24})\" alt=\"Nouvelle-Z\u00e9lande\" data-route=\"app.team\" data-param=\"teamId\" data-id=\"24\" rel=\"nofollow noopener\" target=\"_blank\">Nouvelle-Z\u00e9lande<\/a>, par exemple, il faut \u00eatre obligatoirement <strong>sous contrat avec l\u2019une des franchises de la f\u00e9d\u00e9ration nationale pour postuler en s\u00e9lection.<\/strong> D\u2019autres nations poss\u00e8dent des r\u00e8gles plus sp\u00e9cifiques. Parmi elles, l\u2019Angleterre a d\u00e9j\u00e0 fait savoir que les joueurs \u00e9voluant dans cette Rebel League ne pourront pas repr\u00e9senter le XV de la Rose en parall\u00e8le.<\/p>\n<p><a class=\"inserer_lien_article\" href=\"https:\/\/www.lerugbynistere.fr\/news\/le-rugby-precurseur-de-la-super-league-2104211442.php\" data-id=\"30491\" data-route=\"app.article\" data-param=\"articleId\" ui-sref=\"app.article({articleId: 30491})\" alt=\"Le rugby, pr\u00e9curseur de la Super League ?\" title=\"Le rugby, pr\u00e9curseur de la Super League ?\" rel=\"nofollow noopener\" target=\"_blank\"><img decoding=\"async\" src=\"https:\/\/www.europesays.com\/fr\/wp-content\/uploads\/2025\/08\/le-rugby-precurseur-de-la-super-league-21-04-21-2417.jpg\" alt=\"Le rugby, pr\u00e9curseur de la Super League ?\"\/>Le rugby, pr\u00e9curseur de la Super League ?<\/a><\/p>\n","protected":false},"excerpt":{"rendered":"Une forme de Super Ligue de rugby va-t-elle voir le jour prochainement ? Selon des r\u00e9v\u00e9lations faites par&hellip;\n","protected":false},"author":2,"featured_media":297200,"comment_status":"","ping_status":"","sticky":false,"template":"","format":"standard","meta":{"footnotes":""},"categories":[1416],"tags":[1011,27,479,1468,60],"class_list":{"0":"post-297199","1":"post","2":"type-post","3":"status-publish","4":"format-standard","5":"has-post-thumbnail","7":"category-rugby","8":"tag-fr","9":"tag-france","10":"tag-rugby","11":"tag-rugby-football","12":"tag-sports"},"share_on_mastodon":{"url":"https:\/\/pubeurope.com\/@fr\/114974164568753214","error":""},"_links":{"self":[{"href":"https:\/\/www.europesays.com\/fr\/wp-json\/wp\/v2\/posts\/297199","targetHints":{"allow":["GET"]}}],"collection":[{"href":"https:\/\/www.europesays.com\/fr\/wp-json\/wp\/v2\/posts"}],"about":[{"href":"https:\/\/www.europesays.com\/fr\/wp-json\/wp\/v2\/types\/post"}],"author":[{"embeddable":true,"href":"https:\/\/www.europesays.com\/fr\/wp-json\/wp\/v2\/users\/2"}],"replies":[{"embeddable":true,"href":"https:\/\/www.europesays.com\/fr\/wp-json\/wp\/v2\/comments?post=297199"}],"version-history":[{"count":0,"href":"https:\/\/www.europesays.com\/fr\/wp-json\/wp\/v2\/posts\/297199\/revisions"}],"wp:featuredmedia":[{"embeddable":true,"href":"https:\/\/www.europesays.com\/fr\/wp-json\/wp\/v2\/media\/297200"}],"wp:attachment":[{"href":"https:\/\/www.europesays.com\/fr\/wp-json\/wp\/v2\/media?parent=297199"}],"wp:term":[{"taxonomy":"category","embeddable":true,"href":"https:\/\/www.europesays.com\/fr\/wp-json\/wp\/v2\/categories?post=297199"},{"taxonomy":"post_tag","embeddable":true,"href":"https:\/\/www.europesays.com\/fr\/wp-json\/wp\/v2\/tags?post=297199"}],"curies":[{"name":"wp","href":"https:\/\/api.w.org\/{rel}","templated":true}]}}