{"id":297201,"date":"2025-08-05T04:01:10","date_gmt":"2025-08-05T04:01:10","guid":{"rendered":"https:\/\/www.europesays.com\/fr\/297201\/"},"modified":"2025-08-05T04:01:10","modified_gmt":"2025-08-05T04:01:10","slug":"alex-michelsen-karen-khachanov-atp-1000-open-du-canada-quarts-de-finale-mardi-05-aout-2025-lequipe","status":"publish","type":"post","link":"https:\/\/www.europesays.com\/fr\/297201\/","title":{"rendered":"Alex Michelsen &#8211; Karen Khachanov, ATP 1000, Open du Canada, Quarts de finale, Mardi 05 ao\u00fbt 2025 &#8211; L&#039;\u00c9quipe"},"content":{"rendered":"<ol>\n<li><a href=\"https:\/\/news.google.com\/rss\/articles\/CBMi0gFBVV95cUxOYWt0ek5GN2ZrMkk5cy1FV08zRHNFNnZxeHBGUFFYRE5RbHpWZk1Rck1QV3ExT2dxV0gtZnZTbzR0RHZRSlFYVFp5NktqYlVHUzBJSnpmWmdlTkk0cktsMi1abzRfZEswY1BGUlRPcHIxOTZUb0dfYWNDMTRKalZ6eGphRE1iMVdPQW9hT1pLdVZpYjBWRHp1cVM3bVRnSDdkQWlaeWFHSnA5ZnBSRk5vWlN1eVRJdUxKYm1zRmNrTWJYQWowQmVSTHFocmU1eXUzV2c?oc=5\" target=\"_blank\" rel=\"nofollow noopener\">Alex Michelsen &#8211; Karen Khachanov, ATP 1000, Open du Canada, Quarts de finale, Mardi 05 ao\u00fbt 2025<\/a>&nbsp;&nbsp;L&rsquo;\u00c9quipe<\/li>\n<li><a href=\"https:\/\/news.google.com\/rss\/articles\/CBMizAFBVV95cUxNREh3SVRMSjZJdDBLZGIyZTB5UktWbXBDc2hhdWxTZ3NXb0E3M0ZkWDNxUlV3bU5NZGgwQVNsdzdkSmtuMWFBU2dmdmluOFNBb0E3NVpZZkFoazBSTUJzTVF4ZC1GNC15LXdvMFI4NjBXeE1DRHBPdTdDdURVX0drdmxRVXZmSklEQVpOQmgzMVBkWE1nSDVsc2puR3JPTml5d1VXYUZ2YVRkeTVFODVwcmN3MmFOaDN3SDBNYmIzWEQ4THZ6MS1iRkY1NTg?oc=5\" target=\"_blank\" rel=\"nofollow noopener\">Alex De Minaur &#8211; Ben Shelton, ATP 1000, Open du Canada, Quarts de finale, Mercredi 06 ao\u00fbt 2025<\/a>&nbsp;&nbsp;L&rsquo;\u00c9quipe<\/li>\n<li><a href=\"https:\/\/news.google.com\/rss\/articles\/CBMijgFBVV95cUxOa0FxVWdpYzd3VW1xanZIQURjeEI2azlsMV96RU0zRlRrSHRvNXl0amxQbUhXQU1XenpQaWhSZllURFFnMjlJUFBkQzI4ZVhpcVJzVXFCQWxXa01uRUpqZV9KMF9uVGhQWFN6c1I1MjRIWGtWQzl2S0pnV1VyeVRuSFRpUlFBVlJCT1RIVjJn?oc=5\" target=\"_blank\" rel=\"nofollow noopener\">Tennis : Khachanov \u00e9carte Ruud \u00e0 Toronto<\/a>&nbsp;&nbsp;Le Figaro<\/li>\n<li><a href=\"https:\/\/news.google.com\/rss\/articles\/CBMimAJBVV95cUxNbk9ndEU4dWU3MUIyM194M3pZTWRkNjFJQ3g3Z0Y5RzV4TlhvbmZIT3ppYjBpWXdaMlJkUG5jOExMWWdwVXROMG9tSmRtMGZqVHFIREFXS0NmZWpzN01OX0cwN2U4dUM5SmNTRDJQdUQwXzc2ZXpGYzlnLXZYeWNuNGNtR21sSmtzUXJ5ZzE3MkpZYk5IWlE0Sl9HVEdla1U1S3Y3V2JfREkxekhzN0RVX1pDQUZXc01GbnBiRjFjeVJhQzF5OGdFcm1VMnNVd0xOcExtVjllMlFMeUJQd200Wjh5X09zS1VFUDhMNzhQbGhQMkRiOGJlZDVxU3hGbVRIN1VjYnhnUDhCTGFJWlhVYWJGVDkzaU1q?oc=5\" target=\"_blank\" rel=\"nofollow noopener\">ATP &#8211; Toronto &gt; Karen Khachanov, tombeur de Casper Ruud et qualifi\u00e9 en quarts de finale : \u00ab\u00a0Je n&rsquo;arrive pas \u00e0 expliquer pourquoi ce tournoi se d\u00e9roule si bien pour moi\u00a0\u00bb<\/a>&nbsp;&nbsp;We Love Tennis<\/li>\n<li><a href=\"https:\/\/news.google.com\/rss\/articles\/CBMikwFBVV95cUxOSTBMOTJJckxTbUFNeFRBU25HbVFIM2g5c0dlVWxvOWhZeUdoa25nYVU2Ml9XSWM4b0xMQ0xmNVJMdzJObUFGazlRS1ByQlBPYTJ0bGVrc1NSelg0aUdXMHBvSDJBNUFHTFJiUkwtU2hYNFhWNlFlaGpQQ18zZEFYMHBsYk9ILW5GNkNHR1doTlBvMjg?oc=5\" target=\"_blank\" rel=\"nofollow noopener\">Masters 1000 Toronto : Le r\u00e9sum\u00e9 du samedi 2 ao\u00fbt<\/a>&nbsp;&nbsp;Univers Tennis<\/li>\n<\/ol>\n","protected":false},"excerpt":{"rendered":"Alex Michelsen &#8211; Karen Khachanov, ATP 1000, Open du Canada, Quarts de finale, Mardi 05 ao\u00fbt 2025&nbsp;&nbsp;L&rsquo;\u00c9quipe Alex&hellip;\n","protected":false},"author":2,"featured_media":1983,"comment_status":"","ping_status":"","sticky":false,"template":"","format":"standard","meta":{"footnotes":""},"categories":[1415],"tags":[1011,27,60,1467],"class_list":{"0":"post-297201","1":"post","2":"type-post","3":"status-publish","4":"format-standard","5":"has-post-thumbnail","7":"category-tennis","8":"tag-fr","9":"tag-france","10":"tag-sports","11":"tag-tennis"},"share_on_mastodon":{"url":"https:\/\/pubeurope.com\/@fr\/114974168362726680","error":""},"_links":{"self":[{"href":"https:\/\/www.europesays.com\/fr\/wp-json\/wp\/v2\/posts\/297201","targetHints":{"allow":["GET"]}}],"collection":[{"href":"https:\/\/www.europesays.com\/fr\/wp-json\/wp\/v2\/posts"}],"about":[{"href":"https:\/\/www.europesays.com\/fr\/wp-json\/wp\/v2\/types\/post"}],"author":[{"embeddable":true,"href":"https:\/\/www.europesays.com\/fr\/wp-json\/wp\/v2\/users\/2"}],"replies":[{"embeddable":true,"href":"https:\/\/www.europesays.com\/fr\/wp-json\/wp\/v2\/comments?post=297201"}],"version-history":[{"count":0,"href":"https:\/\/www.europesays.com\/fr\/wp-json\/wp\/v2\/posts\/297201\/revisions"}],"wp:featuredmedia":[{"embeddable":true,"href":"https:\/\/www.europesays.com\/fr\/wp-json\/wp\/v2\/media\/1983"}],"wp:attachment":[{"href":"https:\/\/www.europesays.com\/fr\/wp-json\/wp\/v2\/media?parent=297201"}],"wp:term":[{"taxonomy":"category","embeddable":true,"href":"https:\/\/www.europesays.com\/fr\/wp-json\/wp\/v2\/categories?post=297201"},{"taxonomy":"post_tag","embeddable":true,"href":"https:\/\/www.europesays.com\/fr\/wp-json\/wp\/v2\/tags?post=297201"}],"curies":[{"name":"wp","href":"https:\/\/api.w.org\/{rel}","templated":true}]}}