{"id":297202,"date":"2025-08-05T04:03:19","date_gmt":"2025-08-05T04:03:19","guid":{"rendered":"https:\/\/www.europesays.com\/fr\/297202\/"},"modified":"2025-08-05T04:03:19","modified_gmt":"2025-08-05T04:03:19","slug":"motogp-polemique-apres-le-coup-de-trafalgar-de-marquez-qui-utilise-des-armes-legales","status":"publish","type":"post","link":"https:\/\/www.europesays.com\/fr\/297202\/","title":{"rendered":"MotoGP Pol\u00e9mique apr\u00e8s le coup de Trafalgar de Marquez, qui utilise des armes l\u00e9gales !"},"content":{"rendered":"<p>Oui, cela suscite la col\u00e8re et m\u00eame, l\u2019indignation de certains fans. N\u00e9anmoins, le coup de Trafalgar de Marc Marquez, juste avant le d\u00e9part du Grand-Prix des USA de MotoGP, n\u2019a rien d\u2019ill\u00e9gal. Le r\u00e8glement ne lui interdisant pas de subitement quitter la grille de d\u00e9part pour aller changer de moto, dans des conditions de piste humide\/mixte. Et l\u2019Espagnol n\u2019est pas une l\u00e9gende de ce sport pour rien, lequel connaissant parfaitement les armes \u00e0 sa dispotion.<\/p>\n<p>MotoGP : Marc Marquez, un grand strat\u00e8ge qui ne laisse rien au hasard<\/p>\n<p>Marc Marquez n\u2019est pas qu\u2019un excellent pilote, il est aussi dot\u00e9 d\u2019une grande intelligence et d\u2019un esprit strat\u00e8ge hors du commun. Comme nous l\u2019avons observ\u00e9 dimanche dernier, \u00e0 Austin. En cr\u00e9ant la zizanie de telle sortie, l\u2019int\u00e9ress\u00e9 a finalement obtenu gain de cause \u00e0 savoir, prendre le d\u00e9part depuis la grille (et non des stands, comme cela semblait \u00eatre engag\u00e9) avec les pneus qu\u2019il souhaitait -les slicks.<\/p>\n<p>Reste maintenant \u00e0 d\u00e9finir si le r\u00e8glement doit \u00eatre d\u00e9sormais modifi\u00e9, afin de ne plus assister \u00e0 ce genre de s\u00e9quence, ou non. La question de la s\u00e9curit\u00e9 des pilotes pouvant, \u00e9ventuellement, \u00eatre mise dans la balance. Toutefois, ce genre de sc\u00e9nario a le m\u00e9rite de briser une forme de routine et de dynamiter les Grand-Prix. Et c\u2019est bien pour la notion de spectacle que la plupart des fans appr\u00e9cient la MotoGP, non ? Ceci \u00e9tant dit, le d\u00e9bat est l\u00e9gitime, dans ces circonstances\u2026<\/p>\n<p>On avait fait le plus dur et, au moment le plus facile de la course, en essayant de contr\u00f4ler l\u2019\u00e9cart, j\u2019ai un peu trop coup\u00e9 sur ce vibreur au virage 4 et j\u2019ai perdu l\u2019avant; C\u2019\u00e9tait totalement de ma faute. Je suis d\u00e9sol\u00e9 pour l\u2019\u00e9quipe. Je ne peux dire que \u00e7a. Ce qui est positif, parce que j\u2019essaie toujours de voir le positif, c\u2019est que nous ne sommes qu\u2019\u00e0 un point d\u2019\u00c1lex au classement, donc on d\u00e9bute un nouveau championnat.\u201d<\/p>\n<p>[\u2026]\u201cJ\u2019avais d\u00e9j\u00e0 roul\u00e9 sur le circuit quelques tours avant. J\u2019ai juste trop coup\u00e9, j\u2019ai \u00e9t\u00e9 un peu optimiste. J\u2019\u00e9tais totalement concentr\u00e9, je n\u2019avais pas cette confiance en plus. Je faisais attention aux gros freinages, o\u00f9 on fait quelques erreurs, comme le virage 12. Sur le reste de la piste, je sentais que j\u2019\u00e9tais super prudent. J\u2019ai trop coup\u00e9 le virage.\u201d[\u2026]<\/p>\n<p>Retour, en vid\u00e9o (source MotoGP) sur ce moment qui a vu Marc Marquez d\u00e9rouler son plan diabolique, en tapant un sprint au tout dernier moment, depuis son emplacement de pole position, alors qu\u2019il paraissait concentr\u00e9.<\/p>\n<blockquote class=\"twitter-tweet\">\n<p dir=\"ltr\" lang=\"en\">Looking back at this moment \ud83d\udc40 <a href=\"https:\/\/twitter.com\/marcmarquez93?ref_src=twsrc%5Etfw\" target=\"_blank\" rel=\"noopener\">@marcmarquez93<\/a> wasn\u2019t sat on the bike and decided to bolt back to the pits <a href=\"https:\/\/twitter.com\/hashtag\/AmericasGP?src=hash&amp;ref_src=twsrc%5Etfw\" target=\"_blank\" rel=\"noopener\">#AmericasGP<\/a> \ud83c\uddfa\ud83c\uddf8 <a href=\"https:\/\/t.co\/1SxFj03R5u\">pic.twitter.com\/1SxFj03R5u<\/a><\/p>\n<p>\u2014 MotoGP\u2122\ud83c\udfc1 (@MotoGP) <a href=\"https:\/\/twitter.com\/MotoGP\/status\/1906423991025164346?ref_src=twsrc%5Etfw\" target=\"_blank\" rel=\"noopener\">March 30, 2025<\/a><\/p>\n<\/blockquote>\n<p>Article publi\u00e9 le 01\/04\/2025 \u00e0 6h17<\/p>\n<p>                                                            <script async src=\"https:\/\/platform.twitter.com\/widgets.js\" charset=\"utf-8\"><\/script><\/p>\n","protected":false},"excerpt":{"rendered":"Oui, cela suscite la col\u00e8re et m\u00eame, l\u2019indignation de certains fans. N\u00e9anmoins, le coup de Trafalgar de Marc&hellip;\n","protected":false},"author":2,"featured_media":297203,"comment_status":"","ping_status":"","sticky":false,"template":"","format":"standard","meta":{"footnotes":""},"categories":[1413],"tags":[1011,27,1461,1457,1456,1458,60],"class_list":{"0":"post-297202","1":"post","2":"type-post","3":"status-publish","4":"format-standard","5":"has-post-thumbnail","7":"category-moto","8":"tag-fr","9":"tag-france","10":"tag-marc-marquez","11":"tag-moto","12":"tag-motocycle","13":"tag-motogp","14":"tag-sports"},"share_on_mastodon":{"url":"https:\/\/pubeurope.com\/@fr\/114974176358038674","error":""},"_links":{"self":[{"href":"https:\/\/www.europesays.com\/fr\/wp-json\/wp\/v2\/posts\/297202","targetHints":{"allow":["GET"]}}],"collection":[{"href":"https:\/\/www.europesays.com\/fr\/wp-json\/wp\/v2\/posts"}],"about":[{"href":"https:\/\/www.europesays.com\/fr\/wp-json\/wp\/v2\/types\/post"}],"author":[{"embeddable":true,"href":"https:\/\/www.europesays.com\/fr\/wp-json\/wp\/v2\/users\/2"}],"replies":[{"embeddable":true,"href":"https:\/\/www.europesays.com\/fr\/wp-json\/wp\/v2\/comments?post=297202"}],"version-history":[{"count":0,"href":"https:\/\/www.europesays.com\/fr\/wp-json\/wp\/v2\/posts\/297202\/revisions"}],"wp:featuredmedia":[{"embeddable":true,"href":"https:\/\/www.europesays.com\/fr\/wp-json\/wp\/v2\/media\/297203"}],"wp:attachment":[{"href":"https:\/\/www.europesays.com\/fr\/wp-json\/wp\/v2\/media?parent=297202"}],"wp:term":[{"taxonomy":"category","embeddable":true,"href":"https:\/\/www.europesays.com\/fr\/wp-json\/wp\/v2\/categories?post=297202"},{"taxonomy":"post_tag","embeddable":true,"href":"https:\/\/www.europesays.com\/fr\/wp-json\/wp\/v2\/tags?post=297202"}],"curies":[{"name":"wp","href":"https:\/\/api.w.org\/{rel}","templated":true}]}}