{"id":297204,"date":"2025-08-05T04:04:09","date_gmt":"2025-08-05T04:04:09","guid":{"rendered":"https:\/\/www.europesays.com\/fr\/297204\/"},"modified":"2025-08-05T04:04:09","modified_gmt":"2025-08-05T04:04:09","slug":"f1-apres-le-g-p-de-hongrie-et-ses-coups-de-theatre-le-nouveau-classement-des-pilotes-revele","status":"publish","type":"post","link":"https:\/\/www.europesays.com\/fr\/297204\/","title":{"rendered":"F1 Apr\u00e8s le G.P de Hongrie et ses coups de th\u00e9\u00e2tre, le nouveau classement des pilotes r\u00e9v\u00e9l\u00e9 !"},"content":{"rendered":"<p>Dans l\u2019aspiration du Grand-Prix de Hongrie de F1 2025, la FIA publie la nouvelle hi\u00e9rarchie officielle, alors qu\u2019\u00e9quipes et pilotes sont actuellement en pause. Concr\u00e8tement, les modifications ne sont pas nombreuses, dans la premi\u00e8re partie de tableau, tout du moins. En effet, les dix premi\u00e8res positions restent strictement dans le m\u00eame ordre qu\u2019avant la manche de Budapest. Il faut attendre la onzi\u00e8me place pour voir appara\u00eetre des nouveaut\u00e9s.<\/p>\n<p>F1 : le top dix ne bouge pas, la onzi\u00e8me place plus disput\u00e9e que jamais !<\/p>\n<p>Et ce sont les deux pilotes Aston Martin Racing qui s\u2019illustrent, sur ce point. Puisque Fernando Alonso et Lance Stroll sont d\u00e9sormais point\u00e9s \u00e0 la onzi\u00e8me place, \u00e0 \u00e9galit\u00e9 de points, avec 26 unit\u00e9s au compteur. Soit, 4 points devant Isack Hadjar, treizi\u00e8me et 6 longueurs de plus que Pierre Gasly, quatorzi\u00e8me, ex-aequo avec <a href=\"https:\/\/lemagsportauto.ouest-france.fr\/tag\/liam-lawson\/\" target=\"_blank\" rel=\"noopener nofollow\">Liam Lawson<\/a>, 8\u00e8me sur l\u2019Hungaroring, dimanche dernier. Pour sa part, Esteban Ocon conserve de justesse sa dixi\u00e8me place, avec 27 points en banque.<\/p>\n<p>Devant, il y a tout de m\u00eame des choses \u00e0 noter. Car Oscar Piastri voit son avance, en tant que leader, passer de 16 \u00e0 9 points, sur Lando Norris. De plus, Max Verstappen perd encore du terrain avec un \u00e9cart qui devrait passer la barre des 100 unit\u00e9s, lors du prochain Grand-Prix, \u00e0 moins que le N\u00e9erlandais ne s\u2019impose \u00e0 Zandvoort. Puis, actuel quatri\u00e8me du classement des pilotes, George Russell poursuit sa remont\u00e9e et son rapproch\u00e9 vers le podium. Le pilote Mercedes est point\u00e9 \u00e0 15 unit\u00e9s du pilote Red Bull Racing.<\/p>\n<p>\u00ab C\u2019est g\u00e9nial d\u2019\u00eatre de retour sur le podium\u201c, d\u00e9clarait George Russell apr\u00e8s l\u2019arriv\u00e9e et sa passe d\u2019armes muscl\u00e9es avec la Ferrari de Charles Leclerc. Nous avons fait un pas en avant avec la voiture ce week-end, c\u2019est donc une r\u00e9compense m\u00e9rit\u00e9e pour le travail acharn\u00e9 de tout le monde \u00e0 Brackley et Brixworth. Il semblait que nous allions nous retrouver dans une P4 solitaire, mais nous nous sommes rapproch\u00e9s de Leclerc dans les derniers instants. Le d\u00e9passement lui-m\u00eame \u00e9tait un peu risqu\u00e9 ; Je me suis engag\u00e9 dans le virage, et il a clairement boug\u00e9 au freinage, ce qui lui a valu une p\u00e9nalit\u00e9. Heureusement, il n\u2019y a pas eu de mal et nous avons pu prendre la P3.<\/p>\n<p>\u00ab Ce r\u00e9sultat nous encourage \u00e0 l\u2019approche de la pause estivale et nous pouvons maintenant envisager les 10 derni\u00e8res courses de l\u2019ann\u00e9e avec plus de confiance. Il ne faut pas s\u2019emballer car on ne s\u2019attendait pas \u00e0 \u00eatre dans le top trois ce week-end. Nous savons que l\u2019ordre comp\u00e9titif derri\u00e8re McLaren est serr\u00e9 et nous devrons \u00eatre \u00e0 notre meilleur niveau pour nous battre r\u00e9guli\u00e8rement pour les podiums dans la seconde moiti\u00e9 de la saison.\u201d, ajoutait le pilote Britannique, de retour aux affaires apr\u00e8s une p\u00e9riode de passage \u00e0 vide de son \u00e9quipe, en raison d\u2019une nouvelle suspension d\u00e9faillante, finalement remplac\u00e9e par l\u2019ancienne, en Hongrie.<\/p>\n<p>Pour sa part, Charles Leclerc reprend \u00e9galement quelques points au quadruple champion du monde de F1. Si bien que les deux int\u00e9ress\u00e9s pourraient batailler pour la place de meilleur des autres, derri\u00e8re les Mclaren, d\u2019ici la fin de la saison. Voici le classement complet des pilotes de F1, apr\u00e8s le Grand-Prix de Hongrie 2025.<\/p>\n<p>1. Oscar Piastri (AUS \/ McLaren) 284 points<br \/>2. Lando Norris (GBR \/ McLaren) 275 points<br \/>3. Max Verstappen (NED \/ Red Bull) 187 points<br \/>4. George Russell (GBR \/ Mercedes) 172 points<br \/>5. Charles Leclerc (MON \/ Ferrari) 151 points<br \/>6. Lewis Hamilton (GBR \/ Ferrari) 109 points<br \/>7. Andrea Kimi Antonelli (ITA \/ Mercedes) 64 points<br \/>8. Alexander Albon (THA \/ Williams) 54 points<br \/>9. Nico H\u00fclkenberg (GER \/ Sauber) 37 points<br \/>10. Esteban Ocon (FRA \/ Haas) 27 points<br \/>11. Fernando Alonso (ESP \/ Aston Martin) 26 points<br \/>12. Lance Stroll (CAN \/ Aston Martin) 26 points<br \/>13. Isack Hadjar (FRA \/ Racing Bulls) 22 points<br \/>14. Pierre Gasly (FRA \/ Alpine) 20 points<br \/>15. Liam Lawson (NZL \/ Racing Bulls) 20 points<br \/>16. Carlos Sainz Jr (ESP \/ Williams) 16 points<br \/>17. Gabriel Bortoleto (BRA \/ Kick Sauber F1\u00a0Team) 14 points<br \/>18. Yuki Tsunoda (JPN \/ Red Bull) 10 points<br \/>19. Oliver Bearman (GBR \/ Haas) 8 points<\/p>\n<blockquote class=\"twitter-tweet\">\n<p dir=\"ltr\" lang=\"en\">DRIVER STANDINGS (AFTER 14\/24 ROUNDS)<\/p>\n<p>Oscar Piastri takes a nine-point lead into the summer break<a href=\"https:\/\/twitter.com\/hashtag\/F1?src=hash&amp;ref_src=twsrc%5Etfw\" target=\"_blank\" rel=\"noopener nofollow\">#F1<\/a> <a href=\"https:\/\/twitter.com\/hashtag\/HungarianGP?src=hash&amp;ref_src=twsrc%5Etfw\" target=\"_blank\" rel=\"noopener nofollow\">#HungarianGP<\/a> <a href=\"https:\/\/t.co\/d5cvq76xzy\" rel=\"nofollow\">pic.twitter.com\/d5cvq76xzy<\/a><\/p>\n<p>\u2014 Formula 1 (@F1) <a href=\"https:\/\/twitter.com\/F1\/status\/1952053851881877706?ref_src=twsrc%5Etfw\" target=\"_blank\" rel=\"noopener nofollow\">August 3, 2025<\/a><\/p>\n<\/blockquote>\n<p>Article publi\u00e9 le 05\/08\/2025 \u00e0 5h32<\/p>\n<p>                                                            <script async src=\"https:\/\/platform.twitter.com\/widgets.js\" charset=\"utf-8\"><\/script><\/p>\n","protected":false},"excerpt":{"rendered":"Dans l\u2019aspiration du Grand-Prix de Hongrie de F1 2025, la FIA publie la nouvelle hi\u00e9rarchie officielle, alors qu\u2019\u00e9quipes&hellip;\n","protected":false},"author":2,"featured_media":297205,"comment_status":"","ping_status":"","sticky":false,"template":"","format":"standard","meta":{"footnotes":""},"categories":[1412],"tags":[1981,1451,1452,1453,1454,1455,1011,27,60],"class_list":{"0":"post-297204","1":"post","2":"type-post","3":"status-publish","4":"format-standard","5":"has-post-thumbnail","7":"category-f1","8":"tag-classement","9":"tag-f1","10":"tag-formula-1","11":"tag-formula1","12":"tag-formule-1","13":"tag-formule1","14":"tag-fr","15":"tag-france","16":"tag-sports"},"share_on_mastodon":{"url":"https:\/\/pubeurope.com\/@fr\/114974180237120256","error":""},"_links":{"self":[{"href":"https:\/\/www.europesays.com\/fr\/wp-json\/wp\/v2\/posts\/297204","targetHints":{"allow":["GET"]}}],"collection":[{"href":"https:\/\/www.europesays.com\/fr\/wp-json\/wp\/v2\/posts"}],"about":[{"href":"https:\/\/www.europesays.com\/fr\/wp-json\/wp\/v2\/types\/post"}],"author":[{"embeddable":true,"href":"https:\/\/www.europesays.com\/fr\/wp-json\/wp\/v2\/users\/2"}],"replies":[{"embeddable":true,"href":"https:\/\/www.europesays.com\/fr\/wp-json\/wp\/v2\/comments?post=297204"}],"version-history":[{"count":0,"href":"https:\/\/www.europesays.com\/fr\/wp-json\/wp\/v2\/posts\/297204\/revisions"}],"wp:featuredmedia":[{"embeddable":true,"href":"https:\/\/www.europesays.com\/fr\/wp-json\/wp\/v2\/media\/297205"}],"wp:attachment":[{"href":"https:\/\/www.europesays.com\/fr\/wp-json\/wp\/v2\/media?parent=297204"}],"wp:term":[{"taxonomy":"category","embeddable":true,"href":"https:\/\/www.europesays.com\/fr\/wp-json\/wp\/v2\/categories?post=297204"},{"taxonomy":"post_tag","embeddable":true,"href":"https:\/\/www.europesays.com\/fr\/wp-json\/wp\/v2\/tags?post=297204"}],"curies":[{"name":"wp","href":"https:\/\/api.w.org\/{rel}","templated":true}]}}