{"id":297212,"date":"2025-08-05T04:08:16","date_gmt":"2025-08-05T04:08:16","guid":{"rendered":"https:\/\/www.europesays.com\/fr\/297212\/"},"modified":"2025-08-05T04:08:16","modified_gmt":"2025-08-05T04:08:16","slug":"langon-les-artistes-de-latelier-amarillo-presentent-leurs-nouveautes-pour-la-rentree","status":"publish","type":"post","link":"https:\/\/www.europesays.com\/fr\/297212\/","title":{"rendered":"Langon. Les artistes de L&rsquo;Atelier Amarillo pr\u00e9sentent leurs nouveaut\u00e9s pour la rentr\u00e9e"},"content":{"rendered":"<p>            Par<br \/>\n        <strong><br \/>\n            <a href=\"https:\/\/actu.fr\/auteur\/ddecourcelle\" title=\"Consulter tous les articles de Delphine Decourcelle\" rel=\"nofollow noopener\" target=\"_blank\">Delphine Decourcelle<\/a><br \/>\n        <\/strong><\/p>\n<p>        Publi\u00e9 le<\/p>\n<p>            4 ao\u00fbt 2025 \u00e0 7h00        <\/p>\n<p>L\u2019Atelier Amarillo pose ses crayons, peintures et encres au centre culturel des <a href=\"https:\/\/www.langon33.fr\/les-carmes\/\" rel=\"nofollow noopener\" target=\"_blank\">Carmes <\/a>\u00e0 <a href=\"https:\/\/actu.fr\/nouvelle-aquitaine\/langon_33227\" rel=\"nofollow noopener\" target=\"_blank\">Langon<\/a> (Gironde) pour une nouvelle saison haute en couleur\u2009! L\u2019Atelier Amarillo est compos\u00e9 de cinq artistes\u2009: Anna Ducos (peinture), Julie Blaqui\u00e9 (dessin-aquarelle), Florence Schrobiltgen (plasticienne, design textile et encre), Marie Goulard (plasticienne) et Alice Viry (image anim\u00e9e) et il propose des ateliers arts plastiques enfants, un atelier BD pour les coll\u00e9giens, diff\u00e9rents ateliers dessin et peinture pour les adultes et des ateliers encre de chine.<\/p>\n<p>Pour enfants, ados et adultes<\/p>\n<p class=\" wall-content\">Selon les cours, il existe des formules de paiement \u00e0 l\u2019ann\u00e9e, au trimestre ou \u00e0 la carte. Les tarifs et horaires sont <a href=\"https:\/\/atelieramarillo.com\/\" rel=\"nofollow noopener\" target=\"_blank\">sur le site internet<\/a>.\u00a0Pour s\u2019inscrire, possibilit\u00e9 de passer soit par la plateforme Helloasso, soit par mail ou par t\u00e9l\u00e9phone. Enfin, des stages cr\u00e9atifs sont propos\u00e9s pendant les vacances scolaires. Rentr\u00e9e pr\u00e9vue le lundi 15\u00a0septembre 2025.<\/p>\n<p class=\" wall-content\"><b>Parmi les nouveaut\u00e9s<\/b>, en plus des ateliers dessin et peinture hebdomadaires, l\u2019association propose des ateliers \u00e0 la journ\u00e9e, mensuels ou bimensuels. Id\u00e9al pour approfondir une pratique\u2009: image anim\u00e9e un week-end par mois, Sumi-e un dimanche par mois, atelier peinture et techniques mixtes, le samedi apr\u00e8s-midi une fois tous les 15\u00a0jours.<\/p>\n<p class=\" wall-content\">Enfin, Marie Goulard, nouvelle intervenante, proposera des ateliers cr\u00e9atifs pour les adultes et les enfants les jeudis apr\u00e8s-midi. <b>Autre nouveaut\u00e9\u2009:<\/b> l\u2019Atelier Amarillo ouvre une antenne \u00e0 Gironde-sur-Dropt avec un atelier arts plastiques pour les enfants, le mercredi de 10\u2009h\u200930 \u00e0 12\u2009h.<\/p>\n<p>Vid\u00e9os : en ce moment sur ActuProchains stages \/ ateliers ponctuels<\/p>\n<p class=\" wall-content\">Septembre<\/p>\n<p class=\" wall-content\">\u2022 Atelier cr\u00e9atif multi-technique, Le Printemps au f\u00e9minin, tous les jeudis de 14\u2009h\u200930 \u00e0 16\u2009h\u200930<\/p>\n<p class=\" wall-content\">\u2022 En lien avec l\u2019exposition For\u00eats au centre culturel des Carmes\u2009:<\/p>\n<p class=\" wall-content\">&gt;\u00a0Dimanche Sumi-e \u00ab\u2009Certains arbres\u2026\u2009\u00bb, le 21 sept. 10\u2009h\u200930 \u2013 16\u2009h\u200930<\/p>\n<p class=\" wall-content\">&gt;\u00a0Stage cin\u00e9ma d\u2019animation autour du fantastique dans la for\u00eat, samedi\u00a025 et dimanche 26\u00a0octobre, 11\u2009h \u2013 16\u2009h.<\/p>\n<p class=\" wall-content\">Octobre<\/p>\n<p class=\" wall-content\">\u2022 En lien avec l\u2019exposition For\u00eats au centre culturel des Carmes\u2009: &gt;\u00a0Ateliers d\u2019acrylique sur le th\u00e8me de la for\u00eat tous les jeudis de 14\u2009h\u200930 \u00e0 16\u2009h\u200930<\/p>\n<p class=\" wall-content\">\u2022 Dimanche Sumi-e \u00ab\u2009Le Sarment de vigne et le raisin\u2009\u00bb, le 12 oct. 10\u2009h\u200930 \u2013 16\u2009h\u200930<\/p>\n<p class=\" wall-content\">\u2022 Vacances de la Toussaint\u2009: lundi\u00a020, mardi\u00a021 et mercredi 22\u00a0octobre, stage Arts plastiques \u00ab\u2009Monster Mash\u2009!\u2009\u00bb (dessin, peinture et modelage en papier m\u00e2ch\u00e9), enfants (6-11\u00a0ans), sur le th\u00e8me hypercr\u00e9atif des monstres\u2026 frissons garantis\u2009!<\/p>\n<p><a href=\"https:\/\/atelieramarillo.com\/\" rel=\"nofollow noopener\" target=\"_blank\">atelieramarillo.com <\/a>\/ <a href=\"https:\/\/actu.fr\/cdn-cgi\/l\/email-protection\" class=\"__cf_email__\" data-cfemail=\"64051001080d0116050905160d08080b000117170d0a240309050d084a070b09\" rel=\"nofollow noopener\" target=\"_blank\">[email\u00a0protected]<\/a> \/ Tel : 06 41 67 12 97 \u2013 06 31 58 67 90.<\/p>\n<p class=\" wall-content\">Suivez toute l\u2019actualit\u00e9 de vos villes et m\u00e9dias favoris en vous inscrivant \u00e0 <a href=\"https:\/\/moncompte.actu.fr\" title=\"D\u00e9couvez Mon Actu\" rel=\"nofollow noopener\" data-trk=\"{&quot;cta&quot;:{&quot;action&quot;:&quot;https:\\\/\\\/moncompte.actu.fr&quot;,&quot;category&quot;:&quot;mon compte&quot;,&quot;from&quot;:&quot;article footer&quot;,&quot;name&quot;:&quot;Mon actu&quot;,&quot;type&quot;:&quot;cta&quot;}}\" target=\"_blank\">Mon Actu<\/a>.<\/p>\n","protected":false},"excerpt":{"rendered":"Par Delphine Decourcelle Publi\u00e9 le 4 ao\u00fbt 2025 \u00e0 7h00 L\u2019Atelier Amarillo pose ses crayons, peintures et encres&hellip;\n","protected":false},"author":2,"featured_media":297213,"comment_status":"","ping_status":"","sticky":false,"template":"","format":"standard","meta":{"footnotes":""},"categories":[1358],"tags":[1063,1348,1384,1385,1386,58,59,1011,27,1652],"class_list":{"0":"post-297212","1":"post","2":"type-post","3":"status-publish","4":"format-standard","5":"has-post-thumbnail","7":"category-arts-et-design","8":"tag-animations","9":"tag-arts","10":"tag-arts-and-design","11":"tag-arts-et-design","12":"tag-design","13":"tag-divertissement","14":"tag-entertainment","15":"tag-fr","16":"tag-france","17":"tag-loisirs-culture"},"share_on_mastodon":{"url":"https:\/\/pubeurope.com\/@fr\/114974196099515167","error":""},"_links":{"self":[{"href":"https:\/\/www.europesays.com\/fr\/wp-json\/wp\/v2\/posts\/297212","targetHints":{"allow":["GET"]}}],"collection":[{"href":"https:\/\/www.europesays.com\/fr\/wp-json\/wp\/v2\/posts"}],"about":[{"href":"https:\/\/www.europesays.com\/fr\/wp-json\/wp\/v2\/types\/post"}],"author":[{"embeddable":true,"href":"https:\/\/www.europesays.com\/fr\/wp-json\/wp\/v2\/users\/2"}],"replies":[{"embeddable":true,"href":"https:\/\/www.europesays.com\/fr\/wp-json\/wp\/v2\/comments?post=297212"}],"version-history":[{"count":0,"href":"https:\/\/www.europesays.com\/fr\/wp-json\/wp\/v2\/posts\/297212\/revisions"}],"wp:featuredmedia":[{"embeddable":true,"href":"https:\/\/www.europesays.com\/fr\/wp-json\/wp\/v2\/media\/297213"}],"wp:attachment":[{"href":"https:\/\/www.europesays.com\/fr\/wp-json\/wp\/v2\/media?parent=297212"}],"wp:term":[{"taxonomy":"category","embeddable":true,"href":"https:\/\/www.europesays.com\/fr\/wp-json\/wp\/v2\/categories?post=297212"},{"taxonomy":"post_tag","embeddable":true,"href":"https:\/\/www.europesays.com\/fr\/wp-json\/wp\/v2\/tags?post=297212"}],"curies":[{"name":"wp","href":"https:\/\/api.w.org\/{rel}","templated":true}]}}