{"id":297214,"date":"2025-08-05T04:09:17","date_gmt":"2025-08-05T04:09:17","guid":{"rendered":"https:\/\/www.europesays.com\/fr\/297214\/"},"modified":"2025-08-05T04:09:17","modified_gmt":"2025-08-05T04:09:17","slug":"lalliance-biblique-ouvre-la-librairie-lesprit-et-la-plume","status":"publish","type":"post","link":"https:\/\/www.europesays.com\/fr\/297214\/","title":{"rendered":"L\u2019Alliance biblique ouvre la librairie L&rsquo;Esprit et la Plume"},"content":{"rendered":"<p>\t <img decoding=\"async\" src=\"https:\/\/www.europesays.com\/fr\/wp-content\/uploads\/2025\/04\/pdf.png\" alt=\"image_pdf\" title=\"Afficher le PDF\"\/><img decoding=\"async\" src=\"https:\/\/www.europesays.com\/fr\/wp-content\/uploads\/2025\/04\/print.png\" alt=\"image_print\" title=\"Contenu imprim\u00e9\"\/><\/p>\n<p>Mi-juillet, alors que des travaux \u00e9taient encore en cours au 45-47 rue de Clichy, dans le 9e arrondissement de Paris, des messages bienveillants et tr\u00e8s enthousiastes de riverains arrivaient jusqu\u2019aux oreilles de Jonathan Boulet, le directeur g\u00e9n\u00e9ral de l\u2019<a href=\"https:\/\/www.reforme.net\/actualites\/le-6lhomond-a-paris-nouveau-domicile-de-lalliance-biblique-francaise\/\" target=\"_blank\" rel=\"noopener nofollow\">Alliance biblique fran\u00e7aise<\/a>. Des encouragements rassurants \u00e0 quelques semaines de l\u2019ouverture de la librairie L\u2019Esprit et la Plume. \u201cCe sera un tr\u00e8s bel \u00e9crin avec du bois et du laiton pour pr\u00e9senter des livres et il y aura une coh\u00e9rence avec la Maison du protestantisme, dont l\u2019accueil a \u00e9t\u00e9 d\u00e9plac\u00e9\u201d, souligne celui qui attendait alors avec impatience le mercredi 27 ao\u00fbt. \u201c\u00c7a permettra une ouverture en douceur avant la reprise de l\u2019\u00e9cole\u201d, ajoute-t-il.\u00a0<\/p>\n<p>\u00c0 la diff\u00e9rence de la librairie religieuse Jean-Calvin, dont L\u2019Esprit et la Plume reprend l\u2019espace commercial, il s\u2019agira cette fois d\u2019une librairie g\u00e9n\u00e9raliste. \u201cIl y aura 30% d\u2019ouvrages religieux et 70% d\u2019ouvrages classiques, des manuels scolaires, des romans, des essais, des mangas, etc. Au total, nous proposerons 8 000 r\u00e9f\u00e9rences\u201d En plus d\u2019un espace de vente agrandi, la nouvelle librairie de quartier proposera des services dignes de ceux des grandes enseignes, comme un rayon papeterie. \u201cEt d\u2019ici \u00e0 la fin du mois de septembre, elle int\u00e9grera Librest, le r\u00e9seau d\u2019une vingtaine de librairies de l\u2019est parisien. Cela permettra de mutualiser des livres. Ce sera un vrai confort pour les clients, \u00e0 qui nous souhaitons offrir un service premium\u201d, pr\u00e9cise Jonathan Boulet. Gr\u00e2ce \u00e0 un syst\u00e8me de coursiers, les ouvrages command\u00e9s passeront rapidement d\u2019une librairie \u00e0 une autre. Si le service offert est important, l\u2019esth\u00e9tique compte \u00e9galement. Un d\u00e9tail qui n\u2019a pas \u00e9chapp\u00e9 \u00e0 l\u2019\u00e9quipe de l\u2019Alliance biblique fran\u00e7aise. Meubl\u00e9e avec go\u00fbt, la boutique de 110 m2 sera \u00e9galement tr\u00e8s lumineuse, mais peu \u00e9nergivore.\u00a0<\/p>\n<p>Des animations<\/p>\n<p>Quant au nom L\u2019Esprit et la Plume, il n\u2019a pas \u00e9t\u00e9 choisi au hasard. \u201cAvec la plume, un important travail autour de l\u2019\u00e9criture sera r\u00e9alis\u00e9. Et l\u2019esprit a un double sens. Il s\u2019agira \u00e0 la fois d\u2019une librairie avec l\u2019esprit d\u2019une Procure protestante, mais avec un ancrage plus humaniste, et de pr\u00e9senter toute la diversit\u00e9 du protestantisme et toutes les grandes maisons catholiques classiques\u201d, explique-t-il. Quelques livres sur le <a href=\"https:\/\/www.reforme.net\/religion\/judaisme\/faire-place-aux-femmes-dans-le-judaisme\/\" target=\"_blank\" rel=\"noopener nofollow\">juda\u00efsme<\/a> et l\u2019<a href=\"https:\/\/www.reforme.net\/portraits\/olivier-hanne-islamologue-catholique\/\" target=\"_blank\" rel=\"noopener nofollow\">islam<\/a> seront \u00e9galement disponibles\u00a0<\/p>\n<p>Les animations tiendront \u00e9galement une place importante dans la librairie ind\u00e9pendante. \u201cIl y aura beaucoup de synergies avec la Maison du protestantisme, des signatures, des soir\u00e9es litt\u00e9raires pour tous. Nous souhaitons \u00e9galement donner la parole \u00e0 des minorit\u00e9s et \u00e0 la diversit\u00e9 du <a href=\"https:\/\/www.reforme.net\/une\/a-la-shpf-lautre-maniere-de-mettre-le-protestantisme-en-lumiere\/\" target=\"_blank\" rel=\"noopener nofollow\">protestantisme<\/a> et f\u00e9d\u00e9rer tout le monde protestant\u201d, r\u00e9sume le directeur g\u00e9n\u00e9ral, m\u00fb par l\u2019envie de cr\u00e9er un espace de rencontre et de dialogue autour du protestantisme et du livre. Pour faire vivre ce commerce, trois libraires seront \u00e9t\u00e9 recrut\u00e9s. \u201cNotre volont\u00e9 est de permettre \u00e0 tous les publics de se rencontrer sans pros\u00e9lytisme\u201d, rassure Jonathan Boulet, annon\u00e7ant \u00e9galement une inauguration de L\u2019Esprit et la Plume \u00e0 la fin du mois de septembre ou au d\u00e9but du mois de novembre.\u00a0\u00a0<\/p>\n<p><strong>L\u2019Esprit et la Plume, 45-47 rue de Clichy \u00e0 Paris. Ouverture le mercredi 27 ao\u00fbt. L\u2019inauguration aura quant \u00e0 elle lieu le jeudi 25 septembre.\u202fPour soutenir la librairie, un financement participatif a \u00e9t\u00e9 lanc\u00e9. Vous pouvez faire un don <a href=\"https:\/\/fr.ulule.com\/ouverture-librairie-lespritetlaplume\/\" target=\"_blank\" rel=\"noopener nofollow\">en cliquant ici<\/a>.<\/strong><\/p>\n<p><strong>Lire aussi :\u00a0<\/strong><\/p>\n<blockquote class=\"wp-embedded-content\" data-secret=\"wJGY0asUJq\">\n<p><a href=\"https:\/\/www.reforme.net\/religion\/a-lalliance-biblique-francaise-le-pari-reussi-de-la-transformation\/\" rel=\"nofollow noopener\" target=\"_blank\">\u00c0 l\u2019Alliance biblique fran\u00e7aise, le pari r\u00e9ussi de la\u00a0transformation<\/a><\/p>\n<\/blockquote>\n<p>\u00a0<\/p>\n","protected":false},"excerpt":{"rendered":"Mi-juillet, alors que des travaux \u00e9taient encore en cours au 45-47 rue de Clichy, dans le 9e arrondissement&hellip;\n","protected":false},"author":2,"featured_media":297215,"comment_status":"","ping_status":"","sticky":false,"template":"","format":"standard","meta":{"footnotes":""},"categories":[1357],"tags":[43760,1379,58,59,1011,27,14783,1380],"class_list":{"0":"post-297214","1":"post","2":"type-post","3":"status-publish","4":"format-standard","5":"has-post-thumbnail","7":"category-livres","8":"tag-alliance-biblique-francaise","9":"tag-books","10":"tag-divertissement","11":"tag-entertainment","12":"tag-fr","13":"tag-france","14":"tag-librairie","15":"tag-livres"},"share_on_mastodon":{"url":"https:\/\/pubeurope.com\/@fr\/114974200027672694","error":""},"_links":{"self":[{"href":"https:\/\/www.europesays.com\/fr\/wp-json\/wp\/v2\/posts\/297214","targetHints":{"allow":["GET"]}}],"collection":[{"href":"https:\/\/www.europesays.com\/fr\/wp-json\/wp\/v2\/posts"}],"about":[{"href":"https:\/\/www.europesays.com\/fr\/wp-json\/wp\/v2\/types\/post"}],"author":[{"embeddable":true,"href":"https:\/\/www.europesays.com\/fr\/wp-json\/wp\/v2\/users\/2"}],"replies":[{"embeddable":true,"href":"https:\/\/www.europesays.com\/fr\/wp-json\/wp\/v2\/comments?post=297214"}],"version-history":[{"count":0,"href":"https:\/\/www.europesays.com\/fr\/wp-json\/wp\/v2\/posts\/297214\/revisions"}],"wp:featuredmedia":[{"embeddable":true,"href":"https:\/\/www.europesays.com\/fr\/wp-json\/wp\/v2\/media\/297215"}],"wp:attachment":[{"href":"https:\/\/www.europesays.com\/fr\/wp-json\/wp\/v2\/media?parent=297214"}],"wp:term":[{"taxonomy":"category","embeddable":true,"href":"https:\/\/www.europesays.com\/fr\/wp-json\/wp\/v2\/categories?post=297214"},{"taxonomy":"post_tag","embeddable":true,"href":"https:\/\/www.europesays.com\/fr\/wp-json\/wp\/v2\/tags?post=297214"}],"curies":[{"name":"wp","href":"https:\/\/api.w.org\/{rel}","templated":true}]}}