{"id":297220,"date":"2025-08-05T04:12:16","date_gmt":"2025-08-05T04:12:16","guid":{"rendered":"https:\/\/www.europesays.com\/fr\/297220\/"},"modified":"2025-08-05T04:12:16","modified_gmt":"2025-08-05T04:12:16","slug":"evanouis-un-film-depouvante-aussi-habile-quefficace","status":"publish","type":"post","link":"https:\/\/www.europesays.com\/fr\/297220\/","title":{"rendered":"&lsquo;\u00c9vanouis&rsquo; : un film d\u2019\u00e9pouvante aussi habile qu\u2019efficace"},"content":{"rendered":"<p>R\u00e9v\u00e9l\u00e9 en 2022 par \u00ab\u00a0Barbarian\u00a0\u00bb, <strong>Zach Cregger s\u2019impose, avec \u00ab\u00a0\u00c9vanouis\u00a0\u00bb, comme l\u2019un des nouveaux ma\u00eetres de l\u2019horreur<\/strong>. \u00a0S\u2019appuyant sur un sc\u00e9nario subtil, <strong>le film combine avec habilet\u00e9 les ressorts du cin\u00e9ma d\u2019\u00e9pouvante \u00e0 ceux d\u2019un drame de l\u2019Am\u00e9rique suburbaine<\/strong>. A quoi le r\u00e9alisateur, qui conna\u00eet manifestement ses classiques, ajoute une touche d\u2019humour. \u00a0Port\u00e9 par un casting de premier choix, r\u00e9unissant, aux c\u00f4t\u00e9s de Julia Garner dans le r\u00f4le de l\u2019institutrice Justine Gandy, rien moins que Josh Brolin, Alden Ehrenreich ou autre Benedict Wong. Voil\u00e0 assur\u00e9ment <strong>le film d\u2019horreur de l\u2019\u00e9t\u00e9. <\/strong>Un suspense aussi gla\u00e7ant que haletant, donnant sa pleine mesure sur grand \u00e9cran. <\/p>\n<p>Frissons garantis\u00a0!\u00a0\u00a0 <\/p>\n","protected":false},"excerpt":{"rendered":"R\u00e9v\u00e9l\u00e9 en 2022 par \u00ab\u00a0Barbarian\u00a0\u00bb, Zach Cregger s\u2019impose, avec \u00ab\u00a0\u00c9vanouis\u00a0\u00bb, comme l\u2019un des nouveaux ma\u00eetres de l\u2019horreur. \u00a0S\u2019appuyant&hellip;\n","protected":false},"author":2,"featured_media":297221,"comment_status":"","ping_status":"","sticky":false,"template":"","format":"standard","meta":{"footnotes":""},"categories":[1354],"tags":[58,59,1346,1011,27,1360],"class_list":{"0":"post-297220","1":"post","2":"type-post","3":"status-publish","4":"format-standard","5":"has-post-thumbnail","7":"category-films","8":"tag-divertissement","9":"tag-entertainment","10":"tag-films","11":"tag-fr","12":"tag-france","13":"tag-movies"},"share_on_mastodon":{"url":"https:\/\/pubeurope.com\/@fr\/114974211697766657","error":""},"_links":{"self":[{"href":"https:\/\/www.europesays.com\/fr\/wp-json\/wp\/v2\/posts\/297220","targetHints":{"allow":["GET"]}}],"collection":[{"href":"https:\/\/www.europesays.com\/fr\/wp-json\/wp\/v2\/posts"}],"about":[{"href":"https:\/\/www.europesays.com\/fr\/wp-json\/wp\/v2\/types\/post"}],"author":[{"embeddable":true,"href":"https:\/\/www.europesays.com\/fr\/wp-json\/wp\/v2\/users\/2"}],"replies":[{"embeddable":true,"href":"https:\/\/www.europesays.com\/fr\/wp-json\/wp\/v2\/comments?post=297220"}],"version-history":[{"count":0,"href":"https:\/\/www.europesays.com\/fr\/wp-json\/wp\/v2\/posts\/297220\/revisions"}],"wp:featuredmedia":[{"embeddable":true,"href":"https:\/\/www.europesays.com\/fr\/wp-json\/wp\/v2\/media\/297221"}],"wp:attachment":[{"href":"https:\/\/www.europesays.com\/fr\/wp-json\/wp\/v2\/media?parent=297220"}],"wp:term":[{"taxonomy":"category","embeddable":true,"href":"https:\/\/www.europesays.com\/fr\/wp-json\/wp\/v2\/categories?post=297220"},{"taxonomy":"post_tag","embeddable":true,"href":"https:\/\/www.europesays.com\/fr\/wp-json\/wp\/v2\/tags?post=297220"}],"curies":[{"name":"wp","href":"https:\/\/api.w.org\/{rel}","templated":true}]}}