{"id":297222,"date":"2025-08-05T04:13:11","date_gmt":"2025-08-05T04:13:11","guid":{"rendered":"https:\/\/www.europesays.com\/fr\/297222\/"},"modified":"2025-08-05T04:13:11","modified_gmt":"2025-08-05T04:13:11","slug":"voici-ce-quil-faut-absolument-eviter-de-faire-pour-ne-pas-avoir-les-yeux-secs-cet-ete-selon-un-ophtalmologue","status":"publish","type":"post","link":"https:\/\/www.europesays.com\/fr\/297222\/","title":{"rendered":"Voici ce qu&rsquo;il faut absolument \u00e9viter de faire pour ne pas avoir les yeux secs cet \u00e9t\u00e9 selon un ophtalmologue"},"content":{"rendered":"<p class=\"app_entry_lead\">\n                                    <a title=\"\u00a0\u00a9\u00a0123RF\" href=\"https:\/\/www.europesays.com\/fr\/wp-content\/uploads\/2025\/08\/77545744.jpg\" class=\"fancy\"><\/p>\n<p>                            <img loading=\"lazy\" decoding=\"async\" src=\"https:\/\/www.europesays.com\/fr\/wp-content\/uploads\/2025\/08\/77545744.jpg\" alt=\"Voici ce qu'il faut absolument \u00e9viter de faire pour ne pas avoir les yeux secs cet \u00e9t\u00e9 selon un ophtalmologue\" width=\"1500\" height=\"1000\"\/><\/p>\n<p>                    <\/a><br \/>\n                    Un ophtalmologue donne ses conseils pour limiter les risques de s\u00e9cheresse oculaire. Ce syndrome touche de nombreuses personnes, en particulier en \u00e9t\u00e9.\n            <\/p>\n<p>Yeux rouges, qui br\u00fblent, picotent&#8230;\u00a0Si vous connaissez ces sympt\u00f4mes, vous avez probablement d\u00e9j\u00e0 souffert de s\u00e9cheresse oculaire. Ce syndrome d\u00e9sagr\u00e9able est d&rsquo;autant plus fr\u00e9quent en \u00e9t\u00e9, avec la chaleur, le soleil, le sable ou encore la climatisation. Certaines personnes y sont particuli\u00e8rement \u00e0 risque : celles qui portent des lentilles de contact,\u00a0qui souffrent d&rsquo;allergies oculaires\u00a0ou encore les personnes \u00e2g\u00e9es. D&rsquo;apr\u00e8s <a href=\"https:\/\/www.ameli.fr\/assure\/sante\/themes\/secheresse-oculaire\/definition-symptomes-causes\" rel=\"nofollow noopener\" target=\"_blank\">l&rsquo;Assurance maladie<\/a>, \u00ab\u00a015\u00a0% des personnes \u00e2g\u00e9es de plus de 60\u00a0ans sont atteints de s\u00e9cheresse oculaire\u00a0\u00bb.\u00a0La prise de certains m\u00e9dicaments, notamment les antihistaminiques et les antid\u00e9presseurs, peut \u00e9galement augmenter le risque.\u00a0<\/p>\n<p>Heureusement, il est possible de pr\u00e9venir l&rsquo;apparition de la s\u00e9cheresse oculaire.\u00a0Pour cela, le Dr Paul Bastelica, ophtalmologue \u00e0 l&rsquo;H\u00f4pital national des 15-20 recommande de :\u00a0<\/p>\n<ul>\n<li>\u00ab\u00a0porter des lunettes de soleil pour prot\u00e9ger du soleil\u00a0\u00bb mais aussi du vent, de la poussi\u00e8re et du sable,\u00a0<\/li>\n<li>\u00ab\u00a0faire des pauses lors du port de lentilles, ou privil\u00e9gier les lunettes,\u00a0<\/li>\n<li>cligner des yeux r\u00e9guli\u00e8rement, surtout devant un \u00e9cran\u00a0\u00bb o\u00f9 on a tendance \u00e0 moins le faire, ce qui ass\u00e8che les yeux,\u00a0<\/li>\n<li>et enfin \u00ab\u00a0d&rsquo;\u00e9viter l&rsquo;exposition prolong\u00e9e aux courants d&rsquo;air directs (ventilateurs, fen\u00eatres ouvertes en voiture, air climatis\u00e9)\u00a0\u00bb.\u00a0<\/li>\n<\/ul>\n<p><img decoding=\"async\" alt=\"\" src=\"https:\/\/www.europesays.com\/fr\/wp-content\/uploads\/2025\/08\/78106831.jpg\"\/><br \/>\n\u00a9\u00a0123RF<\/p>\n<p>Aussi, puisque les baignades r\u00e9p\u00e9t\u00e9es, notamment \u00e0 cause \u00ab\u00a0du chlore des piscines ou de l&rsquo;eau de mer\u00a0\u00bb, peuvent \u00eatre \u00e0 l&rsquo;origine d&rsquo;une s\u00e9cheresse oculaire, il est pr\u00e9f\u00e9rable de porter des lunettes de piscine ou de ne pas mettre la t\u00eate sous l&rsquo;eau.\u00a0\u00a0<\/p>\n<p>Si malgr\u00e9 tout, des sympt\u00f4mes de s\u00e9cheresse oculaire surviennent (\u00ab\u00a0sensation de br\u00fblure ou de picotements dans les yeux, une sensation de corps \u00e9tranger &#8211; comme du sable dans les yeux -, une sensibilit\u00e9 accrue \u00e0 la lumi\u00e8re, voire un larmoiement\u00a0\u00bb, liste le Dr Bastelica), des solutions existent. Il s&rsquo;agit notamment des larmes artificielles, qui sont disponibles sans ordonnance. Il faut \u00e9galement \u00e9viter tous les facteurs de risque cit\u00e9s plus haut afin d&rsquo;\u00e9viter d&#8217;empirer la situation.\u00a0<\/p>\n<p>Mais dans certains cas, cela ne suffit pas.\u00a0Le Dr Bastelica pr\u00e9cise qu&rsquo;il \u00ab\u00a0est n\u00e9cessaire de consulter un ophtalmologue si\u00a0les sympt\u00f4mes persistent malgr\u00e9 l&rsquo;utilisation de larmes artificielles, une douleur intense appara\u00eet, lorsque la vision devient trouble\u00a0\u00bb. Il ne faut pas prendre la s\u00e9cheresse oculaire \u00e0 la l\u00e9g\u00e8re car si elles n&rsquo;est pas trait\u00e9e, elle \u00ab\u00a0peut fragiliser la surface de l\u2019\u0153il et provoquer des infections, ou des opacit\u00e9s de la corn\u00e9e qui peuvent remettre en cause\u00a0\u00bb la vision, alerte l&rsquo;ophtalmologue.\u00a0<\/p>\n","protected":false},"excerpt":{"rendered":"Un ophtalmologue donne ses conseils pour limiter les risques de s\u00e9cheresse oculaire. Ce syndrome touche de nombreuses personnes,&hellip;\n","protected":false},"author":2,"featured_media":297223,"comment_status":"","ping_status":"","sticky":false,"template":"","format":"standard","meta":{"footnotes":""},"categories":[10],"tags":[1011,27,72,71],"class_list":{"0":"post-297222","1":"post","2":"type-post","3":"status-publish","4":"format-standard","5":"has-post-thumbnail","7":"category-sante","8":"tag-fr","9":"tag-france","10":"tag-health","11":"tag-sante"},"share_on_mastodon":{"url":"https:\/\/pubeurope.com\/@fr\/114974215915448105","error":""},"_links":{"self":[{"href":"https:\/\/www.europesays.com\/fr\/wp-json\/wp\/v2\/posts\/297222","targetHints":{"allow":["GET"]}}],"collection":[{"href":"https:\/\/www.europesays.com\/fr\/wp-json\/wp\/v2\/posts"}],"about":[{"href":"https:\/\/www.europesays.com\/fr\/wp-json\/wp\/v2\/types\/post"}],"author":[{"embeddable":true,"href":"https:\/\/www.europesays.com\/fr\/wp-json\/wp\/v2\/users\/2"}],"replies":[{"embeddable":true,"href":"https:\/\/www.europesays.com\/fr\/wp-json\/wp\/v2\/comments?post=297222"}],"version-history":[{"count":0,"href":"https:\/\/www.europesays.com\/fr\/wp-json\/wp\/v2\/posts\/297222\/revisions"}],"wp:featuredmedia":[{"embeddable":true,"href":"https:\/\/www.europesays.com\/fr\/wp-json\/wp\/v2\/media\/297223"}],"wp:attachment":[{"href":"https:\/\/www.europesays.com\/fr\/wp-json\/wp\/v2\/media?parent=297222"}],"wp:term":[{"taxonomy":"category","embeddable":true,"href":"https:\/\/www.europesays.com\/fr\/wp-json\/wp\/v2\/categories?post=297222"},{"taxonomy":"post_tag","embeddable":true,"href":"https:\/\/www.europesays.com\/fr\/wp-json\/wp\/v2\/tags?post=297222"}],"curies":[{"name":"wp","href":"https:\/\/api.w.org\/{rel}","templated":true}]}}