{"id":297226,"date":"2025-08-05T04:15:18","date_gmt":"2025-08-05T04:15:18","guid":{"rendered":"https:\/\/www.europesays.com\/fr\/297226\/"},"modified":"2025-08-05T04:15:18","modified_gmt":"2025-08-05T04:15:18","slug":"harry-violent-avec-le-prince-andrew-il-brandit-la-menace-judiciaire-mais-ca-pourrait-lui-revenir-en-pleine-face","status":"publish","type":"post","link":"https:\/\/www.europesays.com\/fr\/297226\/","title":{"rendered":"Harry violent avec le prince Andrew ? Il brandit la menace judiciaire mais \u00e7a pourrait lui revenir en pleine face"},"content":{"rendered":"<p>R\u00e9cemment, Andrew Lownie a publi\u00e9 un livre choc, intitul\u00e9<br \/>\nThe Rise and Fall of the House of York. Dans cet ouvrage,<br \/>\nl\u2019\u00e9crivain raconte les frasques du prince Andrew, mais pas<br \/>\nseulement.<\/p>\n<p>L\u2019auteur assure que Harry et le duc d\u2019York ont eu une violente<br \/>\naltercation lors d\u2019une r\u00e9union familiale en 2013 et se seraient<br \/>\n\u00e9chang\u00e9s \u00ab\u00a0<strong>des coups de poing<\/strong>\u00ab\u00a0. Le fr\u00e8re<br \/>\nde William aurait laiss\u00e9 son oncle \u00ab\u00a0le nez en sang\u00a0\u00bb.<\/p>\n<p>Harry violent envers le prince Andrew\u00a0? Il d\u00e9ment et fait<br \/>\nappel \u00e0 ses avocats<\/p>\n<p>Dans son livre choc, Andrew Lownie affirme que le prince Andrew<br \/>\net Harry se seraient <strong>violemment disput\u00e9s<\/strong> en 2013.<br \/>\nSelon l&rsquo;auteur, le fr\u00e8re de Charles III aurait fait des remarques<br \/>\nd\u00e9sobligeantes sur Meghan Markle. Apr\u00e8s ces r\u00e9v\u00e9lations, un<br \/>\nporte-parole du duc de Sussex ont d\u00e9menti les all\u00e9gations. \u00ab\u00a0Je<br \/>\npeux confirmer que le prince Harry et le prince Andrew n&rsquo;ont<br \/>\n<strong>jamais eu de bagarre physique<\/strong>, et que le prince<br \/>\nAndrew n&rsquo;a <strong>jamais tenu les propos<\/strong> qu&rsquo;il est cens\u00e9<br \/>\navoir tenus \u00e0 propos de la duchesse de Sussex au prince Harry\u00a0\u00bb<br \/>\npouvait-on lire.<\/p>\n<p>Sur ses r\u00e9seaux sociaux, Andrew Lownie a ensuite partag\u00e9 un lien<br \/>\nvers un article du Newsweek, affirmant que le prince Harry avait<br \/>\ncontact\u00e9 ses <strong>avocats<\/strong>. L\u2019auteur a alors d\u00e9clar\u00e9 :<br \/>\n\u00ab\u00a0Le prince Harry fait appel \u00e0 des <strong>avocats<\/strong> au<br \/>\nsujet de l&rsquo;affaire du prince Andrew et de Meghan. <strong>J&rsquo;ai h\u00e2te<br \/>\nde me battre<\/strong> et de d\u00e9couvrir les r\u00e9v\u00e9lations qui en<br \/>\nd\u00e9couleront\u00a0\u00bb.\u00a0<\/p>\n<p><img loading=\"lazy\" decoding=\"async\" aria-describedby=\"caption-attachment-3568744\" itemprop=\"thumbnailUrl\" class=\"size-large wp-image-3568744 img-responsive\" src=\"https:\/\/www.europesays.com\/fr\/wp-content\/uploads\/2025\/08\/prince-andrew-685x1024.jpg\" alt=\"Prince Andrew\" width=\"685\" height=\"1024\"\/> \u00a9 Bestimage<\/p>\n<p id=\"caption-attachment-3568744\" class=\"wp-caption-text\">Prince<br \/>\nAndrew, l&rsquo;oncle paria du prince Harry<\/p>\n<p>Les avocats du prince Harry passe \u00e0<br \/>\nl&rsquo;attaque<\/p>\n<p>Dans son livre, Andrew Lownie assure en effet : \u00ab\u00a0Selon une<br \/>\nsource proche des deux hommes, Harry lui a dit qu&rsquo;il \u00e9tait l\u00e2che de<br \/>\nne pas le lui dire en face. Harry a eu raison d&rsquo;Andrew, de toute<br \/>\n\u00e9vidence, le laissant avec le <strong>nez en sang<\/strong> avant la<br \/>\nfin de la bagarre\u00a0\u00bb. L\u2019\u00e9crivain a \u00e9galement \u00e9crit : \u00ab\u00a0Il a<br \/>\nouvertement <strong>accus\u00e9 Meghan d&rsquo;\u00eatre opportuniste<\/strong> et<br \/>\nde la penser trop \u00e2g\u00e9e pour Harry, ajoutant que son neveu<br \/>\ncommettait la <strong>plus grosse erreur de sa vie<\/strong>. La<br \/>\nsource a d\u00e9clar\u00e9\u00a0: \u2018Harry a ensuite confi\u00e9 \u00e0 William<br \/>\nqu&rsquo;il <strong>d\u00e9testait<\/strong> Andrew\u2019\u00a0\u00bb. Selon l\u2019auteur,<br \/>\nle prince Andrew aurait \u00e9galement confi\u00e9 \u00e0 son neveu que son<br \/>\nmariage ne durerait pas plus d\u2019un mois et lui aurait reproch\u00e9<br \/>\nd\u2019\u00eatre \u00ab\u00a0<strong>fou<\/strong>\u00a0\u00bb de ne pas avoir<br \/>\n<strong>fouill\u00e9 le pass\u00e9<\/strong> de son \u00e9pouse.<\/p>\n<blockquote class=\"twitter-tweet\"><p><a class=\"twitter-link\" rel=\"noindex, nofollow noopener\" href=\"https:\/\/twitter.com\/andrewlownie\/status\/1951942814750695625\" target=\"_blank\"><\/p><\/blockquote>\n<p>L\u2019\u00e9quipe de Harry et Meghan a \u00e9galement d\u00e9clar\u00e9 \u00e0 NewsWeek :<br \/>\n\u00ab\u00a0Les inexactitudes flagrantes et les propos pr\u00e9judiciables et<br \/>\ndiffamatoires contenus dans l&rsquo;article du Daily Mail sont<br \/>\ntelles que je peux confirmer qu&rsquo;une <strong>lettre<br \/>\njuridique<\/strong> de l&rsquo;avocat du prince Harry a \u00e9t\u00e9 envoy\u00e9e<br \/>\nau Daily Mail\u00a0\u00bb.<\/p>\n<p><script async src=\"https:\/\/platform.twitter.com\/widgets.js\" charset=\"utf-8\"><\/script><\/p>\n","protected":false},"excerpt":{"rendered":"R\u00e9cemment, Andrew Lownie a publi\u00e9 un livre choc, intitul\u00e9 The Rise and Fall of the House of York.&hellip;\n","protected":false},"author":2,"featured_media":297227,"comment_status":"","ping_status":"","sticky":false,"template":"","format":"standard","meta":{"footnotes":""},"categories":[8],"tags":[548,58,59,1011,27,908,546,267],"class_list":{"0":"post-297226","1":"post","2":"type-post","3":"status-publish","4":"format-standard","5":"has-post-thumbnail","7":"category-divertissement","8":"tag-article-simple","9":"tag-divertissement","10":"tag-entertainment","11":"tag-fr","12":"tag-france","13":"tag-meghan-markle","14":"tag-prince-andrew","15":"tag-prince-harry"},"share_on_mastodon":{"url":"https:\/\/pubeurope.com\/@fr\/114974223604508315","error":""},"_links":{"self":[{"href":"https:\/\/www.europesays.com\/fr\/wp-json\/wp\/v2\/posts\/297226","targetHints":{"allow":["GET"]}}],"collection":[{"href":"https:\/\/www.europesays.com\/fr\/wp-json\/wp\/v2\/posts"}],"about":[{"href":"https:\/\/www.europesays.com\/fr\/wp-json\/wp\/v2\/types\/post"}],"author":[{"embeddable":true,"href":"https:\/\/www.europesays.com\/fr\/wp-json\/wp\/v2\/users\/2"}],"replies":[{"embeddable":true,"href":"https:\/\/www.europesays.com\/fr\/wp-json\/wp\/v2\/comments?post=297226"}],"version-history":[{"count":0,"href":"https:\/\/www.europesays.com\/fr\/wp-json\/wp\/v2\/posts\/297226\/revisions"}],"wp:featuredmedia":[{"embeddable":true,"href":"https:\/\/www.europesays.com\/fr\/wp-json\/wp\/v2\/media\/297227"}],"wp:attachment":[{"href":"https:\/\/www.europesays.com\/fr\/wp-json\/wp\/v2\/media?parent=297226"}],"wp:term":[{"taxonomy":"category","embeddable":true,"href":"https:\/\/www.europesays.com\/fr\/wp-json\/wp\/v2\/categories?post=297226"},{"taxonomy":"post_tag","embeddable":true,"href":"https:\/\/www.europesays.com\/fr\/wp-json\/wp\/v2\/tags?post=297226"}],"curies":[{"name":"wp","href":"https:\/\/api.w.org\/{rel}","templated":true}]}}