{"id":297238,"date":"2025-08-05T04:21:11","date_gmt":"2025-08-05T04:21:11","guid":{"rendered":"https:\/\/www.europesays.com\/fr\/297238\/"},"modified":"2025-08-05T04:21:11","modified_gmt":"2025-08-05T04:21:11","slug":"saint-just-saint-rambert-le-game-club-se-developpe-dans-les-mediatheques-loire-forez","status":"publish","type":"post","link":"https:\/\/www.europesays.com\/fr\/297238\/","title":{"rendered":"Saint-Just-Saint-Rambert. Le Game Club se d\u00e9veloppe dans les m\u00e9diath\u00e8ques Loire Forez"},"content":{"rendered":"<p>Fort du succ\u00e8s rencontr\u00e9 aupr\u00e8s des adolescents, le r\u00e9seau Copernic a d\u00e9cid\u00e9 de d\u00e9velopper ses sessions de Game Club dans ses m\u00e9diath\u00e8ques Loire-Forez \u00e0 Saint-Just-Saint-Rambert et \u00e0 Montbrison. \u00ab\u00a0Nous l\u2019organisons une fois par mois d\u00e9sormais, tous les premiers mercredis\u00a0\u00bb, pr\u00e9sentent \u00c9velyne Chouvier, vice-pr\u00e9sidente de Loire Forez agglom\u00e9ration, d\u00e9l\u00e9gu\u00e9e \u00e0 la culture, et Ang\u00e9lique Marie, responsable territoriale sud et&#8230;<\/p>\n","protected":false},"excerpt":{"rendered":"Fort du succ\u00e8s rencontr\u00e9 aupr\u00e8s des adolescents, le r\u00e9seau Copernic a d\u00e9cid\u00e9 de d\u00e9velopper ses sessions de Game&hellip;\n","protected":false},"author":2,"featured_media":297239,"comment_status":"","ping_status":"","sticky":false,"template":"","format":"standard","meta":{"footnotes":""},"categories":[9653],"tags":[1111,11,2430,1687,7359,1777,674,1011,27,1036,12,25,4001,20524,20525],"class_list":{"0":"post-297238","1":"post","2":"type-post","3":"status-publish","4":"format-standard","5":"has-post-thumbnail","7":"category-saint-etienne","8":"tag-actu","9":"tag-actualites","10":"tag-auvergne-rhone-alpes","11":"tag-culture-loisirs","12":"tag-edition-loire-centre","13":"tag-eu","14":"tag-europe","15":"tag-fr","16":"tag-france","17":"tag-jeux-video","18":"tag-news","19":"tag-republique-francaise","20":"tag-saint-etienne","21":"tag-saint-just-saint-rambert","22":"tag-saint-just-saint-rambert-ville"},"share_on_mastodon":{"url":"https:\/\/pubeurope.com\/@fr\/114974247106097342","error":""},"_links":{"self":[{"href":"https:\/\/www.europesays.com\/fr\/wp-json\/wp\/v2\/posts\/297238","targetHints":{"allow":["GET"]}}],"collection":[{"href":"https:\/\/www.europesays.com\/fr\/wp-json\/wp\/v2\/posts"}],"about":[{"href":"https:\/\/www.europesays.com\/fr\/wp-json\/wp\/v2\/types\/post"}],"author":[{"embeddable":true,"href":"https:\/\/www.europesays.com\/fr\/wp-json\/wp\/v2\/users\/2"}],"replies":[{"embeddable":true,"href":"https:\/\/www.europesays.com\/fr\/wp-json\/wp\/v2\/comments?post=297238"}],"version-history":[{"count":0,"href":"https:\/\/www.europesays.com\/fr\/wp-json\/wp\/v2\/posts\/297238\/revisions"}],"wp:featuredmedia":[{"embeddable":true,"href":"https:\/\/www.europesays.com\/fr\/wp-json\/wp\/v2\/media\/297239"}],"wp:attachment":[{"href":"https:\/\/www.europesays.com\/fr\/wp-json\/wp\/v2\/media?parent=297238"}],"wp:term":[{"taxonomy":"category","embeddable":true,"href":"https:\/\/www.europesays.com\/fr\/wp-json\/wp\/v2\/categories?post=297238"},{"taxonomy":"post_tag","embeddable":true,"href":"https:\/\/www.europesays.com\/fr\/wp-json\/wp\/v2\/tags?post=297238"}],"curies":[{"name":"wp","href":"https:\/\/api.w.org\/{rel}","templated":true}]}}