{"id":297240,"date":"2025-08-05T04:22:10","date_gmt":"2025-08-05T04:22:10","guid":{"rendered":"https:\/\/www.europesays.com\/fr\/297240\/"},"modified":"2025-08-05T04:22:10","modified_gmt":"2025-08-05T04:22:10","slug":"ce-plan-deau-prise-autorise-a-ouvrir","status":"publish","type":"post","link":"https:\/\/www.europesays.com\/fr\/297240\/","title":{"rendered":"ce plan d&rsquo;eau pris\u00e9 autoris\u00e9 \u00e0 ouvrir"},"content":{"rendered":"<p>            Par<br \/>\n        <strong><br \/>\n            <a href=\"https:\/\/actu.fr\/auteur\/mathias-souteyrat\" title=\"Consulter tous les articles de Mathias Souteyrat\" target=\"_blank\" rel=\"noopener\">Mathias Souteyrat<\/a><br \/>\n        <\/strong><\/p>\n<p>        Publi\u00e9 le<\/p>\n<p>            5 ao\u00fbt 2025 \u00e0 6h04        <\/p>\n<p>Les temp\u00e9ratures remontent fortement pour cette fin de premi\u00e8re semaine d\u2019ao\u00fbt dans la <a href=\"https:\/\/actu.fr\/auvergne-rhone-alpes\/saint-etienne_42218\/meteo-les-chaleurs-etouffantes-de-retour-dans-la-loire-jusqu-a-38-c-attendus-les-zones-impactees_62989950.html\" target=\"_blank\" rel=\"noopener\">Loire<\/a>.<\/p>\n<p class=\" wall-content\">La base nautique de <a href=\"https:\/\/actu.fr\/auvergne-rhone-alpes\/saint-etienne_42218\/saint-etienne-canicule-souvent-ferme-ce-plan-d-eau-ouvert-a-la-baignade_62869298.html\" target=\"_blank\" rel=\"noopener\">Saint-Victor-sur-Loire<\/a> sur la commune de <a href=\"https:\/\/actu.fr\/saint-etienne\/\" target=\"_blank\" rel=\"noopener\">Saint-Etienne<\/a> est ouverte. La baignade y est autoris\u00e9e jusqu\u2019au 8\u00a0ao\u00fbt 2025 au moins.<\/p>\n<p>\u00ab\u2009Une bonne qualit\u00e9 de l\u2019eau\u2009\u00bb<\/p>\n<p class=\" wall-content\">\u00ab\u2009Les r\u00e9sultats des derni\u00e8res analyses de l\u2019eau r\u00e9alis\u00e9es par l\u2019ARS (Agence r\u00e9gionale de sant\u00e9) viennent d\u2019\u00eatre communiqu\u00e9s. Valables jusqu\u2019au 8\u00a0ao\u00fbt, ils indiquent une bonne qualit\u00e9 de l\u2019eau pour la baignade\u2009\u00bb, pr\u00e9cise la municipalit\u00e9.<\/p>\n<p>Des ma\u00eetres nageurs<\/p>\n<p class=\" wall-content\">Pour rappel, la baignade est autoris\u00e9e et surveill\u00e9e, dans la zone d\u00e9limit\u00e9e par la ligne d\u2019eau, durant les vacances scolaires.<\/p>\n<p class=\" wall-content\">La surveillance est assur\u00e9e par trois ma\u00eetres-nageurs pour la p\u00e9riode estivale, tous les jours, de midi \u00e0 18\u00a0heures.<\/p>\n<p>Des navettes STAS<\/p>\n<p class=\" wall-content\">Pour se rendre sur la plage st\u00e9phanoise de Saint-Victor-sur-Loire r\u00e9f\u00e9renc\u00e9e espace sans tabac, il est d\u00e9j\u00e0 possible d\u2019utiliser la navette Stas qui vous emm\u00e8ne en 30\u00a0minutes, du centre-ville de Saint-Etienne (arr\u00eat place Jean-Jaur\u00e8s \u00e0 c\u00f4t\u00e9 du buste de Jean-Jaur\u00e8s) \u00e0 la base nautique, les pieds dans l\u2019eau.<\/p>\n<p class=\" wall-content\">Une piste cyclable, repr\u00e9sentant un tron\u00e7on de 2,8\u00a0km, entre le carrefour du Vallon et l\u2019entr\u00e9e du village, offrant aux cyclistes une voie d\u2019acc\u00e8s s\u00e9curis\u00e9e dans les deux sens de circulation.<\/p>\n<p class=\" wall-content\">Un nouveau parking dot\u00e9 de 42 places a \u00e9t\u00e9 cr\u00e9\u00e9 \u00e0 Grande Fontaine. Une fois gar\u00e9, il est possible de rejoindre le village \u00e0 pied en empruntant le nouveau trottoir.<\/p>\n<p class=\" wall-content\">Suivez toute l\u2019actualit\u00e9 de vos villes et m\u00e9dias favoris en vous inscrivant \u00e0 <a href=\"https:\/\/moncompte.actu.fr\" title=\"D\u00e9couvez Mon Actu\" rel=\"nofollow noopener\" data-trk=\"{&quot;cta&quot;:{&quot;action&quot;:&quot;https:\\\/\\\/moncompte.actu.fr&quot;,&quot;category&quot;:&quot;mon compte&quot;,&quot;from&quot;:&quot;article footer&quot;,&quot;name&quot;:&quot;Mon actu&quot;,&quot;type&quot;:&quot;cta&quot;}}\" target=\"_blank\">Mon Actu<\/a>.<\/p>\n","protected":false},"excerpt":{"rendered":"Par Mathias Souteyrat Publi\u00e9 le 5 ao\u00fbt 2025 \u00e0 6h04 Les temp\u00e9ratures remontent fortement pour cette fin de&hellip;\n","protected":false},"author":2,"featured_media":297241,"comment_status":"","ping_status":"","sticky":false,"template":"","format":"standard","meta":{"footnotes":""},"categories":[9653],"tags":[1111,11,2430,1777,674,1011,27,12,8302,25,4001,104,15637],"class_list":{"0":"post-297240","1":"post","2":"type-post","3":"status-publish","4":"format-standard","5":"has-post-thumbnail","7":"category-saint-etienne","8":"tag-actu","9":"tag-actualites","10":"tag-auvergne-rhone-alpes","11":"tag-eu","12":"tag-europe","13":"tag-fr","14":"tag-france","15":"tag-news","16":"tag-plages","17":"tag-republique-francaise","18":"tag-saint-etienne","19":"tag-societe","20":"tag-vague-de-chaleur"},"share_on_mastodon":{"url":"https:\/\/pubeurope.com\/@fr\/114974250950068200","error":""},"_links":{"self":[{"href":"https:\/\/www.europesays.com\/fr\/wp-json\/wp\/v2\/posts\/297240","targetHints":{"allow":["GET"]}}],"collection":[{"href":"https:\/\/www.europesays.com\/fr\/wp-json\/wp\/v2\/posts"}],"about":[{"href":"https:\/\/www.europesays.com\/fr\/wp-json\/wp\/v2\/types\/post"}],"author":[{"embeddable":true,"href":"https:\/\/www.europesays.com\/fr\/wp-json\/wp\/v2\/users\/2"}],"replies":[{"embeddable":true,"href":"https:\/\/www.europesays.com\/fr\/wp-json\/wp\/v2\/comments?post=297240"}],"version-history":[{"count":0,"href":"https:\/\/www.europesays.com\/fr\/wp-json\/wp\/v2\/posts\/297240\/revisions"}],"wp:featuredmedia":[{"embeddable":true,"href":"https:\/\/www.europesays.com\/fr\/wp-json\/wp\/v2\/media\/297241"}],"wp:attachment":[{"href":"https:\/\/www.europesays.com\/fr\/wp-json\/wp\/v2\/media?parent=297240"}],"wp:term":[{"taxonomy":"category","embeddable":true,"href":"https:\/\/www.europesays.com\/fr\/wp-json\/wp\/v2\/categories?post=297240"},{"taxonomy":"post_tag","embeddable":true,"href":"https:\/\/www.europesays.com\/fr\/wp-json\/wp\/v2\/tags?post=297240"}],"curies":[{"name":"wp","href":"https:\/\/api.w.org\/{rel}","templated":true}]}}