{"id":297244,"date":"2025-08-05T04:26:10","date_gmt":"2025-08-05T04:26:10","guid":{"rendered":"https:\/\/www.europesays.com\/fr\/297244\/"},"modified":"2025-08-05T04:26:10","modified_gmt":"2025-08-05T04:26:10","slug":"dans-le-couloir-on-faisait-peur-a-nos-adversaires-antoine-kombouare-revient-sur-son-passage-au-sporting-club-de-toulon","status":"publish","type":"post","link":"https:\/\/www.europesays.com\/fr\/297244\/","title":{"rendered":"\u00ab\u00a0Dans le couloir, on faisait peur \u00e0 nos adversaires\u00a0\u00bb: Antoine Kombouar\u00e9 revient sur son passage au Sporting club de Toulon"},"content":{"rendered":"<p>Arriv\u00e9 \u00e0 l\u2019\u00e9t\u00e9 1990, Antoine Kombouar\u00e9 ne sera rest\u00e9 que quelques mois au Sporting club de Toulon. Le Nantais \u00e9tait de retour pour la premi\u00e8re fois \u00e0 Toulon depuis son d\u00e9part. Une parenth\u00e8se courte, mais qui l\u2019a profond\u00e9ment marqu\u00e9.<\/p>\n<p>Que ressentez-vous aujourd\u2019hui en revenant \u00e0 Toulon?<\/p>\n<p>\u00c7a me rappelle beaucoup de tr\u00e8s tr\u00e8s bons souvenirs. J\u2019ai fait un p\u00e9lerinage. Je suis all\u00e9 en voiture \u00e0 Ollioules o\u00f9 j\u2019habitais avec ma petite famille. Je n\u2019ai pas du tout reconnu. Cela fait 35 ans que je n\u2019y avais pas mis les pieds.<\/p>\n<p>Ce qui me pla\u00eet, c\u2019est de retrouver tous les anciens qui ont fait leur parcours, chacun de leur c\u00f4t\u00e9. M\u00eame si je ne suis pas rest\u00e9 longtemps, j\u2019ai toujours eu un attachement tr\u00e8s fort pour le Sporting club de Toulon. C\u2019\u00e9tait mon premier d\u00e9part de Nantes, o\u00f9 j\u2019ai \u00e9t\u00e9 form\u00e9 apr\u00e8s 7 ans l\u00e0-bas. Cette premi\u00e8re aventure m\u2019a fait grandir tout de suite.<\/p>\n<p>Qu\u2019est-ce que le club avait de si sp\u00e9cial \u00e0 l\u2019\u00e9poque?<\/p>\n<p>Entre les joueurs, il y avait une coh\u00e9sion incroyable, beaucoup de fraternit\u00e9. On s\u2019est retrouv\u00e9 \u00e0 Toulon alors qu\u2019on venait tous de clubs diff\u00e9rents. Peter Bosz arrivait m\u00eame d\u2019un autre pays (les Pays-Bas). Rolland (Courbis) \u00e9tait manager, Delio Onnis entra\u00eeneur, il y avait aussi \u00c9ric Goiran (directeur administratif). Les anciens m\u2019ont marqu\u00e9 quand je suis arriv\u00e9 comme Luigi Alfano, Jean-Louis B\u00e9renguier, les vrais Toulonnais.<\/p>\n<p>Il y avait une \u00e2me. Je retrouvais un peu un club de rugby. Les gens savaient que \u00e7a allait \u00eatre chaud, dur&#8230; J\u2019arrivais de l\u2019\u00e9cole nantaise. Ici, il fallait mettre des pains, aller \u00e0 la bagarre, mettre de l\u2019engagement. \u00e7a m\u2019a plu. Je retrouvais ma Nouvelle-Cal\u00e9donie. D\u2019o\u00f9 je viens, on n\u2019est pas loin du rugby. \u00c0 mon arriv\u00e9e, il faisait chaud, des temp\u00e9ratures comme j\u2019avais chez moi. J\u2019ai beaucoup aim\u00e9!<\/p>\n<p>\u00c7a a \u00e9t\u00e9 court malheureusement. C\u2019est la vie. Je suis parti fin novembre contre mon gr\u00e9 (au PSG). C\u2019est mon parcours&#8230;<\/p>\n<p>Si vous deviez isoler un souvenir&#8230;<\/p>\n<p>J\u2019ai en t\u00eate des moments de joie, de ferveur. On \u00e9tait intraitables au stade Mayol. J\u2019ai des souvenirs fabuleux dans le vestiaire. Quand on en sortait, on faisait un cri de guerre avant d\u2019entrer sur la pelouse. Dans le couloir, on faisait peur \u00e0 nos adversaires. C\u2019\u00e9tait une ambiance tr\u00e8s chaude. \u00c7a me faisait rire et en m\u00eame temps je voyais les joueurs en face avoir peur. C\u2019\u00e9tait \u00e7a l\u2019ambiance toulonnaise. De grands moments&#8230;<\/p>\n","protected":false},"excerpt":{"rendered":"Arriv\u00e9 \u00e0 l\u2019\u00e9t\u00e9 1990, Antoine Kombouar\u00e9 ne sera rest\u00e9 que quelques mois au Sporting club de Toulon. Le&hellip;\n","protected":false},"author":2,"featured_media":297245,"comment_status":"","ping_status":"","sticky":false,"template":"","format":"standard","meta":{"footnotes":""},"categories":[9619],"tags":[1111,11,1777,674,63,1011,27,12,882,25,60,2310],"class_list":{"0":"post-297244","1":"post","2":"type-post","3":"status-publish","4":"format-standard","5":"has-post-thumbnail","7":"category-toulon","8":"tag-actu","9":"tag-actualites","10":"tag-eu","11":"tag-europe","12":"tag-football","13":"tag-fr","14":"tag-france","15":"tag-news","16":"tag-provence-alpes-cote-dazur","17":"tag-republique-francaise","18":"tag-sports","19":"tag-toulon"},"share_on_mastodon":{"url":"https:\/\/pubeurope.com\/@fr\/114974266667551415","error":""},"_links":{"self":[{"href":"https:\/\/www.europesays.com\/fr\/wp-json\/wp\/v2\/posts\/297244","targetHints":{"allow":["GET"]}}],"collection":[{"href":"https:\/\/www.europesays.com\/fr\/wp-json\/wp\/v2\/posts"}],"about":[{"href":"https:\/\/www.europesays.com\/fr\/wp-json\/wp\/v2\/types\/post"}],"author":[{"embeddable":true,"href":"https:\/\/www.europesays.com\/fr\/wp-json\/wp\/v2\/users\/2"}],"replies":[{"embeddable":true,"href":"https:\/\/www.europesays.com\/fr\/wp-json\/wp\/v2\/comments?post=297244"}],"version-history":[{"count":0,"href":"https:\/\/www.europesays.com\/fr\/wp-json\/wp\/v2\/posts\/297244\/revisions"}],"wp:featuredmedia":[{"embeddable":true,"href":"https:\/\/www.europesays.com\/fr\/wp-json\/wp\/v2\/media\/297245"}],"wp:attachment":[{"href":"https:\/\/www.europesays.com\/fr\/wp-json\/wp\/v2\/media?parent=297244"}],"wp:term":[{"taxonomy":"category","embeddable":true,"href":"https:\/\/www.europesays.com\/fr\/wp-json\/wp\/v2\/categories?post=297244"},{"taxonomy":"post_tag","embeddable":true,"href":"https:\/\/www.europesays.com\/fr\/wp-json\/wp\/v2\/tags?post=297244"}],"curies":[{"name":"wp","href":"https:\/\/api.w.org\/{rel}","templated":true}]}}