{"id":297256,"date":"2025-08-05T04:32:20","date_gmt":"2025-08-05T04:32:20","guid":{"rendered":"https:\/\/www.europesays.com\/fr\/297256\/"},"modified":"2025-08-05T04:32:20","modified_gmt":"2025-08-05T04:32:20","slug":"le-service-apres-vente-des-verts-peine-a-convaincre","status":"publish","type":"post","link":"https:\/\/www.europesays.com\/fr\/297256\/","title":{"rendered":"LE SERVICE APR\u00c8S-VENTE DES VERTS PEINE \u00c0 CONVAINCRE"},"content":{"rendered":"<p>Posted On 5 ao\u00fbt 2025 <\/p>\n<p style=\"text-align: justify;\">Au coeur de l&rsquo;\u00e9t\u00e9, l&rsquo;ADTC, officine poisson-pilote des Verts, tente une nouvelle op\u00e9ration de comm&rsquo; pour faire le service apr\u00e8s-vente des \u00e9l\u00e9ments de langage de la municipalit\u00e9 pour l&rsquo;am\u00e9nagement du Cours Berriat&#8230;<\/p>\n<p>L&rsquo;ADTC MOBILIS\u00c9E PARTOUT POUR D\u00c9FENDRE LES VERTS\/LFI&#8230;<\/p>\n<p style=\"text-align: justify;\">Panique \u00e0 bord pour l&rsquo;ADTC qui s&rsquo;est depuis quelques mois <a href=\"https:\/\/grenoble-le-changement.fr\/2025\/06\/12\/projets-imposes-les-soutiens-des-verts-lfi-a-la-rescousse-de-la-municipalite\/\" target=\"_blank\" rel=\"noopener\">sp\u00e9cialis\u00e9e dans la d\u00e9fense des projets des Verts\/LFI quels qu&rsquo;ils soient<\/a>. On les a ainsi retrouv\u00e9 \u00e0 la manoeuvre pour faire la promo du projet tr\u00e8s contest\u00e9 de suppression du stationnement place de Metz, de celui qui a fait couler beaucoup d&rsquo;encre pour la m\u00eame raison Avenue Jeanne d&rsquo;Arc, et bien s\u00fbr pour d\u00e9fendre la chronov\u00e9lo Fontaine-Grenoble. \u00c0 chaque fois en r\u00e9p\u00e9tant les \u00e9l\u00e9ments de langage municipaux.<\/p>\n<p><a href=\"https:\/\/i2.wp.com\/grenoble-le-changement.fr\/wp-content\/uploads\/2025\/05\/manif-berriat.jpg?ssl=1\" rel=\"lightbox[83760] noopener\" target=\"_blank\"><img loading=\"lazy\" decoding=\"async\" class=\" wp-image-81969 jetpack-lazy-image\" src=\"https:\/\/i2.wp.com\/grenoble-le-changement.fr\/wp-content\/uploads\/2025\/05\/manif-berriat.jpg?resize=561%2C421&amp;ssl=1\" alt=\"\" width=\"561\" height=\"421\" data-recalc-dims=\"1\" data-lazy-src=\"https:\/\/www.europesays.com\/fr\/wp-content\/uploads\/2025\/08\/manif-berriat.jpg\" \/><\/a>Cours Berriat, manifestation des collectifs contre le projet municipal impos\u00e9.<br \/>\n&#8230; EXIGE QUE LA CHRONOV\u00c9LO BERRIAT SOIT FONCTIONNELLE EN 2026<\/p>\n<p style=\"text-align: justify;\">C&rsquo;est \u00e0 nouveau cette chronov\u00e9lo qui agite l&rsquo;ADTC et plus particuli\u00e8rement sa portion qui passe Cours Berriat, soit la partie plus contest\u00e9e du projet. Dans un communiqu\u00e9, le pr\u00e9sident de l&rsquo;association Emmanuel Colin de Verdi\u00e8re et le militant Alric Bonvallet (aussi membre actif de\u00a0<a href=\"https:\/\/grenoble-le-changement.fr\/2023\/10\/29\/le-systeme-piolle-mobilise-ses-officines-pour-se-proteger\/\" target=\"_blank\" rel=\"noopener\">\u00ab\u00a0Parlons Y V\u00e9lo\u00a0\u00bb, lobby cycliste local<\/a> proche des Verts) r\u00e9clament, exigent que la piste cyclable soit \u00ab\u00a0pleinement fonctionnelle en 2026\u00a0\u00bb.<\/p>\n<p>LE CALENDRIER DES TRAVAUX INVERS\u00c9 PAR LA M\u00c9TROPOLE<\/p>\n<p style=\"text-align: justify;\"><a href=\"https:\/\/grenoble-le-changement.fr\/2025\/07\/06\/berriat-le-vote-des-grenoblois-determinant-pour-le-projet-damenagement\/\" target=\"_blank\" rel=\"noopener\">L&rsquo;inversion du calendrier des travaux de la piste cyclable Fontaine-Grenoble<\/a> a en effet \u00e9t\u00e9 ent\u00e9rin\u00e9e lors du dernier conseil m\u00e9tropolitain, reportant l&rsquo;am\u00e9nagement du cours Berriat qui pr\u00e9voit un passage en sens unique de la portion entre le Cours Jean Jaur\u00e8s et la voie ferroviaire apr\u00e8s les \u00e9lections. C&rsquo;est ce sens unique qui est contest\u00e9e par les habitants et commer\u00e7ants, en raison des reports de circulation et de la fermeture du quartier qu&rsquo;il induirait.\u00a0<\/p>\n<p><a href=\"https:\/\/i0.wp.com\/grenoble-le-changement.fr\/wp-content\/uploads\/2024\/03\/berriat-circulation-cours--scaled.jpg?ssl=1\" rel=\"lightbox[83760] noopener\" target=\"_blank\"><img loading=\"lazy\" decoding=\"async\" class=\" wp-image-72291 jetpack-lazy-image\" src=\"https:\/\/i2.wp.com\/grenoble-le-changement.fr\/wp-content\/uploads\/2024\/03\/berriat-circulation-cours-.jpg?resize=504%2C579&amp;ssl=1\" alt=\"\" width=\"504\" height=\"579\" data-recalc-dims=\"1\" data-lazy-src=\"https:\/\/www.europesays.com\/fr\/wp-content\/uploads\/2025\/08\/berriat-circulation-cours-.jpg\" \/><\/a>Le projet alternatif de l&rsquo;Union de quartier Berriat qui permettrait de concilier tous les modes de d\u00e9placements et d&rsquo;\u00e9viter une fermeture suppl\u00e9mentaire de Grenoble.<\/p>\n<p style=\"text-align: justify;\">Et ce alors que l&rsquo;union de quartier propose un contreprojet qui permettrait d&rsquo;am\u00e9nager la piste cyclable tout en maintenant le double sens de circulation. Avec le report de l&rsquo;am\u00e9nagement apr\u00e8s les \u00e9lections municipales (et m\u00e9tropolitaines), les Grenoblois, par leur vote, peuvent donc remettre en cause le projet.<\/p>\n<p>POUR L&rsquo;ADTC, NE PAS \u00caTRE D&rsquo;ACCORD, C&rsquo;EST \u00caTRE UN \u00ab\u00a0IMMOBILISTE\u00a0\u00bb\u00a0<\/p>\n<p style=\"text-align: justify;\"><a target=\"_blank\" href=\"https:\/\/www.placegrenet.fr\/2025\/08\/02\/chronovelo-grenoble-fontaine-adtc-denonce-un-report-de-calendrier-en-catimini-revendique-par-les-immobilistes\/656923\" rel=\"noopener\">C&rsquo;est pr\u00e9cis\u00e9ment ce qui g\u00eane l&rsquo;ADTC<\/a>, qui fustige \u00ab\u00a0le choix de la M\u00e9tropole\u00a0\u00bb, qui selon les lobbyistes \u00ab\u00a0d\u00e9montre qu\u2019il s\u2019agit bien d\u2019un choix politique en r\u00e9action aux r\u00e9centes manifestations des immobilistes\u00a0\u00bb. Par le terme caricatural d'\u00a0\u00bbimmobilistes\u00a0\u00bb, l&rsquo;ADTC s&rsquo;en prend en fait aux habitants et commer\u00e7ants qui se mobilisent pour des projets concert\u00e9s, qui prennent en compte toutes les cons\u00e9quences d&rsquo;un am\u00e9nagement. On retrouve chez eux tout le m\u00e9pris Piolliste pour ceux qui pensent diff\u00e9remment.<\/p>\n<p>LE LOBBY VERT A PEUR DU VOTE DES GRENOBLOIS<\/p>\n<p style=\"text-align: justify;\"><a target=\"_blank\" href=\"https:\/\/www.placegrenet.fr\/2025\/08\/02\/chronovelo-grenoble-fontaine-adtc-denonce-un-report-de-calendrier-en-catimini-revendique-par-les-immobilistes\/656923\" rel=\"noopener\">L&rsquo;ADTC r\u00e9clame d&rsquo;aller le plus vite possible avec<\/a>, pour la rentr\u00e9e de septembre, \u00ab\u00a0une piste cyclable transitoire sur le cours Berriat(&#8230;) il suffit d\u2019appliquer le plan de circulation pr\u00e9vu \u00e0 la fin des travaux\u00a0\u00bb. L&rsquo;objectif est clair : avancer au bulldozer pour verrouiller l&rsquo;am\u00e9nagement avant les \u00e9lections municipales. Une attitude clairement anti-d\u00e9mocratique&#8230; qui t\u00e9moigne du fait que le groupuscule a peur du r\u00e9sultat des urnes en mars. Les lobbys verts sont aux abois et s&rsquo;agitent, conscients de la perte de vitesse de leur camp.\u00a0<\/p>\n<p>PENDANT CE TEMPS, LE BORGNE AVRILLIER A UNE NOUVELLE CIBLE&#8230; PARISIENNE<\/p>\n<p style=\"text-align: justify;\">Dans une autre gamme, le parrain de la municipalit\u00e9 Piolle, <a href=\"https:\/\/grenoble-le-changement.fr\/2024\/07\/28\/affaires-e-piolle-e-martin-r-avrillier-et-anticor-aux-abonnes-absents\/\" target=\"_blank\" rel=\"noopener\">le chevalier borgne de l&rsquo;ADES Raymond Avrillier<\/a>, que l&rsquo;on entend \u00e9videmment jamais s&rsquo;offusquer sur les affaires qui cernent la municipalit\u00e9 Verts\/LFI (condamnation pour favoritisme de Piolle, de l&rsquo;un de ses adjoints, affaire Piolle\/Martin ouverte&#8230;) fait parler de lui en s&rsquo;attaquant&#8230; \u00e0 Rachida Dati, avec un signalement au parquet de Paris pour l&rsquo;affaire Dati-Ghosn. <a target=\"_blank\" href=\"https:\/\/actu.fr\/auvergne-rhone-alpes\/grenoble_38185\/corruption-la-ministre-rachida-dati-dans-le-viseur-d-un-ancien-elu-ecologiste-de-grenoble_62994130.html\" rel=\"noopener\">Plus c&rsquo;est loin du syst\u00e8me Vert\/ADES grenoblois, plus \u00e7a int\u00e9resse Avrillier,<\/a> qui ne voit pas ce qui se passe au pied de chez lui.\u00a0<\/p>\n<p><a href=\"https:\/\/i2.wp.com\/grenoble-le-changement.fr\/wp-content\/uploads\/2025\/08\/actufr-dati-avrillier.png?ssl=1\" rel=\"lightbox[83760] noopener\" target=\"_blank\"><img loading=\"lazy\" decoding=\"async\" class=\" wp-image-83792 jetpack-lazy-image\" src=\"https:\/\/i2.wp.com\/grenoble-le-changement.fr\/wp-content\/uploads\/2025\/08\/actufr-dati-avrillier.png?resize=523%2C585&amp;ssl=1\" alt=\"\" width=\"523\" height=\"585\" data-recalc-dims=\"1\" data-lazy-src=\"https:\/\/www.europesays.com\/fr\/wp-content\/uploads\/2025\/08\/actufr-dati-avrillier.png\" \/><\/a>Avrillier s&rsquo;occupe&#8230; loin des probl\u00e8mes grenoblois. Capture d&rsquo;\u00e9cran <a target=\"_blank\" href=\"https:\/\/actu.fr\/auvergne-rhone-alpes\/grenoble_38185\/corruption-la-ministre-rachida-dati-dans-le-viseur-d-un-ancien-elu-ecologiste-de-grenoble_62994130.html\" rel=\"noopener\">actu.fr<\/a><br \/>\nERIC PIOLLE MASSACRE ENCORE L&rsquo;IMAGE NATIONALE DE GRENOBLE<\/p>\n<p style=\"text-align: justify;\">Mais toutes ces op\u00e9rations m\u00e9diatiques passent un peu inaper\u00e7u, alors que les propos chocs d&rsquo;Eric Piolle <a href=\"https:\/\/grenoble-le-changement.fr\/2025\/08\/01\/contre-les-ghettos-de-riches-piolle-a-cree-une-ville-ghetto-de-pauvres\/\" target=\"_blank\" rel=\"noopener\">sur les \u00ab\u00a0ghettos de riches\u00a0\u00bb<\/a> ont suscit\u00e9 une lev\u00e9e de bouclier bien au-del\u00e0 de Grenoble, avec un retentissement national. Hier encore, les chroniqueurs en plateau ne m\u00e2chaient pas leurs mots sur cette nouvelle sortie, tous formulant la m\u00eame analyse : Grenoble devient plut\u00f4t un \u00ab\u00a0ghetto de pauvres\u00a0\u00bb, avec des classes moyennes qui quittent la ville.<\/p>\n<p>ALAIN CARIGNON : \u00ab\u00a0CASSER LES GHETTOS DE VIOLENCE\u00a0\u00bb<\/p>\n<p style=\"text-align: justify;\"><a target=\"_blank\" href=\"https:\/\/www.europe1.fr\/politique\/il-devrait-plutot-casser-les-ghettos-de-violence-lancien-maire-de-grenoble-alain-carignon-repond-a-eric-piolle-766709\" rel=\"noopener\">Interview\u00e9 par la journaliste Trina Mac-Dinh hier sur Europe 1,<\/a> le pr\u00e9sident du groupe d&rsquo;opposition, candidat aux \u00e9lections municipales Alain Carignon a d\u00e9nonc\u00e9 des propos \u00ab\u00a0hors sol\u00a0\u00bb et plut\u00f4t appel\u00e9 \u00c9ric Piolle \u00e0 \u00ab\u00a0casser les ghettos de violence de la ville\u00a0\u00bb, tout en rappelant que \u00ab\u00a0chasser les familles de la classe moyenne n&rsquo;am\u00e9liore pas le sort des ghettos de pauvres\u00a0\u00bb.<\/p>\n<\/p>\n<p>Extrait de l&rsquo;intervention d&rsquo;Alain Carignon hier sur Europe 1<\/p>\n<p style=\"text-align: justify;\">Pendant qu&rsquo;Eric Piolle, de son c\u00f4t\u00e9, <a target=\"_blank\" href=\"https:\/\/x.com\/EricPiolle\/status\/1952020388554346851\">persiste et signe en expliquant sur X<\/a> qu&rsquo;il assume \u00ab\u00a0d\u2019amplifier la mixit\u00e9 sociale partout o\u00f9 nous le pouvons !\u00a0\u00bb, avec dans les quartiers ais\u00e9s \u00ab\u00a045% de logements sociaux minimum pour toute nouvelle construction\u00a0\u00bb.\u00a0<\/p>\n<p>PIOLLE FAIT TOUT EXPLOSER AUTOUR DE LUI&#8230;<\/p>\n<p style=\"text-align: justify;\">En s&rsquo;enfermant dans sa posture malheureuse, Piolle fait tout exploser. L&rsquo;image de la ville, qui prend encore un sacr\u00e9 coup alors qu&rsquo;il fait \u00e0 nouveau de Grenoble la ris\u00e9e de la France enti\u00e8re (<a href=\"https:\/\/grenoble-le-changement.fr\/2024\/04\/04\/pour-en-finir-avec-le-grenoble-bashing\/\" target=\"_blank\" rel=\"noopener\">le fameux \u00ab\u00a0Grenoble-bashing\u00a0\u00bb, c&rsquo;est bien ceux qui en parlent qui en sont \u00e0 l&rsquo;origine<\/a>). Le camp des Verts\/LFI et de la gauche, embarrass\u00e9 par ses propos, aucun \u00e9lu et aucun m\u00e9dia de ce bord ne se pr\u00e9cipitant pour le d\u00e9fendre.\u00a0\u00a0<\/p>\n<p>&#8230; ET CONFORTE LES CONDITIONS DU CHANGEMENT<\/p>\n<p style=\"text-align: justify;\">Et il \u00e9corne m\u00eame sa base \u00e9lectorale, sociologiquement un profil plut\u00f4t \u00ab\u00a0bobo-ais\u00e9\u00a0\u00bb qui habite ces fameux \u00ab\u00a0ghettos de riches\u00a0\u00bb et se trouve donc vou\u00e9 aux g\u00e9monies par l&rsquo;\u00e9quipe verte pour laquelle ils votent. Avec une telle onde de choc, les petites rodomontades d&rsquo;un Avrillier qui s&rsquo;ennuie et l&rsquo;\u00e9ni\u00e8me tentative d\u00e9sesp\u00e9r\u00e9e de l&rsquo;ADTC de faire le SAV des Verts paraissent bien peu en mesure de changer le cours des choses.<\/p>\n<p style=\"text-align: justify;\"><a href=\"https:\/\/grenoble-le-changement.fr\/2025\/06\/06\/alain-carignon-candidat-aux-municipales-a-grenoble\/\" target=\"_blank\" rel=\"noopener\">Le changement \u00e0 Grenoble est engag\u00e9<\/a> et si les Grenoblois se mobilisent pour l&rsquo;\u00e9ch\u00e9ance de mars prochain, nous pouvons engager notre ville sur une nouvelle voie.<\/p>\n","protected":false},"excerpt":{"rendered":"Posted On 5 ao\u00fbt 2025 Au coeur de l&rsquo;\u00e9t\u00e9, l&rsquo;ADTC, officine poisson-pilote des Verts, tente une nouvelle op\u00e9ration&hellip;\n","protected":false},"author":2,"featured_media":297257,"comment_status":"","ping_status":"","sticky":false,"template":"","format":"standard","meta":{"footnotes":""},"categories":[9566],"tags":[1111,11,43763,9601,30432,2430,30433,9607,1777,674,1011,27,2731,12,417,43764,10140,25,43765],"class_list":{"0":"post-297256","1":"post","2":"type-post","3":"status-publish","4":"format-standard","5":"has-post-thumbnail","7":"category-grenoble","8":"tag-actu","9":"tag-actualites","10":"tag-adtc","11":"tag-alain-carignon","12":"tag-alric-bonvallet","13":"tag-auvergne-rhone-alpes","14":"tag-emmanuel-colin-de-verdiere","15":"tag-eric-piolle","16":"tag-eu","17":"tag-europe","18":"tag-fr","19":"tag-france","20":"tag-grenoble","21":"tag-news","22":"tag-rachida-dati","23":"tag-raymon-avrillier","24":"tag-raymond-avrillier","25":"tag-republique-francaise","26":"tag-trina-mac-dinh"},"share_on_mastodon":{"url":"https:\/\/pubeurope.com\/@fr\/114974290424876934","error":""},"_links":{"self":[{"href":"https:\/\/www.europesays.com\/fr\/wp-json\/wp\/v2\/posts\/297256","targetHints":{"allow":["GET"]}}],"collection":[{"href":"https:\/\/www.europesays.com\/fr\/wp-json\/wp\/v2\/posts"}],"about":[{"href":"https:\/\/www.europesays.com\/fr\/wp-json\/wp\/v2\/types\/post"}],"author":[{"embeddable":true,"href":"https:\/\/www.europesays.com\/fr\/wp-json\/wp\/v2\/users\/2"}],"replies":[{"embeddable":true,"href":"https:\/\/www.europesays.com\/fr\/wp-json\/wp\/v2\/comments?post=297256"}],"version-history":[{"count":0,"href":"https:\/\/www.europesays.com\/fr\/wp-json\/wp\/v2\/posts\/297256\/revisions"}],"wp:featuredmedia":[{"embeddable":true,"href":"https:\/\/www.europesays.com\/fr\/wp-json\/wp\/v2\/media\/297257"}],"wp:attachment":[{"href":"https:\/\/www.europesays.com\/fr\/wp-json\/wp\/v2\/media?parent=297256"}],"wp:term":[{"taxonomy":"category","embeddable":true,"href":"https:\/\/www.europesays.com\/fr\/wp-json\/wp\/v2\/categories?post=297256"},{"taxonomy":"post_tag","embeddable":true,"href":"https:\/\/www.europesays.com\/fr\/wp-json\/wp\/v2\/tags?post=297256"}],"curies":[{"name":"wp","href":"https:\/\/api.w.org\/{rel}","templated":true}]}}