{"id":297260,"date":"2025-08-05T04:34:38","date_gmt":"2025-08-05T04:34:38","guid":{"rendered":"https:\/\/www.europesays.com\/fr\/297260\/"},"modified":"2025-08-05T04:34:38","modified_gmt":"2025-08-05T04:34:38","slug":"virginie-valentin-pressentie-pour-etre-la-nouvelle-directrice-du-chu-de-rennes","status":"publish","type":"post","link":"https:\/\/www.europesays.com\/fr\/297260\/","title":{"rendered":"Virginie Valentin pressentie pour \u00eatre la nouvelle directrice du CHU de Rennes"},"content":{"rendered":"<p>La Bretagne n\u2019est pas une terre inconnue pour Virginie Valentin pressentie pour \u00eatre nomm\u00e9e comme nouvelle directrice du CHU de Rennes. Actuellement directrice g\u00e9n\u00e9rale adjointe des Hospices civils de Lyon, elle conna\u00eet bien Rennes pour avoir \u00e9t\u00e9 form\u00e9e, entre\u00a01996 et\u00a01998, au sein de l\u2019\u00e9cole des hautes \u00e9tudes de sant\u00e9 publique (EHESP) situ\u00e9e sur le campus de Villejean. Dipl\u00f4me en poche, elle commence sa carri\u00e8re au centre hospitalier de Bretagne Sud, \u00e0 Lorient, comme directrice des syst\u00e8mes d\u2019information, puis comme directrice de la qualit\u00e9 et des relations avec les usagers. Elle quitte la Bretagne pour la Gironde en 2006 et deviendra secr\u00e9taire g\u00e9n\u00e9rale et directrice de la strat\u00e9gie, de la coop\u00e9ration et du d\u00e9veloppement durable au CHU de Bordeaux. Elle y passe dix ans avant de changer de r\u00e9gion et devenir directrice des ressources humaines et de la formation du CHU de Montpellier.<\/p>\n<p>Attach\u00e9e aux questions de transition \u00e9cologique et \u00e9nerg\u00e9tique<\/p>\n<p>Nouvelle affectation en 2019 o\u00f9 elle devient coordinatrice du centre de ressources national en appui aux agences r\u00e9gionales de sant\u00e9 ultramarines puis, en 2021, est nomm\u00e9e directrice g\u00e9n\u00e9rale adjointe aux hospices civils de Lyon. Selon la revue professionnelle APMnews, qui annonce \u00e9galement la nomination probable de Virginie Valentin au CHU de Rennes, cette femme est aussi tr\u00e8s attach\u00e9e aux questions de transition \u00e9cologique et \u00e9nerg\u00e9tique et \u00e0 la responsabilit\u00e9 soci\u00e9tale des entreprises (RSE). Des atouts probables dans le cadre de la transformation en cours du CHU de Rennes. Sa nomination devrait \u00eatre confirm\u00e9e prochainement par un d\u00e9cret au Journal officiel. Une candidature qui a \u00e9galement \u00e9t\u00e9 soumise \u00e0 la maire de Rennes, Nathalie App\u00e9r\u00e9, qui est \u00e9galement pr\u00e9sidente du conseil d\u2019administration du CHU.<\/p>\n<p>Pour rappel, V\u00e9ronique Anatole Touzet, apr\u00e8s dix ann\u00e9es pass\u00e9es \u00e0 la direction du CHU de Rennes, avait quitt\u00e9 son poste le 1er\u00a0mai pour \u00eatre nomm\u00e9e pr\u00e9sidente de la commission de certification des \u00e9tablissements de sant\u00e9 au sein de la Haute autorit\u00e9 de sant\u00e9.<\/p>\n<p>\u00a0<\/p>\n","protected":false},"excerpt":{"rendered":"La Bretagne n\u2019est pas une terre inconnue pour Virginie Valentin pressentie pour \u00eatre nomm\u00e9e comme nouvelle directrice du&hellip;\n","protected":false},"author":2,"featured_media":296626,"comment_status":"","ping_status":"","sticky":false,"template":"","format":"standard","meta":{"footnotes":""},"categories":[2821],"tags":[1111,11,829,4309,6042,1777,674,1011,27,12,2043,43766,584,25,9064,31620],"class_list":{"0":"post-297260","1":"post","2":"type-post","3":"status-publish","4":"format-standard","5":"has-post-thumbnail","7":"category-rennes","8":"tag-actu","9":"tag-actualites","10":"tag-bretagne","11":"tag-chu","12":"tag-directrice","13":"tag-eu","14":"tag-europe","15":"tag-fr","16":"tag-france","17":"tag-news","18":"tag-nouvelle","19":"tag-pressentie","20":"tag-rennes","21":"tag-republique-francaise","22":"tag-valentin","23":"tag-virginie"},"share_on_mastodon":{"url":"https:\/\/pubeurope.com\/@fr\/114974298095262880","error":""},"_links":{"self":[{"href":"https:\/\/www.europesays.com\/fr\/wp-json\/wp\/v2\/posts\/297260","targetHints":{"allow":["GET"]}}],"collection":[{"href":"https:\/\/www.europesays.com\/fr\/wp-json\/wp\/v2\/posts"}],"about":[{"href":"https:\/\/www.europesays.com\/fr\/wp-json\/wp\/v2\/types\/post"}],"author":[{"embeddable":true,"href":"https:\/\/www.europesays.com\/fr\/wp-json\/wp\/v2\/users\/2"}],"replies":[{"embeddable":true,"href":"https:\/\/www.europesays.com\/fr\/wp-json\/wp\/v2\/comments?post=297260"}],"version-history":[{"count":0,"href":"https:\/\/www.europesays.com\/fr\/wp-json\/wp\/v2\/posts\/297260\/revisions"}],"wp:featuredmedia":[{"embeddable":true,"href":"https:\/\/www.europesays.com\/fr\/wp-json\/wp\/v2\/media\/296626"}],"wp:attachment":[{"href":"https:\/\/www.europesays.com\/fr\/wp-json\/wp\/v2\/media?parent=297260"}],"wp:term":[{"taxonomy":"category","embeddable":true,"href":"https:\/\/www.europesays.com\/fr\/wp-json\/wp\/v2\/categories?post=297260"},{"taxonomy":"post_tag","embeddable":true,"href":"https:\/\/www.europesays.com\/fr\/wp-json\/wp\/v2\/tags?post=297260"}],"curies":[{"name":"wp","href":"https:\/\/api.w.org\/{rel}","templated":true}]}}