{"id":297266,"date":"2025-08-05T04:39:13","date_gmt":"2025-08-05T04:39:13","guid":{"rendered":"https:\/\/www.europesays.com\/fr\/297266\/"},"modified":"2025-08-05T04:39:13","modified_gmt":"2025-08-05T04:39:13","slug":"haute-goulaine-un-concert-nature-en-plein-air-a-la-maison-bleue","status":"publish","type":"post","link":"https:\/\/www.europesays.com\/fr\/297266\/","title":{"rendered":"Haute-Goulaine. Un concert nature en plein air \u00e0 la Maison bleue"},"content":{"rendered":"<p>Entre Haute-Goulaine et Le Loroux-Bottereau, la Maison bleue propose, au pont de l\u2019Ouen, un moment musical magique et original en ext\u00e9rieur, vendredi \u00e0 19\u00a0h\u00a030. L\u2019artiste Marion Pou\u00ebssel y performera son spectacle, intitul\u00e9 Lisi\u00e8res sauvages. Dans ce solo musical (saxophone alto-effets-samples), elle croise sons de la nature et d\u2019instruments, \u00e9lectroniques et acoustiques, sons narratifs et po\u00e9tiques. Musicienne, Marion Pou\u00ebssel est une compositrice toulousaine. Elle s\u2019int\u00e9resse \u00e0 la fabrication d\u2019objets sonores qui contiennent un lien, une rencontre r\u00e9elle avec le monde environnant. L\u2019\u00e9crin du marais de Goulaine est donc l\u2019endroit id\u00e9al pour accueillir ce moment.<\/p>\n<p>Vendredi 8\u00a0ao\u00fbt, \u00e0 19\u00a0h\u00a030. Dur\u00e9e\u00a0: 45\u00a0minutes. Gratuit. Contact\u00a0: animation.lmb@hautegoulaine.fr\u00a0; T\u00e9l.\u00a006\u00a043\u00a087\u00a028\u00a019.<\/p>\n<p>\u00a0<\/p>\n","protected":false},"excerpt":{"rendered":"Entre Haute-Goulaine et Le Loroux-Bottereau, la Maison bleue propose, au pont de l\u2019Ouen, un moment musical magique et&hellip;\n","protected":false},"author":2,"featured_media":297267,"comment_status":"","ping_status":"","sticky":false,"template":"","format":"standard","meta":{"footnotes":""},"categories":[2818],"tags":[1111,11,2965,22876,1697,1777,674,1011,27,10042,2142,766,2742,12,2636,25],"class_list":{"0":"post-297266","1":"post","2":"type-post","3":"status-publish","4":"format-standard","5":"has-post-thumbnail","7":"category-nantes","8":"tag-actu","9":"tag-actualites","10":"tag-air","11":"tag-bleue","12":"tag-concert","13":"tag-eu","14":"tag-europe","15":"tag-fr","16":"tag-france","17":"tag-haute-goulaine","18":"tag-maison","19":"tag-nantes","20":"tag-nature","21":"tag-news","22":"tag-pays-de-la-loire","23":"tag-republique-francaise"},"share_on_mastodon":{"url":"https:\/\/pubeurope.com\/@fr\/114974317843797012","error":""},"_links":{"self":[{"href":"https:\/\/www.europesays.com\/fr\/wp-json\/wp\/v2\/posts\/297266","targetHints":{"allow":["GET"]}}],"collection":[{"href":"https:\/\/www.europesays.com\/fr\/wp-json\/wp\/v2\/posts"}],"about":[{"href":"https:\/\/www.europesays.com\/fr\/wp-json\/wp\/v2\/types\/post"}],"author":[{"embeddable":true,"href":"https:\/\/www.europesays.com\/fr\/wp-json\/wp\/v2\/users\/2"}],"replies":[{"embeddable":true,"href":"https:\/\/www.europesays.com\/fr\/wp-json\/wp\/v2\/comments?post=297266"}],"version-history":[{"count":0,"href":"https:\/\/www.europesays.com\/fr\/wp-json\/wp\/v2\/posts\/297266\/revisions"}],"wp:featuredmedia":[{"embeddable":true,"href":"https:\/\/www.europesays.com\/fr\/wp-json\/wp\/v2\/media\/297267"}],"wp:attachment":[{"href":"https:\/\/www.europesays.com\/fr\/wp-json\/wp\/v2\/media?parent=297266"}],"wp:term":[{"taxonomy":"category","embeddable":true,"href":"https:\/\/www.europesays.com\/fr\/wp-json\/wp\/v2\/categories?post=297266"},{"taxonomy":"post_tag","embeddable":true,"href":"https:\/\/www.europesays.com\/fr\/wp-json\/wp\/v2\/tags?post=297266"}],"curies":[{"name":"wp","href":"https:\/\/api.w.org\/{rel}","templated":true}]}}