{"id":297270,"date":"2025-08-05T04:42:28","date_gmt":"2025-08-05T04:42:28","guid":{"rendered":"https:\/\/www.europesays.com\/fr\/297270\/"},"modified":"2025-08-05T04:42:28","modified_gmt":"2025-08-05T04:42:28","slug":"girondins-liam-gallagher-avec-le-maillot-des-girondins-sur-le-dos","status":"publish","type":"post","link":"https:\/\/www.europesays.com\/fr\/297270\/","title":{"rendered":"Girondins : Liam Gallagher avec le maillot des Girondins sur le dos"},"content":{"rendered":"<p><img decoding=\"async\" src=\"https:\/\/www.europesays.com\/fr\/wp-content\/uploads\/2025\/08\/671_d6843546e2cd3efdb86d69fd10b6071b.jpg\" alt=\"Girondins : Liam Gallagher avec le maillot des Girondins sur le dos\" class=\"img-responsive mt-3\"\/><\/p>\n<p class=\"text-center mb-3\" style=\"font-size: 14px\">\u00a9 Iconsport<\/p>\n<p style=\"text-align: justify;\">C&rsquo;est une photo qui est apparue sur les r\u00e9seaux sociaux ce dimanche 3 ao\u00fbt. Le chanteur d&rsquo;Oasis, Liam Gallager, assis dans une salle de concert avec le maillot manche longue des Girondins de Bordeaux de la saison 1983-1984. Le clich\u00e9 a \u00e9t\u00e9 pris en 2005 par Lawrence Watson, c\u00e9l\u00e8bre photographe de musiciens.<\/p>\n<p style=\"text-align: justify;\">Cette pi\u00e8ce de collection a \u00e9t\u00e9 r\u00e9cemment expos\u00e9e dans la boutique Adidas de Manchester lors des concerts de la semaine derni\u00e8re \u00e0 Heaton Park du groupe oasis.<\/p>\n<p style=\"text-align: justify;\">Les photos :<\/p>\n<blockquote class=\"twitter-tweet\">\n<p dir=\"ltr\" lang=\"en\">:uk:A rare photo of Oasis\u2019s Liam Gallagher sporting a classic Girondins de Bordeaux shirt in 2005. <\/p>\n<p>:camera_with_flash: Lawrence Watson. <a href=\"https:\/\/t.co\/M83KsfSo05\">pic.twitter.com\/M83KsfSo05<\/a><\/p>\n<p>\u2014 Get French Football News (@GFFN) <a href=\"https:\/\/twitter.com\/GFFN\/status\/1952104300198633900?ref_src=twsrc%5Etfw\" target=\"_blank\" rel=\"noopener\">August 3, 2025<\/a>\n<\/p><\/blockquote>\n<p>\u00a0<\/p>\n<blockquote class=\"twitter-tweet\">\n<p dir=\"ltr\" lang=\"en\">The shirt from the 1983-1984 season was recently displayed in Manchester\u2019s Adidas store during last week\u2019s concerts at Heaton Park for the band\u2019s reunion. <\/p>\n<p>Deep cut.<\/p>\n<p>:camera: <a href=\"https:\/\/twitter.com\/a_despe?ref_src=twsrc%5Etfw\" target=\"_blank\" rel=\"noopener\">@a_despe<\/a> <a href=\"https:\/\/t.co\/0vQRL4FAjM\">pic.twitter.com\/0vQRL4FAjM<\/a><\/p>\n<p>\u2014 Get French Football News (@GFFN) <a href=\"https:\/\/twitter.com\/GFFN\/status\/1952106419068829804?ref_src=twsrc%5Etfw\" target=\"_blank\" rel=\"noopener\">August 3, 2025<\/a>\n<\/p><\/blockquote>\n<p>Alain Giresse en photo d&rsquo;illustration de cet article le 25 f\u00e9vrier 1983 lors de PSG-Bordeaux (iconsport).<\/p>\n<p style=\"text-align: justify;\">\u00c0 lire aussi &gt;&gt; <strong><a href=\"https:\/\/www.webgirondins.com\/actualite-girondins-jean-pierre-papin-les-girondins-ont-la-base-pour-faire-quelque-chose-de-bien-129932\" target=\"_blank\" rel=\"noopener\">Jean-Pierre Papin : \u00ab\u00a0Les Girondins ont la base pour faire quelque chose de bien\u00a0\u00bb<\/a><\/strong><\/p>\n<p style=\"text-align: justify;\">Notre podcast court \u00e0 \u00e9couter :<\/p>\n<p style=\"text-align: justify;\">\u00a0<\/p>\n<p>    <script async src=\"https:\/\/platform.twitter.com\/widgets.js\" charset=\"utf-8\"><\/script><\/p>\n","protected":false},"excerpt":{"rendered":"\u00a9 Iconsport C&rsquo;est une photo qui est apparue sur les r\u00e9seaux sociaux ce dimanche 3 ao\u00fbt. Le chanteur&hellip;\n","protected":false},"author":2,"featured_media":297271,"comment_status":"","ping_status":"","sticky":false,"template":"","format":"standard","meta":{"footnotes":""},"categories":[2817],"tags":[1111,11,7495,3396,1997,15145,1696,2869,7679,16547,1777,674,1011,27,43768,1987,2705,43767,10274,3491,12,2219,23929,2745,25,16831],"class_list":{"0":"post-297270","1":"post","2":"type-post","3":"status-publish","4":"format-standard","5":"has-post-thumbnail","7":"category-bordeaux","8":"tag-actu","9":"tag-actualites","10":"tag-annees","11":"tag-avec","12":"tag-bordeaux","13":"tag-britannique","14":"tag-chanteur","15":"tag-date","16":"tag-details","17":"tag-document","18":"tag-eu","19":"tag-europe","20":"tag-fr","21":"tag-france","22":"tag-gallagher","23":"tag-girondins","24":"tag-groupe","25":"tag-liam","26":"tag-maillot","27":"tag-manchester","28":"tag-news","29":"tag-nouvelle-aquitaine","30":"tag-oasis","31":"tag-photo","32":"tag-republique-francaise","33":"tag-vintage"},"share_on_mastodon":{"url":"https:\/\/pubeurope.com\/@fr\/114974329637782154","error":""},"_links":{"self":[{"href":"https:\/\/www.europesays.com\/fr\/wp-json\/wp\/v2\/posts\/297270","targetHints":{"allow":["GET"]}}],"collection":[{"href":"https:\/\/www.europesays.com\/fr\/wp-json\/wp\/v2\/posts"}],"about":[{"href":"https:\/\/www.europesays.com\/fr\/wp-json\/wp\/v2\/types\/post"}],"author":[{"embeddable":true,"href":"https:\/\/www.europesays.com\/fr\/wp-json\/wp\/v2\/users\/2"}],"replies":[{"embeddable":true,"href":"https:\/\/www.europesays.com\/fr\/wp-json\/wp\/v2\/comments?post=297270"}],"version-history":[{"count":0,"href":"https:\/\/www.europesays.com\/fr\/wp-json\/wp\/v2\/posts\/297270\/revisions"}],"wp:featuredmedia":[{"embeddable":true,"href":"https:\/\/www.europesays.com\/fr\/wp-json\/wp\/v2\/media\/297271"}],"wp:attachment":[{"href":"https:\/\/www.europesays.com\/fr\/wp-json\/wp\/v2\/media?parent=297270"}],"wp:term":[{"taxonomy":"category","embeddable":true,"href":"https:\/\/www.europesays.com\/fr\/wp-json\/wp\/v2\/categories?post=297270"},{"taxonomy":"post_tag","embeddable":true,"href":"https:\/\/www.europesays.com\/fr\/wp-json\/wp\/v2\/tags?post=297270"}],"curies":[{"name":"wp","href":"https:\/\/api.w.org\/{rel}","templated":true}]}}