{"id":297287,"date":"2025-08-05T04:53:19","date_gmt":"2025-08-05T04:53:19","guid":{"rendered":"https:\/\/www.europesays.com\/fr\/297287\/"},"modified":"2025-08-05T04:53:19","modified_gmt":"2025-08-05T04:53:19","slug":"paris-rebond-prudent-dans-un-contexte-de-tensions-commerciales-04-08-2025-a-1757","status":"publish","type":"post","link":"https:\/\/www.europesays.com\/fr\/297287\/","title":{"rendered":"Paris: rebond prudent dans un contexte de tensions commerciales &#8211; 04\/08\/2025 \u00e0 17:57"},"content":{"rendered":"<p>                                                                (Zonebourse.com) &#8211; Apr\u00e8s avoir l\u00e2ch\u00e9 4% lors des s\u00e9ances de jeudi et vendredi, la Bourse de Paris b\u00e9n\u00e9ficie de rachats \u00e0 bon compte ce lundi et reprend +1,14% \u00e0 7 632 points, tir\u00e9e par Safran (+2,6%), BNP Paribas (+2,6%) et Schneider Electric (+2,5%).<\/p>\n<p>\u00c0 Wall Street, la semaine d\u00e9bute par un vigoureux rebond du Nasdaq (+1,5% dans le sillage d&rsquo;IDEXX Labs avec +23,5%) et du S&amp;P 500 (+1,2%).<br \/>\n<br \/>Les march\u00e9s dig\u00e8rent les nouveaux tarifs douaniers impos\u00e9s par Donald Trump aux pays qui n&rsquo;avaient pas encore conclu d&rsquo;accords commerciaux avec les \u00c9tats-Unis, ainsi que le rapport sur l&#8217;emploi US, bien moins reluisant que pr\u00e9vu.\n<\/p>\n<p>La Maison Blanche vient d&rsquo;ailleurs de faire savoir que les &lsquo;tarifs ont d\u00e9sormais peu de chance d&rsquo;\u00eatre modifi\u00e9s, et ne le seront que de fa\u00e7on marginale&rsquo;.<br \/>\n<br \/>La Suisse, qui vient d&rsquo;\u00e9coper de 39% de droits de douane (parmi les plus punitifs de la plan\u00e8te), va proposer quelques ouvertures pour tenter d&rsquo;\u00e9chapper \u00e0 une quasi-\u00e9radication de ses exportations (m\u00e9dicaments notamment) vers les US.<br \/>\n<br \/>M\u00eame l&rsquo;Inde, accus\u00e9e d&rsquo;acheter du gaz russe, n&rsquo;\u00e9cope que de 25%&#8230; mais Trump avertit que le &lsquo;tarif&rsquo; va encore grimper.Les investisseurs resteront notamment \u00e0 l&rsquo;aff\u00fbt de tout progr\u00e8s dans les n\u00e9gociations entre Washington et P\u00e9kin, cette derni\u00e8re devant toujours faire face \u00e0 la date limite du 12 ao\u00fbt fix\u00e9e par l&rsquo;administration Trump en vue de parvenir \u00e0 un pacte durable.\n<\/p>\n<p>Les march\u00e9s doivent \u00e9galement dig\u00e9rer des signes de ralentissement aux \u00c9tats-Unis : l&rsquo;ISM manufacturier (retour sous les &rsquo;50&rsquo;) et le &lsquo;NFP&rsquo; ont confirm\u00e9 la semaine pass\u00e9e que la conjoncture se d\u00e9grade, mais \u00e9galement que l&rsquo;inflation restait toujours aussi difficile \u00e0 ma\u00eetriser.\n<\/p>\n<p>En ce qui concerne l&#8217;emploi, ce sont 258 000 cr\u00e9ations qui ont &lsquo;disparu&rsquo; en mai et juin, et avec les r\u00e9visions des mois pr\u00e9c\u00e9dents, ce total atteint -461 000.\n<\/p>\n<p>Toute la question est maintenant de savoir si l&rsquo;\u00e9pisode de consolidation, survenu \u00e0 l&rsquo;issue d&rsquo;une semaine consid\u00e9r\u00e9e comme &lsquo;d\u00e9cisive&rsquo; par certains analystes, va constituer une nouvelle opportunit\u00e9 &lsquo;buy the dips&rsquo; (achetez n&rsquo;importe quel &lsquo;creux&rsquo;) ou si le ton est donn\u00e9 pour la seconde partie de l&rsquo;ann\u00e9e sur les places financi\u00e8res.\n<\/p>\n<p>Dans une note parue vendredi, les strat\u00e8ges de Bank of America estiment que les march\u00e9s d&rsquo;actions europ\u00e9ens se bercent de douces illusions en esp\u00e9rant \u00e9chapper au risque d&rsquo;une d\u00e9c\u00e9l\u00e9ration de l&rsquo;\u00e9conomie mondiale men\u00e9e par les \u00c9tats-Unis.\n<\/p>\n<p>Selon la banque am\u00e9ricaine, ce coup de frein pourrait co\u00fbter environ 10% au STOXX 600 dans les mois qui viennent.\n<\/p>\n<p>&lsquo;Le ralentissement de la croissance mondiale devrait \u00e9galement dominer le r\u00e9cit sectoriel en Europe dans les prochains mois, ce qui laisse pr\u00e9sager une sous-performance de plus de 10% des valeurs cycliques europ\u00e9ennes par rapport aux d\u00e9fensives&rsquo;, pr\u00e9vient la firme new-yorkaise.\n<\/p>\n<p>Unique indicateur au programme du jour, les chiffres des commandes \u00e0 l&rsquo;industrie aux \u00c9tats-Unis sont ressorties en baisse de -4,8%, apr\u00e8s +8,3% en juin (bond des commandes a\u00e9ronautiques).<br \/>\n<br \/>Le reste de la semaine sera rythm\u00e9 par la publication, demain, de l&rsquo;indice ISM mesurant l&rsquo;activit\u00e9 dans le secteur des services am\u00e9ricain, puis par la r\u00e9union de la Banque d&rsquo;Angleterre (BoE) jeudi et les r\u00e9sultats de groupes comme AMD, bp, Pfizer ou Siemens.\n<\/p>\n<p>Sur le compartiment obligataire, les US T-Bonds \u00e0 10 ans \u00e9voluent vers 4,22% (-1 pt), le 30 ans prend sym\u00e9triquement +1 pt (4,815%).En Europe, le Bund efface -4,7 pts \u00e0 2,63%, l&rsquo;OAT -5,7 pts \u00e0 3,287%, les BTP italiens -6,6 pts \u00e0 3,468%.\n<\/p>\n<p>L&rsquo;euro c\u00e8de 0,1% face au billet vert, \u00e0 1,1580 USD.<br \/>\n<br \/>\u00c0 Londres, le baril c\u00e8de 0,4%, autour des 69,3 USD (contre -2% un peu plus t\u00f4t), alors que l&rsquo;OPEP va augmenter de 450 000 barils\/jour sa production \u00e0 la rentr\u00e9e.\n<\/p>\n<p>Dans l&rsquo;actualit\u00e9 des soci\u00e9t\u00e9s fran\u00e7aises, Bonduelle affiche un chiffre d&rsquo;affaires en repli de 0,9% (-0,8% en donn\u00e9es comparables) \u00e0 un peu plus de 2,2 milliards d&rsquo;euros pour son exercice 2024-2025 (clos fin juin).\n<\/p>\n<p>EssilorLuxottica a annonc\u00e9 lundi l&rsquo;acquisition d&rsquo;Automation &amp; Robotics (A&amp;R), une soci\u00e9t\u00e9 belge sp\u00e9cialis\u00e9e dans la fabrication de syst\u00e8mes automatis\u00e9s de contr\u00f4le qualit\u00e9 pour les verres optiques.\n<\/p>\n<p>Santos a annonc\u00e9 lundi avoir sign\u00e9 un protocole d&rsquo;accord non contraignant avec Engie en vue de fournir au groupe \u00e9nerg\u00e9tique du gaz naturel issu du projet Narrabri et devant \u00eatre destin\u00e9 au march\u00e9 domestique de la c\u00f4te est australienne.<br \/>\n<br \/>CACEIS, filiale de Cr\u00e9dit Agricole sp\u00e9cialis\u00e9e dans les services financiers aux soci\u00e9t\u00e9s de gestion et investisseurs institutionnels, annonce sa prise d&rsquo;une participation minoritaire dans Kriptown, fintech fran\u00e7aise sp\u00e9cialis\u00e9e dans la tokenisation d&rsquo;actifs.<\/p>\n","protected":false},"excerpt":{"rendered":"(Zonebourse.com) &#8211; Apr\u00e8s avoir l\u00e2ch\u00e9 4% lors des s\u00e9ances de jeudi et vendredi, la Bourse de Paris b\u00e9n\u00e9ficie&hellip;\n","protected":false},"author":2,"featured_media":15273,"comment_status":"","ping_status":"","sticky":false,"template":"","format":"standard","meta":{"footnotes":""},"categories":[1888],"tags":[400,1111,1928,11,1927,398,408,405,1777,674,1011,27,403,402,399,404,12,1926,626,1925,25,401,406,407],"class_list":{"0":"post-297287","1":"post","2":"type-post","3":"status-publish","4":"format-standard","5":"has-post-thumbnail","7":"category-paris","8":"tag-action-cac-40","9":"tag-actu","10":"tag-actu-paris","11":"tag-actualites","12":"tag-actualites-paris","13":"tag-bourse-de-paris","14":"tag-boursorama","15":"tag-cotations","16":"tag-eu","17":"tag-europe","18":"tag-fr","19":"tag-france","20":"tag-indices-devises","21":"tag-investir","22":"tag-investissement","23":"tag-marche-boursier","24":"tag-news","25":"tag-news-paris","26":"tag-paris","27":"tag-paris-news","28":"tag-republique-francaise","29":"tag-sicav","30":"tag-trackers","31":"tag-warrants"},"share_on_mastodon":{"url":"https:\/\/pubeurope.com\/@fr\/114974372947941310","error":""},"_links":{"self":[{"href":"https:\/\/www.europesays.com\/fr\/wp-json\/wp\/v2\/posts\/297287","targetHints":{"allow":["GET"]}}],"collection":[{"href":"https:\/\/www.europesays.com\/fr\/wp-json\/wp\/v2\/posts"}],"about":[{"href":"https:\/\/www.europesays.com\/fr\/wp-json\/wp\/v2\/types\/post"}],"author":[{"embeddable":true,"href":"https:\/\/www.europesays.com\/fr\/wp-json\/wp\/v2\/users\/2"}],"replies":[{"embeddable":true,"href":"https:\/\/www.europesays.com\/fr\/wp-json\/wp\/v2\/comments?post=297287"}],"version-history":[{"count":0,"href":"https:\/\/www.europesays.com\/fr\/wp-json\/wp\/v2\/posts\/297287\/revisions"}],"wp:featuredmedia":[{"embeddable":true,"href":"https:\/\/www.europesays.com\/fr\/wp-json\/wp\/v2\/media\/15273"}],"wp:attachment":[{"href":"https:\/\/www.europesays.com\/fr\/wp-json\/wp\/v2\/media?parent=297287"}],"wp:term":[{"taxonomy":"category","embeddable":true,"href":"https:\/\/www.europesays.com\/fr\/wp-json\/wp\/v2\/categories?post=297287"},{"taxonomy":"post_tag","embeddable":true,"href":"https:\/\/www.europesays.com\/fr\/wp-json\/wp\/v2\/tags?post=297287"}],"curies":[{"name":"wp","href":"https:\/\/api.w.org\/{rel}","templated":true}]}}