{"id":29729,"date":"2025-04-16T18:25:09","date_gmt":"2025-04-16T18:25:09","guid":{"rendered":"https:\/\/www.europesays.com\/fr\/29729\/"},"modified":"2025-04-16T18:25:09","modified_gmt":"2025-04-16T18:25:09","slug":"pronostic-emma-navarro-beatriz-haddad-maia-wta-stuttgart","status":"publish","type":"post","link":"https:\/\/www.europesays.com\/fr\/29729\/","title":{"rendered":"Pronostic Emma Navarro Beatriz Haddad Maia &#8211; WTA Stuttgart"},"content":{"rendered":"<p class=\"text-xs leading-5 text-gray-400 mb-2\">\n                        Publi\u00e9 le 14\/04\/2025 14:55<br \/>\n                        \u00a0par<br \/>\n                                                            <a href=\"https:\/\/www.sportytrader.com\/auteur\/leo-measson-54\/\" target=\"_blank\" rel=\"noopener\">L\u00e9o Measson<\/a><\/p>\n<p>                                                    |<br \/>\n                            Modifi\u00e9 le<br \/>\n                                16\/04\/2025<br \/>\n                                \u00e0 02:21<\/p>\n<p>                                                                                                            dans<br \/>\n                                <a data-trans=\"tips.published.sport %sport%\" href=\"https:\/\/www.sportytrader.com\/pronostics\/tennis\/\" target=\"_blank\" rel=\"noopener\"><br \/>\n                                    Pronostics Tennis<br \/>\n                                <\/a><\/p>\n<p>Le tournoi WTA de Stuttgart d\u00e9marre cette semaine et il nous offre un choc d\u00e8s le premier tour puisque deux joueuses class\u00e9es dans le top 20 des meilleures joueuses actuelles vont s&rsquo;affronter : l&rsquo;am\u00e9ricaine Emma Navarro et la br\u00e9silienne\u00a0Beatriz Haddad Maia.\u00a0<\/p>\n<p>Emma Navarro, t\u00eate de s\u00e9rie num\u00e9ro 7 dans ce tournoi allemand, a brill\u00e9 dans sa saison sur dur en d\u00e9but d&rsquo;ann\u00e9e. Quart de finaliste au Grand Chelem de l&rsquo;Open d&rsquo;Australie, elle a su remporter le titre au tournoi de Merida puis a \u00e9t\u00e9 stopp\u00e9 au second tour \u00e0 Indian Wells et d\u00e8s le premier tour \u00e0 Miami pour conclure sur cette surface. Elle a cependant retrouv\u00e9 la terre battue avec panache d\u00e9but avril puisqu&rsquo;elle a remport\u00e9 sans difficult\u00e9 ses deux premiers tours au tournoi de Charleston et a \u00e9t\u00e9 quart de finaliste face \u00e0 la top 20\u00a0Amanda Anisimova.\u00a0<\/p>\n<p>Beatriz Haddad Maia, de son c\u00f4t\u00e9, subit une p\u00e9riode bien sombre dans sa saison puisqu&rsquo;elle enchaine la s\u00e9rie de 8 d\u00e9faites cons\u00e9cutives et n&rsquo;a r\u00e9ussi \u00e0 remporter que deux victoires seulement cette ann\u00e9e. Deux uniques victoires lors des deux premiers tours de l&rsquo;Open d&rsquo;Australie qui n&rsquo;ont pas suffit \u00e0\u00a0la br\u00e9silienne pour qu&rsquo;elle retrouve ses r\u00e9flexes sur les courts. Cette saison sur terre battue qui commence\u00a0sonne comme l&rsquo;opportunit\u00e9 d&rsquo;oublier cette p\u00e9riode afin de se relancer et de d\u00e9montrer tout le talent qu&rsquo;elle poss\u00e8de.<\/p>\n","protected":false},"excerpt":{"rendered":"Publi\u00e9 le 14\/04\/2025 14:55 \u00a0par L\u00e9o Measson | Modifi\u00e9 le 16\/04\/2025 \u00e0 02:21 dans Pronostics Tennis Le tournoi&hellip;\n","protected":false},"author":2,"featured_media":29730,"comment_status":"","ping_status":"","sticky":false,"template":"","format":"standard","meta":{"footnotes":""},"categories":[1415],"tags":[10310,10309,1011,27,1817,1821,60,1467,10311],"class_list":{"0":"post-29729","1":"post","2":"type-post","3":"status-publish","4":"format-standard","5":"has-post-thumbnail","7":"category-tennis","8":"tag-beatriz-haddad-maia","9":"tag-emma-navarro","10":"tag-fr","11":"tag-france","12":"tag-pronostic","13":"tag-pronostics","14":"tag-sports","15":"tag-tennis","16":"tag-wta-stuttgart"},"share_on_mastodon":{"url":"https:\/\/pubeurope.com\/@fr\/114349049289055247","error":""},"_links":{"self":[{"href":"https:\/\/www.europesays.com\/fr\/wp-json\/wp\/v2\/posts\/29729","targetHints":{"allow":["GET"]}}],"collection":[{"href":"https:\/\/www.europesays.com\/fr\/wp-json\/wp\/v2\/posts"}],"about":[{"href":"https:\/\/www.europesays.com\/fr\/wp-json\/wp\/v2\/types\/post"}],"author":[{"embeddable":true,"href":"https:\/\/www.europesays.com\/fr\/wp-json\/wp\/v2\/users\/2"}],"replies":[{"embeddable":true,"href":"https:\/\/www.europesays.com\/fr\/wp-json\/wp\/v2\/comments?post=29729"}],"version-history":[{"count":0,"href":"https:\/\/www.europesays.com\/fr\/wp-json\/wp\/v2\/posts\/29729\/revisions"}],"wp:featuredmedia":[{"embeddable":true,"href":"https:\/\/www.europesays.com\/fr\/wp-json\/wp\/v2\/media\/29730"}],"wp:attachment":[{"href":"https:\/\/www.europesays.com\/fr\/wp-json\/wp\/v2\/media?parent=29729"}],"wp:term":[{"taxonomy":"category","embeddable":true,"href":"https:\/\/www.europesays.com\/fr\/wp-json\/wp\/v2\/categories?post=29729"},{"taxonomy":"post_tag","embeddable":true,"href":"https:\/\/www.europesays.com\/fr\/wp-json\/wp\/v2\/tags?post=29729"}],"curies":[{"name":"wp","href":"https:\/\/api.w.org\/{rel}","templated":true}]}}