{"id":297290,"date":"2025-08-05T04:55:09","date_gmt":"2025-08-05T04:55:09","guid":{"rendered":"https:\/\/www.europesays.com\/fr\/297290\/"},"modified":"2025-08-05T04:55:09","modified_gmt":"2025-08-05T04:55:09","slug":"paris-frequentation-qualite-de-leau-communication-quel-bilan-apres-un-mois-de-baignade-dans-la-seine","status":"publish","type":"post","link":"https:\/\/www.europesays.com\/fr\/297290\/","title":{"rendered":"Paris\u00a0: fr\u00e9quentation, qualit\u00e9 de l\u2019eau, communication\u2026 Quel bilan apr\u00e8s un mois de baignade dans la Seine\u00a0?"},"content":{"rendered":"<p class=\"paragraph text_align_left lp-f-body-02\">Alexis, habitant du XIIe arrondissement de Paris, d\u00e9tache son v\u00e9lo des arceaux temporaires install\u00e9s sur le quai de la Seine, non loin de la passerelle qui m\u00e8ne au parc de Bercy. Apr\u00e8s plusieurs jours de fermeture, il est venu se baigner dans le fleuve en ce dimanche matin, tout pr\u00e8s de chez lui. \u00ab D\u00e8s que j\u2019ai vu sur le site Internet que la baignade \u00e9tait ouverte, j\u2019ai enfourch\u00e9 mon v\u00e9lo pour venir me d\u00e9tendre, sourit ce Parisien, qui en est \u00e0 son troisi\u00e8me plongeon. Je pr\u00e9f\u00e8re le site de la tour Eiffel (VIIe), o\u00f9 on est un peu moins enferm\u00e9s qu\u2019ici. \u00bb<\/p>\n<p class=\"paragraph text_align_left lp-f-body-02\">Il esp\u00e8re profiter du <a href=\"https:\/\/www.leparisien.fr\/meteo\/un-veritable-dome-de-chaleur-le-retour-de-la-canicule-apres-une-fin-juillet-frisquette-03-08-2025-2J4JX5GXSNCX7B4KEYWJ6Q57JQ.php\" target=\"_blank\" rel=\"noreferrer nofollow noopener\">retour annonc\u00e9 de la chaleur en ao\u00fbt<\/a> pour venir se rafra\u00eechir sur sa pause m\u00e9ridienne. Lanc\u00e9e il y a tout juste un mois, <a href=\"https:\/\/www.leparisien.fr\/paris-75\/cest-genial-inattendu-avec-les-premiers-baigneurs-au-coeur-des-trois-sites-ouverts-sur-la-seine-05-07-2025-GTKAVTCTUFG5TCZNTQEKQJMOHU.php\" target=\"_blank\" rel=\"noreferrer nofollow noopener\">le 5 juillet<\/a>, apr\u00e8s plus de 100 ans d\u2019interdiction, la baignade dans la Seine est de retour, et l\u2019heure est au premier bilan.<\/p>\n","protected":false},"excerpt":{"rendered":"Alexis, habitant du XIIe arrondissement de Paris, d\u00e9tache son v\u00e9lo des arceaux temporaires install\u00e9s sur le quai de&hellip;\n","protected":false},"author":2,"featured_media":297291,"comment_status":"","ping_status":"","sticky":false,"template":"","format":"standard","meta":{"footnotes":""},"categories":[1888],"tags":[11,1777,674,1011,27,1944,12,626,25,104],"class_list":{"0":"post-297290","1":"post","2":"type-post","3":"status-publish","4":"format-standard","5":"has-post-thumbnail","7":"category-paris","8":"tag-actualites","9":"tag-eu","10":"tag-europe","11":"tag-fr","12":"tag-france","13":"tag-ma-ville","14":"tag-news","15":"tag-paris","16":"tag-republique-francaise","17":"tag-societe"},"share_on_mastodon":{"url":"https:\/\/pubeurope.com\/@fr\/114974380743637734","error":""},"_links":{"self":[{"href":"https:\/\/www.europesays.com\/fr\/wp-json\/wp\/v2\/posts\/297290","targetHints":{"allow":["GET"]}}],"collection":[{"href":"https:\/\/www.europesays.com\/fr\/wp-json\/wp\/v2\/posts"}],"about":[{"href":"https:\/\/www.europesays.com\/fr\/wp-json\/wp\/v2\/types\/post"}],"author":[{"embeddable":true,"href":"https:\/\/www.europesays.com\/fr\/wp-json\/wp\/v2\/users\/2"}],"replies":[{"embeddable":true,"href":"https:\/\/www.europesays.com\/fr\/wp-json\/wp\/v2\/comments?post=297290"}],"version-history":[{"count":0,"href":"https:\/\/www.europesays.com\/fr\/wp-json\/wp\/v2\/posts\/297290\/revisions"}],"wp:featuredmedia":[{"embeddable":true,"href":"https:\/\/www.europesays.com\/fr\/wp-json\/wp\/v2\/media\/297291"}],"wp:attachment":[{"href":"https:\/\/www.europesays.com\/fr\/wp-json\/wp\/v2\/media?parent=297290"}],"wp:term":[{"taxonomy":"category","embeddable":true,"href":"https:\/\/www.europesays.com\/fr\/wp-json\/wp\/v2\/categories?post=297290"},{"taxonomy":"post_tag","embeddable":true,"href":"https:\/\/www.europesays.com\/fr\/wp-json\/wp\/v2\/tags?post=297290"}],"curies":[{"name":"wp","href":"https:\/\/api.w.org\/{rel}","templated":true}]}}