{"id":297298,"date":"2025-08-05T04:59:17","date_gmt":"2025-08-05T04:59:17","guid":{"rendered":"https:\/\/www.europesays.com\/fr\/297298\/"},"modified":"2025-08-05T04:59:17","modified_gmt":"2025-08-05T04:59:17","slug":"un-procureur-assassine-pres-de-la-frontiere-des-etats-unis","status":"publish","type":"post","link":"https:\/\/www.europesays.com\/fr\/297298\/","title":{"rendered":"un procureur assassin\u00e9 pr\u00e8s de la fronti\u00e8re des \u00c9tats-Unis"},"content":{"rendered":"<p class=\"fig-paragraph\">Un procureur f\u00e9d\u00e9ral mexicain a \u00e9t\u00e9 assassin\u00e9 lundi \u00e0 Reynosa, ville frontali\u00e8re des\u00a0<a href=\"http:\/\/www.lefigaro.fr\/international\/etats-unis-au-moins-deux-morts-et-six-blesses-dans-une-fusillade-en-centre-ville-de-los-angeles-20250804\" target=\"_blank\" data-fig-type=\"NewsFlash\" rel=\"noopener nofollow\" data-gtm-custom-categorie=\"navigation\" data-gtm-custom-action=\"crossclick\" data-gtm-custom-label=\"Contextuel\" data-gtm-event=\"customEventSPE\" data-fig-domain=\"LEFIGARO\">\u00c9tats-Unis\u00a0<\/a>o\u00f9 s\u00e9vit le\u00a0<a href=\"http:\/\/www.lefigaro.fr\/marseille\/marseille-le-pere-du-fils-de-l-actrice-cesarisee-kenza-fortas-tue-dans-un-homicide-lie-au-trafic-de-drogue-20250801\" target=\"_blank\" data-fig-type=\"NewsFlash\" rel=\"noopener nofollow\" data-gtm-custom-categorie=\"navigation\" data-gtm-custom-action=\"crossclick\" data-gtm-custom-label=\"Contextuel\" data-gtm-event=\"customEventSPE\" data-fig-domain=\"LEFIGARO\">trafic de drogue<\/a>, de carburants et d&rsquo;\u00eatres humains, a annonc\u00e9 le gouverneur de l&rsquo;\u00c9tat de Tamaulipas, Am\u00e9rico Villareal. \u00abLe gouvernement de Tamaulipas condamne le crime contre le d\u00e9l\u00e9gu\u00e9 du FGR dans l&rsquo;\u00c9tat\u00bb, a \u00e9crit Am\u00e9rico Villareal sur X, en employant le sigle du Parquet g\u00e9n\u00e9ral de la R\u00e9publique (FGR).<\/p>\n<p class=\"fig-paragraph\">Selon les m\u00e9dias locaux, le procureur, Ernesto Vazquez Reyna, a \u00e9t\u00e9 tu\u00e9 alors qu&rsquo;il circulait dans sa voiture de fonction dans une avenue de Reynosa, voisine de la ville d&rsquo;Hidalgo au\u00a0<a href=\"http:\/\/www.lefigaro.fr\/international\/midterms-2026-des-elus-democrates-quittent-le-texas-pour-empecher-les-republicains-d-obtenir-plus-de-sieges-20250804\" target=\"_blank\" data-fig-type=\"NewsFlash\" rel=\"noopener nofollow\" data-gtm-custom-categorie=\"navigation\" data-gtm-custom-action=\"crossclick\" data-gtm-custom-label=\"Contextuel\" data-gtm-event=\"customEventSPE\" data-fig-domain=\"LEFIGARO\">Texas<\/a>. \u00abSelon les premiers \u00e9l\u00e9ments, des t\u00e9moins ont entendu des d\u00e9tonations d&rsquo;arme \u00e0 feu dans le secteur\u00bb, ont indiqu\u00e9 les services de s\u00e9curit\u00e9 de Tamaulipas sur leurs r\u00e9seaux sociaux.<\/p>\n<p>                                    <a class=\"fig-a11y-skip a11y-hidden\" href=\"#fig-a11y-skip-main-inarticle\"><br \/>\n        Passer la publicit\u00e9<br \/>\n    <\/a><\/p>\n<p class=\"fig-paragraph\">Des vid\u00e9os diffus\u00e9es par les m\u00e9dias ont montr\u00e9 un homme inconscient sur le sol, dans une mare de sang, \u00e0 c\u00f4t\u00e9 d&rsquo;un v\u00e9hicule noir en flammes au milieu d&rsquo;une large avenue. Le FGR n&rsquo;a pas imm\u00e9diatement donn\u00e9 suite aux sollicitations de l&rsquo;AFP.<\/p>\n<p class=\"fig-paragraph\">L&rsquo;\u00c9tat de Tamaulipas est le fief du Cartel del Golfo, une puissante organisation de narcotrafiquants class\u00e9e \u00aborganisation terroriste \u00e9trang\u00e8re\u00bb par le pr\u00e9sident am\u00e9ricain\u00a0<a href=\"http:\/\/www.lefigaro.fr\/conjoncture\/droits-de-douane-donald-trump-menace-l-inde-d-augmenter-la-surtaxe-sur-les-produits-a-cause-des-achats-de-petrole-russe-20250804\" target=\"_blank\" data-fig-type=\"NewsFlash\" rel=\"noopener nofollow\" data-gtm-custom-categorie=\"navigation\" data-gtm-custom-action=\"crossclick\" data-gtm-custom-label=\"Contextuel\" data-gtm-event=\"customEventSPE\" data-fig-domain=\"LEFIGARO\">Donald Trump<\/a>\u00a0au d\u00e9but de l&rsquo;ann\u00e9e.<\/p>\n","protected":false},"excerpt":{"rendered":"Un procureur f\u00e9d\u00e9ral mexicain a \u00e9t\u00e9 assassin\u00e9 lundi \u00e0 Reynosa, ville frontali\u00e8re des\u00a0\u00c9tats-Unis\u00a0o\u00f9 s\u00e9vit le\u00a0trafic de drogue, de&hellip;\n","protected":false},"author":2,"featured_media":297299,"comment_status":"","ping_status":"","sticky":false,"template":"","format":"standard","meta":{"footnotes":""},"categories":[1589],"tags":[11,73,1866,5697,12,1864,1865,1863,308],"class_list":{"0":"post-297298","1":"post","2":"type-post","3":"status-publish","4":"format-standard","5":"has-post-thumbnail","7":"category-etats-unis","8":"tag-actualites","9":"tag-etats-unis","10":"tag-etats-unis-damerique","11":"tag-mexique","12":"tag-news","13":"tag-united-states","14":"tag-united-states-of-america","15":"tag-us","16":"tag-usa"},"share_on_mastodon":{"url":"https:\/\/pubeurope.com\/@fr\/114974396439256712","error":""},"_links":{"self":[{"href":"https:\/\/www.europesays.com\/fr\/wp-json\/wp\/v2\/posts\/297298","targetHints":{"allow":["GET"]}}],"collection":[{"href":"https:\/\/www.europesays.com\/fr\/wp-json\/wp\/v2\/posts"}],"about":[{"href":"https:\/\/www.europesays.com\/fr\/wp-json\/wp\/v2\/types\/post"}],"author":[{"embeddable":true,"href":"https:\/\/www.europesays.com\/fr\/wp-json\/wp\/v2\/users\/2"}],"replies":[{"embeddable":true,"href":"https:\/\/www.europesays.com\/fr\/wp-json\/wp\/v2\/comments?post=297298"}],"version-history":[{"count":0,"href":"https:\/\/www.europesays.com\/fr\/wp-json\/wp\/v2\/posts\/297298\/revisions"}],"wp:featuredmedia":[{"embeddable":true,"href":"https:\/\/www.europesays.com\/fr\/wp-json\/wp\/v2\/media\/297299"}],"wp:attachment":[{"href":"https:\/\/www.europesays.com\/fr\/wp-json\/wp\/v2\/media?parent=297298"}],"wp:term":[{"taxonomy":"category","embeddable":true,"href":"https:\/\/www.europesays.com\/fr\/wp-json\/wp\/v2\/categories?post=297298"},{"taxonomy":"post_tag","embeddable":true,"href":"https:\/\/www.europesays.com\/fr\/wp-json\/wp\/v2\/tags?post=297298"}],"curies":[{"name":"wp","href":"https:\/\/api.w.org\/{rel}","templated":true}]}}