{"id":297300,"date":"2025-08-05T05:00:49","date_gmt":"2025-08-05T05:00:49","guid":{"rendered":"https:\/\/www.europesays.com\/fr\/297300\/"},"modified":"2025-08-05T05:00:49","modified_gmt":"2025-08-05T05:00:49","slug":"les-ventes-de-voitures-neuves-chutent-de-5-au-royaume-uni-en-juillet-selon-la-smmt","status":"publish","type":"post","link":"https:\/\/www.europesays.com\/fr\/297300\/","title":{"rendered":"Les ventes de voitures neuves chutent de 5\u00a0% au Royaume-Uni en juillet, selon la SMMT"},"content":{"rendered":"<p>Les immatriculations de voitures neuves au Royaume-Uni ont recul\u00e9 d&rsquo;environ 5\u00a0% en glissement annuel au mois de juillet, selon des donn\u00e9es pr\u00e9liminaires publi\u00e9es mardi par la Society of Motor Manufacturers and Traders (SMMT).<\/p>\n<p>Les v\u00e9hicules \u00e9lectriques \u00e0 batterie devraient d\u00e9sormais repr\u00e9senter 23,8\u00a0% des nouvelles immatriculations en 2025, soit une l\u00e9g\u00e8re hausse par rapport \u00e0 la pr\u00e9c\u00e9dente pr\u00e9vision de la SMMT, qui tablait sur 23,5\u00a0%.<\/p>\n<p>Les chiffres d\u00e9finitifs pour le mois de juillet seront publi\u00e9s \u00e0 08h00 GMT.<\/p>\n","protected":false},"excerpt":{"rendered":"Les immatriculations de voitures neuves au Royaume-Uni ont recul\u00e9 d&rsquo;environ 5\u00a0% en glissement annuel au mois de juillet,&hellip;\n","protected":false},"author":2,"featured_media":297301,"comment_status":"","ping_status":"","sticky":false,"template":"","format":"standard","meta":{"footnotes":""},"categories":[1588],"tags":[11,340,1777,674,12,473,1853,1851,1850,1852],"class_list":{"0":"post-297300","1":"post","2":"type-post","3":"status-publish","4":"format-standard","5":"has-post-thumbnail","7":"category-royaume-uni","8":"tag-actualites","9":"tag-bourse","10":"tag-eu","11":"tag-europe","12":"tag-news","13":"tag-royaume-uni","14":"tag-royaume-uni-de-grande-bretagne-et-dirlande-du-nord","15":"tag-uk","16":"tag-united-kingdom","17":"tag-united-kingdom-of-great-britain-and-northern-ireland"},"share_on_mastodon":{"url":"https:\/\/pubeurope.com\/@fr\/114974404307787756","error":""},"_links":{"self":[{"href":"https:\/\/www.europesays.com\/fr\/wp-json\/wp\/v2\/posts\/297300","targetHints":{"allow":["GET"]}}],"collection":[{"href":"https:\/\/www.europesays.com\/fr\/wp-json\/wp\/v2\/posts"}],"about":[{"href":"https:\/\/www.europesays.com\/fr\/wp-json\/wp\/v2\/types\/post"}],"author":[{"embeddable":true,"href":"https:\/\/www.europesays.com\/fr\/wp-json\/wp\/v2\/users\/2"}],"replies":[{"embeddable":true,"href":"https:\/\/www.europesays.com\/fr\/wp-json\/wp\/v2\/comments?post=297300"}],"version-history":[{"count":0,"href":"https:\/\/www.europesays.com\/fr\/wp-json\/wp\/v2\/posts\/297300\/revisions"}],"wp:featuredmedia":[{"embeddable":true,"href":"https:\/\/www.europesays.com\/fr\/wp-json\/wp\/v2\/media\/297301"}],"wp:attachment":[{"href":"https:\/\/www.europesays.com\/fr\/wp-json\/wp\/v2\/media?parent=297300"}],"wp:term":[{"taxonomy":"category","embeddable":true,"href":"https:\/\/www.europesays.com\/fr\/wp-json\/wp\/v2\/categories?post=297300"},{"taxonomy":"post_tag","embeddable":true,"href":"https:\/\/www.europesays.com\/fr\/wp-json\/wp\/v2\/tags?post=297300"}],"curies":[{"name":"wp","href":"https:\/\/api.w.org\/{rel}","templated":true}]}}