{"id":297302,"date":"2025-08-05T05:02:12","date_gmt":"2025-08-05T05:02:12","guid":{"rendered":"https:\/\/www.europesays.com\/fr\/297302\/"},"modified":"2025-08-05T05:02:12","modified_gmt":"2025-08-05T05:02:12","slug":"le-kosovo-attend-le-gardien-ramaj-il-reve-de-lallemagne","status":"publish","type":"post","link":"https:\/\/www.europesays.com\/fr\/297302\/","title":{"rendered":"Le Kosovo attend le gardien Ramaj, il r\u00eave de l&rsquo;Allemagne"},"content":{"rendered":"<p>                                                Le Kosovo attend le gardien Ramaj, il r\u00eave de l&rsquo;Allemagne                    <\/p>\n<p>                        <img decoding=\"async\" src=\"https:\/\/www.europesays.com\/fr\/wp-content\/uploads\/2025\/08\/c944222c-a7e8-411d-a085-23cfbf3b62a9-600x360.jpg\" alt=\"\"\/><\/p>\n<p>                        Sport<\/p>\n<p>                            <img decoding=\"async\" src=\"https:\/\/www.europesays.com\/fr\/wp-content\/uploads\/2025\/06\/IMG_6099-2.png\" alt=\"\"\/><\/p>\n<p>                        Gazeta Express<br \/>\n                        04\/08\/2025 17:40<\/p>\n<p>L&rsquo;Albanie n&rsquo;est peut-\u00eatre pas le seul concurrent du Kosovo pour le gardien Diant Ramaj, que la FFK a contact\u00e9 et attend depuis un certain temps.<\/p>\n<p>L&rsquo;Allemagne pourrait repr\u00e9senter une concurrence redoutable pour le gardien albanais.<\/p>\n<p>Dans une interview accord\u00e9e au journal allemand \u00ab Kicker \u00bb, Ramaj a exprim\u00e9 son ambition de devenir le gardien principal de Dortmund et de se battre pour une place dans l&rsquo;\u00e9quipe nationale allemande, rapporte Gazeta Express.<\/p>\n<p>\u00ab Je veux consolider ma place de gardien num\u00e9ro un de Dortmund. J&rsquo;y travaille chaque jour. Je sais de quoi je suis capable et je crois pouvoir poursuivre dans cette voie \u00bb, a d\u00e9clar\u00e9 Ramaj, qui passera la nouvelle saison en pr\u00eat \u00e0 Heidenheim.<\/p>\n<p class=\"gt-block\">\u00a0\u00ab Je voulais redevenir plus visible dans le football allemand \u00bb, a-t-il d\u00e9clar\u00e9. Diant Ramaj a rejoint Dortmund en provenance de l&rsquo;Ajax en janvier dernier et a \u00e9t\u00e9 imm\u00e9diatement pr\u00eat\u00e9 \u00e0 Copenhague, au Danemark, o\u00f9 il a remport\u00e9 le championnat et la Coupe.<strong>\/GazetaExpress\/<\/strong><\/p>\n","protected":false},"excerpt":{"rendered":"Le Kosovo attend le gardien Ramaj, il r\u00eave de l&rsquo;Allemagne Sport Gazeta Express 04\/08\/2025 17:40 L&rsquo;Albanie n&rsquo;est peut-\u00eatre&hellip;\n","protected":false},"author":2,"featured_media":297303,"comment_status":"","ping_status":"","sticky":false,"template":"","format":"standard","meta":{"footnotes":""},"categories":[1587],"tags":[11,672,1804,1805,1803,1777,674,1801,12,1802],"class_list":{"0":"post-297302","1":"post","2":"type-post","3":"status-publish","4":"format-standard","5":"has-post-thumbnail","7":"category-allemagne","8":"tag-actualites","9":"tag-allemagne","10":"tag-bundesrepublik-deutschland","11":"tag-de","12":"tag-deutschland","13":"tag-eu","14":"tag-europe","15":"tag-germany","16":"tag-news","17":"tag-republique-federale-dallemagne"},"share_on_mastodon":{"url":"https:\/\/pubeurope.com\/@fr\/114974408525927376","error":""},"_links":{"self":[{"href":"https:\/\/www.europesays.com\/fr\/wp-json\/wp\/v2\/posts\/297302","targetHints":{"allow":["GET"]}}],"collection":[{"href":"https:\/\/www.europesays.com\/fr\/wp-json\/wp\/v2\/posts"}],"about":[{"href":"https:\/\/www.europesays.com\/fr\/wp-json\/wp\/v2\/types\/post"}],"author":[{"embeddable":true,"href":"https:\/\/www.europesays.com\/fr\/wp-json\/wp\/v2\/users\/2"}],"replies":[{"embeddable":true,"href":"https:\/\/www.europesays.com\/fr\/wp-json\/wp\/v2\/comments?post=297302"}],"version-history":[{"count":0,"href":"https:\/\/www.europesays.com\/fr\/wp-json\/wp\/v2\/posts\/297302\/revisions"}],"wp:featuredmedia":[{"embeddable":true,"href":"https:\/\/www.europesays.com\/fr\/wp-json\/wp\/v2\/media\/297303"}],"wp:attachment":[{"href":"https:\/\/www.europesays.com\/fr\/wp-json\/wp\/v2\/media?parent=297302"}],"wp:term":[{"taxonomy":"category","embeddable":true,"href":"https:\/\/www.europesays.com\/fr\/wp-json\/wp\/v2\/categories?post=297302"},{"taxonomy":"post_tag","embeddable":true,"href":"https:\/\/www.europesays.com\/fr\/wp-json\/wp\/v2\/tags?post=297302"}],"curies":[{"name":"wp","href":"https:\/\/api.w.org\/{rel}","templated":true}]}}