{"id":297306,"date":"2025-08-05T05:04:10","date_gmt":"2025-08-05T05:04:10","guid":{"rendered":"https:\/\/www.europesays.com\/fr\/297306\/"},"modified":"2025-08-05T05:04:10","modified_gmt":"2025-08-05T05:04:10","slug":"de-belles-activites-ont-encore-eu-lieu-ce-dimanche-dans-la-commune","status":"publish","type":"post","link":"https:\/\/www.europesays.com\/fr\/297306\/","title":{"rendered":"De belles activit\u00e9s ont encore eu lieu ce dimanche dans la commune"},"content":{"rendered":"<p>Dimanche 3 ao\u00fbt, la quatri\u00e8me journ\u00e9e de la f\u00eate votive a honor\u00e9, une nouvelle fois, une belle programmation. \u00c0 l\u2019issue du traditionnel d\u00e9jeuner au centre Carpe diem, d\u00e9part du m\u00eame lieu de la Roussata\u00efo de la manade des Meyrannes, une quarantaine de juments et leurs poulains ont parcouru les rues de la commune pour finir dans le parc de la mairie.<\/p>\n<p>Dans le m\u00eame temps, les Arl\u00e9siennes en costumes traditionnels, du groupe La Respl\u00e9lido, ont d\u00e9fil\u00e9 de la place de la Madone vers la Grand-Rue pour revenir dans le parc en passant par la rue de la R\u00e9publique et amenant le p\u00e8re Pierre Lombard pour la messe.<\/p>\n<p>Comme chaque ann\u00e9e, le point d\u2019orgue de la matin\u00e9e a \u00e9t\u00e9 la messe en proven\u00e7al, en plein air, c\u00e9l\u00e9br\u00e9e par le p\u00e8re Lombard, de Dominique Dupuis et Marie-Jo Garnier pour la Lengo nostro. Elle a \u00e9t\u00e9 anim\u00e9e par la chorale proven\u00e7ale de B\u00e9darrides et les tambourinaires Lou Cigaloun de Jonqui\u00e8res-Saint-Vincent. Un public nombreux a assist\u00e9 \u00e0 cette messe traditionnelle.<\/p>\n<p>Un ap\u00e9ritif a ensuite \u00e9t\u00e9 offert par la municipalit\u00e9. En parall\u00e8le, un moment musical a \u00e9t\u00e9 organis\u00e9 \u00e0 la maison de retraite du Languedoc avec la pe\u00f1a Lou Carretie.<\/p>\n<p><b>Huit manades et huit raseteurs<\/b><\/p>\n<p>L\u2019apr\u00e8s-midi a d\u00e9but\u00e9 par un concours de p\u00e9tanque en \u00e9quipe, avec quarante-quatre triplettes mixtes constitu\u00e9es (132 joueurs et joueuses), ouvert \u00e0 tous. Aux ar\u00e8nes, se d\u00e9roulait la course de vaches cocardi\u00e8res avec huit manades et huit raseteurs dont cinq droitiers et deux gauchers de tr\u00e8s grande qualit\u00e9. Apr\u00e8s la course, un festival d\u2019abrivado a parcouru les rues du village. La soir\u00e9e s\u2019est termin\u00e9e par le traditionnel toro-piscine et un grand show musical avec l\u2019orchestre Mephisto.<\/p>\n<p>La matin\u00e9e du lundi a d\u00e9but\u00e9 par un d\u00e9jeuner au lavoir, anim\u00e9 par la pe\u00f1a Los Caballeros, o\u00f9 de nombreux participants \u00e9taient pr\u00e9sents, autour d\u2019une \u00e9norme omelette aux lardons. Une abrivado de la manade Conti a eu lieu, partie du lavoir en parcourant les rues du village pour terminer le parcours aux ar\u00e8nes.<\/p>\n<p>Correspondant Midi Libre : 06 80 59 76 58<\/p>\n","protected":false},"excerpt":{"rendered":"Dimanche 3 ao\u00fbt, la quatri\u00e8me journ\u00e9e de la f\u00eate votive a honor\u00e9, une nouvelle fois, une belle programmation.&hellip;\n","protected":false},"author":2,"featured_media":297307,"comment_status":"","ping_status":"","sticky":false,"template":"","format":"standard","meta":{"footnotes":""},"categories":[1586],"tags":[11,1777,674,1779,1011,27,12,25,1778,364],"class_list":{"0":"post-297306","1":"post","2":"type-post","3":"status-publish","4":"format-standard","5":"has-post-thumbnail","7":"category-europe","8":"tag-actualites","9":"tag-eu","10":"tag-europe","11":"tag-european-union","12":"tag-fr","13":"tag-france","14":"tag-news","15":"tag-republique-francaise","16":"tag-ue","17":"tag-union-europeenne"},"share_on_mastodon":{"url":"https:\/\/pubeurope.com\/@fr\/114974416173755631","error":""},"_links":{"self":[{"href":"https:\/\/www.europesays.com\/fr\/wp-json\/wp\/v2\/posts\/297306","targetHints":{"allow":["GET"]}}],"collection":[{"href":"https:\/\/www.europesays.com\/fr\/wp-json\/wp\/v2\/posts"}],"about":[{"href":"https:\/\/www.europesays.com\/fr\/wp-json\/wp\/v2\/types\/post"}],"author":[{"embeddable":true,"href":"https:\/\/www.europesays.com\/fr\/wp-json\/wp\/v2\/users\/2"}],"replies":[{"embeddable":true,"href":"https:\/\/www.europesays.com\/fr\/wp-json\/wp\/v2\/comments?post=297306"}],"version-history":[{"count":0,"href":"https:\/\/www.europesays.com\/fr\/wp-json\/wp\/v2\/posts\/297306\/revisions"}],"wp:featuredmedia":[{"embeddable":true,"href":"https:\/\/www.europesays.com\/fr\/wp-json\/wp\/v2\/media\/297307"}],"wp:attachment":[{"href":"https:\/\/www.europesays.com\/fr\/wp-json\/wp\/v2\/media?parent=297306"}],"wp:term":[{"taxonomy":"category","embeddable":true,"href":"https:\/\/www.europesays.com\/fr\/wp-json\/wp\/v2\/categories?post=297306"},{"taxonomy":"post_tag","embeddable":true,"href":"https:\/\/www.europesays.com\/fr\/wp-json\/wp\/v2\/tags?post=297306"}],"curies":[{"name":"wp","href":"https:\/\/api.w.org\/{rel}","templated":true}]}}