{"id":297314,"date":"2025-08-05T05:08:16","date_gmt":"2025-08-05T05:08:16","guid":{"rendered":"https:\/\/www.europesays.com\/fr\/297314\/"},"modified":"2025-08-05T05:08:16","modified_gmt":"2025-08-05T05:08:16","slug":"est-ce-la-fin-pour-ian-poulter","status":"publish","type":"post","link":"https:\/\/www.europesays.com\/fr\/297314\/","title":{"rendered":"Est-ce la fin pour Ian Poulter ?"},"content":{"rendered":"<p>\t\t\t\t\t\t<img width=\"770\" height=\"556\" src=\"https:\/\/www.europesays.com\/fr\/wp-content\/uploads\/2025\/08\/liv-golf-calendrier-770x556.jpg\" class=\"img-responsive wp-post-image\" alt=\"brooks koepka Ian Poulter liv golf Photo by Giorgio VIERA \/ AFP\" decoding=\"async\" fetchpriority=\"high\"  \/>\t\t\t\t\t<\/p>\n<p>\t\t\t\t\t\t Partager cet article <\/p>\n<p class=\"screen-reader-text juiz_sps_maybe_hidden_text\">Partager la publication \u00ab\u00a0Est-ce la fin pour Ian Poulter ?\u00a0\u00bb<\/p>\n<p><strong>La fin de carri\u00e8re de l\u2019un des mastodontes du golf europ\u00e9en pourrait se pr\u00e9cipiter en cette fin d\u2019exercice 2025. L\u2019Anglais Ian Poulter, 49 ans,\u00a0 est en grand danger de perdre ses droits de jeu sur le LIV Golf\u2026<\/strong><\/p>\n<p>\t\t\t\t\t<a id=\"181442\" href=\"https:\/\/www.formigolf.fr\/voyage-pays~fairplay_golf__spa_resort_5etoiles_cadiz~199~espagne\" target=\"_blank\" rel=\"sponsorised noopener\"><img decoding=\"async\" src=\"data:image\/svg+xml,%3Csvg%20xmlns=\" http:=\"\" class=\"img-responsive\" alt=\"\" data-lazy-src=\"https:\/\/www.europesays.com\/fr\/wp-content\/uploads\/2025\/08\/formigolf-e08-andalousie-cadiz-1170x275-1.gif\"\/><\/a><\/p>\n<p>Il faisait partie de la premi\u00e8re vague de stars europ\u00e9ennes de Ryder Cup \u00e0 \u00eatre recrut\u00e9es par le circuit dissident soutenu par le PIF en juin 2022. <strong>Ian Poulter<\/strong> a sign\u00e9 un contrat de trois ans avec le <strong>LIV Golf<\/strong> pour un montant estim\u00e9 entre 20 et 30 millions de dollars et a \u00e9t\u00e9 exempt\u00e9 de rel\u00e9gation en tant que capitaine des <strong>Majesticks<\/strong>\u2026 jusqu\u2019\u00e0 cette saison.<\/p>\n<p>Le Telegraph Sport rapporte que le LIV vient de supprimer cette r\u00e8gle cette saison et qu\u2019il n\u2019y aura plus de sursis pour les capitaines joueurs s\u2019ils terminent dans les six derniers du classement.<\/p>\n<p>Cette r\u00e8gle a fait l\u2019objet de nombreux d\u00e9bats. Le double champion du <strong>Masters<\/strong>, <strong>Bubba Watson<\/strong>, a \u00e9t\u00e9 rel\u00e9gu\u00e9 la saison derni\u00e8re mais a fait l\u2019obejt d\u2019unn \u00ab\u00a0business case\u00a0\u00bb, comprenez un arrangement, pour \u00eatre retenu par les <strong>RangeGoats<\/strong>.<\/p>\n<p><strong>Branden Grace<\/strong> a \u00e9galement termin\u00e9 dans la zone de rel\u00e9gation l\u2019ann\u00e9e derni\u00e8re et, apr\u00e8s avoir tent\u00e9 en vain de retrouver sa place dans la ligue par le biais des Q-School, il a finalement \u00e9t\u00e9 retenu par l\u2019\u00e9quipe sud-africaine des Stinger \u00e0 nouveau.<\/p>\n<p>Mais cette ann\u00e9e pas d\u2019exception possible si l\u2019on ne termine pas dans le top 48 du classement g\u00e9n\u00e9ral. L\u2019Anglais actuel 51e de l\u2019ordre du m\u00e9rite se retrouve donc en grand danger \u00e0 deux tournois de la fin de la saison sur le LIV Golf, o\u00f9 il devra faire mieux qu\u2019une 13e place, son meilleur r\u00e9sultat jusqu\u2019ici.<\/p>\n<p><img loading=\"lazy\" decoding=\"async\" class=\"alignnone size-full wp-image-181600\" src=\"data:image\/svg+xml,%3Csvg%20xmlns=\" http:=\"\" alt=\"\" width=\"1771\" height=\"814\" data-lazy- data-lazy- data-lazy-src=\"https:\/\/www.europesays.com\/fr\/wp-content\/uploads\/2025\/08\/poults.png\"\/><\/p>\n<p>\t\t\t\t\t<a id=\"180479\" href=\"https:\/\/www.swing.fr\/voyage\/35-14eme-edition-des-doubles-gosset-by-beachcomber\" target=\"_blank\" rel=\"sponsorised noopener\"><img fetchpriority=\"high\" decoding=\"async\" src=\"https:\/\/www.europesays.com\/fr\/wp-content\/uploads\/2025\/07\/beachcomber-e01-doubles-gosset-26-1170x275-1.jpg\" class=\"img-responsive\" alt=\"\"\/><\/a><\/p>\n<p>L\u2019\u00e9quipe de Poulter est actuellement 12e sur les 13 \u00e9quipes du LIV. Lee Westwood et Henrik Stenson, ses co\u00e9quipiers, sont \u00e9galement sous la menace, respectivement 46e et 47e au classement individuel.<\/p>\n<p>\u00a0<\/p>\n<p>\u00a0<\/p>\n<p>Photo : Photo by Giorgio VIERA \/ AFP<\/p>\n","protected":false},"excerpt":{"rendered":"Partager cet article Partager la publication \u00ab\u00a0Est-ce la fin pour Ian Poulter ?\u00a0\u00bb La fin de carri\u00e8re de&hellip;\n","protected":false},"author":2,"featured_media":297315,"comment_status":"","ping_status":"","sticky":false,"template":"","format":"standard","meta":{"footnotes":""},"categories":[1418],"tags":[1011,27,1472,60],"class_list":{"0":"post-297314","1":"post","2":"type-post","3":"status-publish","4":"format-standard","5":"has-post-thumbnail","7":"category-golf","8":"tag-fr","9":"tag-france","10":"tag-golf","11":"tag-sports"},"share_on_mastodon":{"url":"https:\/\/pubeurope.com\/@fr\/114974431870974747","error":""},"_links":{"self":[{"href":"https:\/\/www.europesays.com\/fr\/wp-json\/wp\/v2\/posts\/297314","targetHints":{"allow":["GET"]}}],"collection":[{"href":"https:\/\/www.europesays.com\/fr\/wp-json\/wp\/v2\/posts"}],"about":[{"href":"https:\/\/www.europesays.com\/fr\/wp-json\/wp\/v2\/types\/post"}],"author":[{"embeddable":true,"href":"https:\/\/www.europesays.com\/fr\/wp-json\/wp\/v2\/users\/2"}],"replies":[{"embeddable":true,"href":"https:\/\/www.europesays.com\/fr\/wp-json\/wp\/v2\/comments?post=297314"}],"version-history":[{"count":0,"href":"https:\/\/www.europesays.com\/fr\/wp-json\/wp\/v2\/posts\/297314\/revisions"}],"wp:featuredmedia":[{"embeddable":true,"href":"https:\/\/www.europesays.com\/fr\/wp-json\/wp\/v2\/media\/297315"}],"wp:attachment":[{"href":"https:\/\/www.europesays.com\/fr\/wp-json\/wp\/v2\/media?parent=297314"}],"wp:term":[{"taxonomy":"category","embeddable":true,"href":"https:\/\/www.europesays.com\/fr\/wp-json\/wp\/v2\/categories?post=297314"},{"taxonomy":"post_tag","embeddable":true,"href":"https:\/\/www.europesays.com\/fr\/wp-json\/wp\/v2\/tags?post=297314"}],"curies":[{"name":"wp","href":"https:\/\/api.w.org\/{rel}","templated":true}]}}