{"id":297320,"date":"2025-08-05T05:14:14","date_gmt":"2025-08-05T05:14:14","guid":{"rendered":"https:\/\/www.europesays.com\/fr\/297320\/"},"modified":"2025-08-05T05:14:14","modified_gmt":"2025-08-05T05:14:14","slug":"formule-1-lando-norris-officialise-sa-relation-avec-un-mannequin","status":"publish","type":"post","link":"https:\/\/www.europesays.com\/fr\/297320\/","title":{"rendered":"Formule 1: Lando Norris officialise sa relation avec un mannequin"},"content":{"rendered":"<p>Publi\u00e95. ao\u00fbt 2025, 06:09<\/p>\n<p>Formule 1: Lando Norris a aussi gagn\u00e9 un coeur<\/p>\n<p><strong>Victorieux du Grand Prix de Hongrie dimanche, le pilote britannique a officialis\u00e9 sa relation avec un mannequin portugais.<\/strong><\/p>\n<p><a href=\"https:\/\/www.20min.ch\/fr\/auteurs\/83864938\/emmanuel-favre\" class=\"sc-b1f21c84-2 egfiIF\" rel=\"nofollow noopener\" target=\"_blank\"><img decoding=\"async\" alt=\"Emmanuel Favre\" src=\"https:\/\/www.europesays.com\/fr\/wp-content\/uploads\/2025\/08\/35d4da46-ea12-4e43-b09b-dba338e2829e.jpeg\" class=\"sc-b1f21c84-1 iTOvpR\"\/><\/a><img loading=\"lazy\" decoding=\"async\" src=\"https:\/\/www.europesays.com\/fr\/wp-content\/uploads\/2025\/08\/2444c786-5c3c-4d74-8889-c364ed9243dc.jpg\" alt=\"Margarida Corceiro et Lando Norris Corceiro sont arriv\u00e9s ensemble au circuit de Hongrie\" title=\"Margarida Corceiro et Lando Norris Corceiro sont arriv\u00e9s ensemble au circuit de Hongrie\"  width=\"1200\" height=\"800\"\/><\/p>\n<p>Margarida Corceiro et Lando Norris Corceiro sont arriv\u00e9s ensemble au circuit de Hongrie<\/p>\n<p>IMAGO\/NurPhoto<\/p>\n<p><strong\/><a href=\"https:\/\/www.20min.ch\/fr\/story\/f1-gp-de-hongrie-nouveau-double-mclaren-lando-norris-gagne-devant-oscar-piastri-103392484\" rel=\"nofollow noopener\" target=\"_blank\">Vainqueur du Grand Prix de Hongrie dimanche<\/a>, deuxi\u00e8me du championnat du monde des pilotes derri\u00e8re son co\u00e9quipier australien chez McLaren Oscar Piastri,  Lando Norris a profit\u00e9 des c\u00e9l\u00e9brations au Hungaroring pour officialiser sa relation avec Margarida Corceiro.<\/p>\n<p>Le Britannique a en effet tendrement embrass\u00e9 le mannequin portugais de 22 ans habill\u00e9 d\u2019une chemise orange et noire officielle de McLaren alors qu\u2019il f\u00eatait son succ\u00e8s avec les employ\u00e9s de l\u2019\u00e9curie bas\u00e9e \u00e0 Woking, dans le Surrey.<\/p>\n<p><img loading=\"lazy\" decoding=\"async\" src=\"https:\/\/www.europesays.com\/fr\/wp-content\/uploads\/2025\/08\/9531e063-6e43-4bba-82c8-87f9ff59e234.png\" alt=\"\" title=\"\"  width=\"961\" height=\"561\"\/>Capture X<\/p>\n<p>Les deux tourtereaux s\u2019\u00e9taient rencontr\u00e9s en 2023 lorsque le pilote de 25 ans avait rompu avec le mannequin portugais Luisinha Oliveira et que Corceiro avait mis fin \u00e0 sa relation de quatre ans avec son compatriote, le footballeur professionnel Joao Felix. Selon plusieurs t\u00e9moignages v\u00e9hicul\u00e9s par la presse dite people, ce rapprochement ne s\u2019\u00e9tait cependant pas concr\u00e9tis\u00e9 par une relation sur le long terme.<\/p>\n<p>En mai \u00e0 Monaco d\u00e9j\u00e0<\/p>\n<p>En ao\u00fbt 2024, en marge du Grand Prix des Pays-Bas, le jeune homme originaire de Bristol avait confirm\u00e9 son c\u00e9libat. Lorsqu&rsquo;un journaliste lui avait demand\u00e9 s&rsquo;il voulait un chien, il avait r\u00e9pondu froidement: \u00abJe n&rsquo;ai pas le temps pour un chien. Si j&rsquo;en avais, il me faudrait une petite amie, je n&rsquo;en ai pas.\u00bb<\/p>\n<p>Mais, depuis le d\u00e9but de la saison 2025 de Formule 1, Margarida Corceiro a \u00e9t\u00e9 aper\u00e7ue \u00e0 quelques reprises dans l\u2019environnement de Norris. En mai, par exemple, elle avait suivi le Grand Prix de Monaco aux c\u00f4t\u00e9s de Cisaca Wauman, la maman de Lando Norris. Et, vendredi dernier, v\u00eatue d\u2019une robe blanche moulante sans manches, elle \u00e9tait arriv\u00e9e au circuit situ\u00e9 \u00e0 une vingtaine de kilom\u00e8tres de Budapest en compagnie du vice-champion du monde 2024.<\/p>\n<p><img loading=\"lazy\" decoding=\"async\" src=\"https:\/\/www.europesays.com\/fr\/wp-content\/uploads\/2025\/08\/98ea2d1f-7b29-4c25-8984-8c19c6a5a8c5.jpg\" alt=\"\" title=\"\"  width=\"800\" height=\"1200\"\/>IMAGO\/DeFodi Images<\/p>\n<p>Pr\u00e9misse d\u2019une officialisation de la relation 48 heures plus tard.<\/p>\n<p><strong>Margarida Corceiro est une figure m\u00e9diatique <\/strong><\/p>\n<p>Avec plus de deux millions de followers sur Instagram (soit 8,5 millions de moins que Lando Norris), Margarida Corceiro est une personnalit\u00e9 m\u00e9diatique reconnue au Portugal. En tant qu&rsquo;actrice, elle est apparue dans plusieurs s\u00e9ries t\u00e9l\u00e9vis\u00e9es de son pays natal et figure r\u00e9guli\u00e8rement dans des campagnes de pub. En 2020, elle avait particip\u00e9 \u00e0 la version portugaise de \u00abDanse avec les Stars\u00bb.<\/p>\n","protected":false},"excerpt":{"rendered":"Publi\u00e95. ao\u00fbt 2025, 06:09 Formule 1: Lando Norris a aussi gagn\u00e9 un coeur Victorieux du Grand Prix de&hellip;\n","protected":false},"author":2,"featured_media":297321,"comment_status":"","ping_status":"","sticky":false,"template":"","format":"standard","meta":{"footnotes":""},"categories":[1412],"tags":[1451,1452,1453,1454,1455,1011,27,60],"class_list":{"0":"post-297320","1":"post","2":"type-post","3":"status-publish","4":"format-standard","5":"has-post-thumbnail","7":"category-f1","8":"tag-f1","9":"tag-formula-1","10":"tag-formula1","11":"tag-formule-1","12":"tag-formule1","13":"tag-fr","14":"tag-france","15":"tag-sports"},"share_on_mastodon":{"url":"https:\/\/pubeurope.com\/@fr\/114974455601091707","error":""},"_links":{"self":[{"href":"https:\/\/www.europesays.com\/fr\/wp-json\/wp\/v2\/posts\/297320","targetHints":{"allow":["GET"]}}],"collection":[{"href":"https:\/\/www.europesays.com\/fr\/wp-json\/wp\/v2\/posts"}],"about":[{"href":"https:\/\/www.europesays.com\/fr\/wp-json\/wp\/v2\/types\/post"}],"author":[{"embeddable":true,"href":"https:\/\/www.europesays.com\/fr\/wp-json\/wp\/v2\/users\/2"}],"replies":[{"embeddable":true,"href":"https:\/\/www.europesays.com\/fr\/wp-json\/wp\/v2\/comments?post=297320"}],"version-history":[{"count":0,"href":"https:\/\/www.europesays.com\/fr\/wp-json\/wp\/v2\/posts\/297320\/revisions"}],"wp:featuredmedia":[{"embeddable":true,"href":"https:\/\/www.europesays.com\/fr\/wp-json\/wp\/v2\/media\/297321"}],"wp:attachment":[{"href":"https:\/\/www.europesays.com\/fr\/wp-json\/wp\/v2\/media?parent=297320"}],"wp:term":[{"taxonomy":"category","embeddable":true,"href":"https:\/\/www.europesays.com\/fr\/wp-json\/wp\/v2\/categories?post=297320"},{"taxonomy":"post_tag","embeddable":true,"href":"https:\/\/www.europesays.com\/fr\/wp-json\/wp\/v2\/tags?post=297320"}],"curies":[{"name":"wp","href":"https:\/\/api.w.org\/{rel}","templated":true}]}}