{"id":297325,"date":"2025-08-05T05:17:10","date_gmt":"2025-08-05T05:17:10","guid":{"rendered":"https:\/\/www.europesays.com\/fr\/297325\/"},"modified":"2025-08-05T05:17:10","modified_gmt":"2025-08-05T05:17:10","slug":"jordan-mouillerac-papa-son-bebe-a-une-particularite-phy","status":"publish","type":"post","link":"https:\/\/www.europesays.com\/fr\/297325\/","title":{"rendered":"Jordan Mouillerac papa, son b\u00e9b\u00e9 a une \u201cparticularit\u00e9\u201d phy &#8230;"},"content":{"rendered":"<p>EN BREF<\/p>\n<ul class=\"bloc_resume_post_list\">\n<li>Jordan Mouillerac et Jessica accueillent leur premier<br \/>\nenfant, Noa, le 9 juillet 2025 apr\u00e8s une grossesse<br \/>\ncompliqu\u00e9e.<\/li>\n<li>Le couple d\u00e9couvre une tache sur la peau de Noa, un<br \/>\nangiome plan, suscitant des inqui\u00e9tudes.<\/li>\n<li>Jessica partage ses \u00e9motions sur la particularit\u00e9 de Noa,<br \/>\nsoulignant l\u00a0\u00bbimportance de l&rsquo;acceptation et de l&rsquo;amour.<\/li>\n<\/ul>\n<p>Jordan Mouillerac, danseur r\u00e9v\u00e9l\u00e9 dans <a href=\"https:\/\/www.telestar.fr\/people\/danse-avec-les-stars-denitsa-ikonomova-bientot-de-retour-elle-repond-1732017\" target=\"_blank\" rel=\"noopener\"><br \/>\nDanse avec les stars<\/a>, et sa compagne Jessica ont<br \/>\naccueilli leur premier enfant le 9 juillet 2025. Apr\u00e8s une<br \/>\ngrossesse compliqu\u00e9e, la petite Noa est finalement arriv\u00e9e en bonne<br \/>\nsant\u00e9.<\/p>\n<p>Mais r\u00e9cemment, le couple fait face \u00e0 une nouvelle inqui\u00e9tude.<br \/>\nEn effet, le danseur et sa compagne ont remarqu\u00e9 une tache sur la<br \/>\npeau de leur b\u00e9b\u00e9.<\/p>\n<p>Jordan Mouillerac : des complications dans la grossesse de sa<br \/>\ncompagne Jessica<\/p>\n<p>Le 17 juillet dernier, <a href=\"https:\/\/www.telestar.fr\/tele_realite\/dals-jordan-mouillerac-papa-il-devoile-son-prenom-original-et-des-photos-a-croquer-1731774\" target=\"_blank\" rel=\"noopener\"><br \/>\nJordan Mouillerac<\/a> et sa compagne Jessica ont partag\u00e9<br \/>\nd\u2019adorables photos de leur premier enfant, n\u00e9 quelques jours avant,<br \/>\nsur Instagram. \u00ab\u00a0<a href=\"https:\/\/www.telestar.fr\/tele_realite\/dals-jordan-mouillerac-papa-il-devoile-son-prenom-original-et-des-photos-a-croquer-1731774\" target=\"_blank\" rel=\"noopener\">Noa<\/a>,<br \/>\nnotre fille, <strong>notre plus belle victoire<\/strong>, est n\u00e9e ce<br \/>\n9 juillet [\u2026]. Merci la vie pour ce cadeau, <strong>nous t\u2019avons<br \/>\ntant attendue<\/strong>.\u00a0Ton arriv\u00e9e scelle notre plus belle<br \/>\naventure : notre famille.\u00a0Nous t\u2019aimons bien plus que les<br \/>\nmots\u00a0\u00bb\u00a0avaient-ils \u00e9crit.<\/p>\n<p>Une heureuse nouvelle pour le couple, alors que Jessica a<br \/>\nrencontr\u00e9 des <strong>difficult\u00e9s<\/strong> lors de sa <a href=\"https:\/\/www.telestar.fr\/tele_realite\/danse-avec-les-stars-2025-enceinte-la-femme-de-jordan-mouillerac-sort-du-silence-apres-la-victoire-de-son-mari-1720136\" target=\"_blank\" rel=\"noopener\"><br \/>\ngrossesse<\/a>. En effet, la jeune femme a \u00e9t\u00e9 hospitalis\u00e9e<br \/>\nplusieurs semaines avant la naissance de l\u2019enfant, \u00e0 cause d\u2019une<br \/>\n<strong>phl\u00e9bite<\/strong>. Le couple avait alors r\u00e9fl\u00e9chi \u00e0<br \/>\nd\u00e9clencher l\u2019accouchement. Jessica s\u2019\u00e9tait exprim\u00e9e sur cet \u00e9pisode<br \/>\nangoissant, mais qui est d\u00e9sormais derri\u00e8re eux. La petite Noa est<br \/>\nen effet en bonne sant\u00e9. Mais Jordan Mouillerac et sa compagne font<br \/>\nface \u00e0 une nouvelle inqui\u00e9tude\u00a0: une tache sur la peau de leur<br \/>\nb\u00e9b\u00e9.<\/p>\n<blockquote class=\"instagram-media\" style=\"background: #ffffff;border: 0;margin: 1px;width: 100%;padding: 0;max-width: 500px;\" data-instgrm-permalink=\"https:\/\/www.instagram.com\/p\/DM7huB3sRf3\/\" data-instgrm-version=\"14\"\/><p>\nJordan Mouillerac : sa compagne Jessica<br \/>\nd\u00e9voile la\u00a0 \u00ab\u00a0particularit\u00e9\u00a0\u00bb de leur fille Noa<\/p>\n<p>La <a href=\"https:\/\/www.telestar.fr\/people\/dals-jordan-mouillerac-papa-sa-compagne-en-proie-a-des-douleurs-depuis-laccouchement-1732208\" target=\"_blank\" rel=\"noopener\"><br \/>\njeune maman<\/a> a alors expliqu\u00e9 la nature de ce d\u00e9tail esth\u00e9tique<br \/>\nsur Instagram. \u00ab\u00a0Noa est n\u00e9e avec une<br \/>\n<strong>particularit\u00e9<\/strong>\u2026 Un dessin sur la peau.\u00a0Un<br \/>\n<strong>angiome plan<\/strong>. Il couvre son bras, sa main, son<br \/>\n\u00e9paule, une partie de son torse.\u00a0Il est l\u00e0, bien visible,<br \/>\ncomme une <strong>signature<\/strong> que la vie lui a laiss\u00e9e. Oui,<br \/>\nje sais que c\u2019est juste esth\u00e9tique et qu\u2019elle est en bonne sant\u00e9,<br \/>\nmais\u00a0j\u2019ai eu mal et <strong>j\u2019ai eu peur<\/strong>\u2026 Peur \u00e0<br \/>\ncause du monde. <strong>Du regard des gens<\/strong>.\u00a0Des<br \/>\nquestions qu\u2019on lui posera. Des <strong>jugements<br \/>\nsilencieux<\/strong> qu\u2019elle croisera peut-\u00eatre\u00a0\u00bb\u00a0a confi\u00e9<br \/>\nJessica Senetaire.<\/p>\n<p>La compagne du <a href=\"https:\/\/www.telestar.fr\/tele_realite\/dals-2025-lenie-pas-epargnee-jordan-mouillerac-lui-en-a-fait-baver-des-ronds-de-chapeau-1719819\" target=\"_blank\" rel=\"noopener\"><br \/>\ngagnant<\/a> de la derni\u00e8re saison de DALS a ensuite ajout\u00e9\u00a0:<br \/>\n\u00ab\u00a0Elle est <strong>unique<\/strong>. Et si la diff\u00e9rence fait<br \/>\nparfois peur, elle fait surtout la <strong>beaut\u00e9<\/strong> du<br \/>\nmonde. Elle grandira avec cette couleur en plus.\u00a0Et nous, nous<br \/>\nserons l\u00e0, pour l\u2019aimer, la rassurer, lui rappeler chaque jour \u00e0<br \/>\nquel point elle est belle. Avec ou sans cette<br \/>\n<strong>particularit\u00e9<\/strong>.\u00a0Parce qu\u2019elle est bien plus<br \/>\nque ce qu\u2019on voit. C\u2019est tout. C\u2019est elle. Et nous l\u2019aimons<br \/>\nexactement comme \u00e7a\u00a0\u00bb.<\/p>\n<p><script async src=\"\/\/www.instagram.com\/embed.js\"><\/script><\/p>\n","protected":false},"excerpt":{"rendered":"EN BREF Jordan Mouillerac et Jessica accueillent leur premier enfant, Noa, le 9 juillet 2025 apr\u00e8s une grossesse&hellip;\n","protected":false},"author":2,"featured_media":297326,"comment_status":"","ping_status":"","sticky":false,"template":"","format":"standard","meta":{"footnotes":""},"categories":[1359],"tags":[548,194,58,59,1011,27,973],"class_list":{"0":"post-297325","1":"post","2":"type-post","3":"status-publish","4":"format-standard","5":"has-post-thumbnail","7":"category-people","8":"tag-article-simple","9":"tag-danse-avec-les-stars","10":"tag-divertissement","11":"tag-entertainment","12":"tag-fr","13":"tag-france","14":"tag-people"},"share_on_mastodon":{"url":"https:\/\/pubeurope.com\/@fr\/114974467249028757","error":""},"_links":{"self":[{"href":"https:\/\/www.europesays.com\/fr\/wp-json\/wp\/v2\/posts\/297325","targetHints":{"allow":["GET"]}}],"collection":[{"href":"https:\/\/www.europesays.com\/fr\/wp-json\/wp\/v2\/posts"}],"about":[{"href":"https:\/\/www.europesays.com\/fr\/wp-json\/wp\/v2\/types\/post"}],"author":[{"embeddable":true,"href":"https:\/\/www.europesays.com\/fr\/wp-json\/wp\/v2\/users\/2"}],"replies":[{"embeddable":true,"href":"https:\/\/www.europesays.com\/fr\/wp-json\/wp\/v2\/comments?post=297325"}],"version-history":[{"count":0,"href":"https:\/\/www.europesays.com\/fr\/wp-json\/wp\/v2\/posts\/297325\/revisions"}],"wp:featuredmedia":[{"embeddable":true,"href":"https:\/\/www.europesays.com\/fr\/wp-json\/wp\/v2\/media\/297326"}],"wp:attachment":[{"href":"https:\/\/www.europesays.com\/fr\/wp-json\/wp\/v2\/media?parent=297325"}],"wp:term":[{"taxonomy":"category","embeddable":true,"href":"https:\/\/www.europesays.com\/fr\/wp-json\/wp\/v2\/categories?post=297325"},{"taxonomy":"post_tag","embeddable":true,"href":"https:\/\/www.europesays.com\/fr\/wp-json\/wp\/v2\/tags?post=297325"}],"curies":[{"name":"wp","href":"https:\/\/api.w.org\/{rel}","templated":true}]}}