{"id":297327,"date":"2025-08-05T05:18:16","date_gmt":"2025-08-05T05:18:16","guid":{"rendered":"https:\/\/www.europesays.com\/fr\/297327\/"},"modified":"2025-08-05T05:18:16","modified_gmt":"2025-08-05T05:18:16","slug":"au-musee-carnavalet-a-paris-les-peregrinations-parisiennes-dagnes-varda","status":"publish","type":"post","link":"https:\/\/www.europesays.com\/fr\/297327\/","title":{"rendered":"Au Mus\u00e9e Carnavalet, \u00e0 Paris, les p\u00e9r\u00e9grinations parisiennes d\u2019Agn\u00e8s Varda"},"content":{"rendered":"<p>                         <img loading=\"lazy\" decoding=\"async\" src=\"https:\/\/www.europesays.com\/fr\/wp-content\/uploads\/2025\/08\/96e7340_upload-1-cexye4aytwa2-1-agnei-s-varda-autoportrait-dans-son-studio-rue-daguerre.jpg\" alt=\"\u00ab\u00a0Autoportrait dans son studio, rue Daguerre, Paris 14\u1d49\u00a0\u00bb (1956), par Agn\u00e8s Varda.\"   width=\"664\" height=\"443\"\/>    \u00ab\u00a0Autoportrait dans son studio, rue Daguerre, Paris 14\u1d49\u00a0\u00bb (1956), par Agn\u00e8s Varda.  AGN\u00c8S VARDA\/SUCCESSION AGN\u00c8S VARDA                 <\/p>\n<p class=\"article__paragraph  \">On croyait tout savoir sur Agn\u00e8s Varda (1928-2019), au vu des expositions et r\u00e9trospectives qui se sont multipli\u00e9es ces dix derni\u00e8res ann\u00e9es. Mais la c\u00e9l\u00e9brit\u00e9 conquise par l\u2019artiste morte en\u00a02019, d\u2019abord en tant que cin\u00e9aste puis comme plasticienne, a masqu\u00e9 tout un pan de son travail\u00a0: ses d\u00e9buts comme photographe. Au Mus\u00e9e Carnavalet, une exposition originale et r\u00e9jouissante, centr\u00e9e sur les rapports d\u2019Agn\u00e8s Varda avec la ville de Paris, riche de 130\u00a0tirages d\u2019\u00e9poque et de documents in\u00e9dits tir\u00e9s des archives d\u2019Agn\u00e8s Varda, donne l\u2019occasion de d\u00e9couvrir son regard singulier et libre, qui m\u00eale la fantaisie \u00e0 une \u00e9tranget\u00e9 bien plus sombre.<\/p>\n<p>   Lire plus tard  <\/p>\n<p class=\"article__paragraph  \">De 1951<strong>\u00a0<\/strong>\u00e0 sa mort, Agn\u00e8s Varda a v\u00e9cu \u00e0 la m\u00eame adresse, au 86\u00a0de la rue Daguerre (un nom providentiel pour une photographe), dans <a href=\"https:\/\/www.lemonde.fr\/m-perso\/article\/2025\/07\/06\/vous-aimez-agnes-varda-vous-aimerez-le-14-arrondissement-de-paris_6619252_4497916.html\" rel=\"nofollow noopener\" target=\"_blank\">le 14e\u00a0arrondissement<\/a>. Plut\u00f4t qu\u2019un appartement, elle avait persuad\u00e9 son p\u00e8re de lui acheter ce qui \u00e9tait \u00e0 l\u2019\u00e9poque un taudis, sans chauffage et avec des toilettes ext\u00e9rieures\u00a0: deux boutiques et leurs d\u00e9pendances, s\u00e9par\u00e9es par une cour. L\u2019exposition reconstitue et fait revivre cet endroit pittoresque devenu \u00e0 la fois son lieu d\u2019habitation et un point central dans son \u0153uvre \u2013 atelier, studio de prise de vue pour amis et acteurs, lieu de tournage, voire lieu d\u2019exposition.<\/p>\n<p class=\"reading-mode-only \"><strong>Il vous reste 74.35% de cet article \u00e0 lire. La suite est r\u00e9serv\u00e9e aux abonn\u00e9s.<\/strong><\/p>\n","protected":false},"excerpt":{"rendered":"\u00ab\u00a0Autoportrait dans son studio, rue Daguerre, Paris 14\u1d49\u00a0\u00bb (1956), par Agn\u00e8s Varda. AGN\u00c8S VARDA\/SUCCESSION AGN\u00c8S VARDA On croyait&hellip;\n","protected":false},"author":2,"featured_media":297328,"comment_status":"","ping_status":"","sticky":false,"template":"","format":"standard","meta":{"footnotes":""},"categories":[1358],"tags":[1348,1384,1385,1386,58,59,1011,27],"class_list":{"0":"post-297327","1":"post","2":"type-post","3":"status-publish","4":"format-standard","5":"has-post-thumbnail","7":"category-arts-et-design","8":"tag-arts","9":"tag-arts-and-design","10":"tag-arts-et-design","11":"tag-design","12":"tag-divertissement","13":"tag-entertainment","14":"tag-fr","15":"tag-france"},"share_on_mastodon":{"url":"https:\/\/pubeurope.com\/@fr\/114974471187718481","error":""},"_links":{"self":[{"href":"https:\/\/www.europesays.com\/fr\/wp-json\/wp\/v2\/posts\/297327","targetHints":{"allow":["GET"]}}],"collection":[{"href":"https:\/\/www.europesays.com\/fr\/wp-json\/wp\/v2\/posts"}],"about":[{"href":"https:\/\/www.europesays.com\/fr\/wp-json\/wp\/v2\/types\/post"}],"author":[{"embeddable":true,"href":"https:\/\/www.europesays.com\/fr\/wp-json\/wp\/v2\/users\/2"}],"replies":[{"embeddable":true,"href":"https:\/\/www.europesays.com\/fr\/wp-json\/wp\/v2\/comments?post=297327"}],"version-history":[{"count":0,"href":"https:\/\/www.europesays.com\/fr\/wp-json\/wp\/v2\/posts\/297327\/revisions"}],"wp:featuredmedia":[{"embeddable":true,"href":"https:\/\/www.europesays.com\/fr\/wp-json\/wp\/v2\/media\/297328"}],"wp:attachment":[{"href":"https:\/\/www.europesays.com\/fr\/wp-json\/wp\/v2\/media?parent=297327"}],"wp:term":[{"taxonomy":"category","embeddable":true,"href":"https:\/\/www.europesays.com\/fr\/wp-json\/wp\/v2\/categories?post=297327"},{"taxonomy":"post_tag","embeddable":true,"href":"https:\/\/www.europesays.com\/fr\/wp-json\/wp\/v2\/tags?post=297327"}],"curies":[{"name":"wp","href":"https:\/\/api.w.org\/{rel}","templated":true}]}}