{"id":29733,"date":"2025-04-16T18:29:12","date_gmt":"2025-04-16T18:29:12","guid":{"rendered":"https:\/\/www.europesays.com\/fr\/29733\/"},"modified":"2025-04-16T18:29:12","modified_gmt":"2025-04-16T18:29:12","slug":"cyclisme-tour-du-finistere-coquard-seixas-mohoric-le-plateau-attendu-au-finistere","status":"publish","type":"post","link":"https:\/\/www.europesays.com\/fr\/29733\/","title":{"rendered":"Cyclisme. Tour du Finist\u00e8re &#8211; Coquard, Seixas, Mohoric&#8230; le plateau attendu au Finist\u00e8re"},"content":{"rendered":"<p>Le 39e <strong>Tour du Finist\u00e8re<\/strong> s&rsquo;annonce particuli\u00e8rement passionnant. Ce vendredi les organisateurs se sont rassembl\u00e9s au Cr\u00e9dit Agricole du Finist\u00e8re, \u00e0 Quimper et ont notamment annonc\u00e9 les \u00e9quipes et quelques noms qui figureront sur la liste de d\u00e9part le vendredi 9 mai. 6 formations WorldTour seront au d\u00e9part de la course organis\u00e9e par notre chroniqueur <strong><a href=\"https:\/\/www.cyclismactu.net\/..\/news-chronique-route-marc-fayet-tadej-pogacar-ce-n-est-pas-du-bidon-86935.html\" target=\"_blank\" rel=\"noopener\">Marc Fayet<\/a><\/strong> : <strong>Groupama-FDJ, Cofidis, Ark\u00e9a-<\/strong><strong>B&amp;B Hotels, Decathlon AG2R La Mondiale, Bahrain-Victorious <\/strong>et<strong> Movistar.<\/strong><\/p>\n<p>Vid\u00e9o &#8211; Qui succ\u00e9dera \u00e0 Beno\u00eet Cosnefroy, vainqueur en 2024 ? Lire la suite de l&rsquo;article&#13;<\/p>\n<p>\u00a0<\/p>\n<p>&#13;<br \/>\nSeixas, Mohoric, Coquard&#8230; de beaux noms en Bretagne&#13;<\/p>\n<p>En plus des 6 formations WorldTour, on retrouvera 8 Conti Pro (Israel-Premier Tech, Caja Rural-Seguros RGA, Team TotalEnergies, Euskaltel-Euskadi, Q36.5 Cycling Team, Unibet Tietema Rockets, Wagnez Bazin-WB et Burgos-Burpellet BH). Les formations fran\u00e7aises <strong>Van Rysel-Roubaix<\/strong>, <strong>Nice M\u00e9tropole C\u00f4te d&rsquo;Azur<\/strong>, <strong>CIC-U-Nantes<\/strong> et <strong>St Michel-Preference Home-Auber 93 <\/strong>compl\u00e8tent le plateau.<\/p>\n<p>&#13;<\/p>\n<p>Concernant les premiers coureurs annonc\u00e9s, on retrouve le crack <strong>Paul Seixas <\/strong>(Decathlon AG2R La Mondiale), le vainqueur de <strong>Milan-San Remo<\/strong>, <strong>Matej Mohoric <\/strong>(Bahrain-Victorious), <strong>Bryan Coquard<\/strong> (Cofidis), <strong>Ivan Garcia Cortina<\/strong> (Movistar), <strong>Paul Penho\u00ebt<\/strong> (Groupama-FDJ) ou encore <strong>Anthony Turgis<\/strong> (Team TotalEnergies). Concernant les autres informations d\u00e9voil\u00e9es, le parcours de la course sera r\u00e9duit \u00e0 168 kilom\u00e8tres au total. Le\u00a039e <strong>Tour du Finist\u00e8re <\/strong>s&rsquo;\u00e9lancera sur les hauteurs de Stang-Vihan, \u00e0 Kerfeunteun.<\/p>\n","protected":false},"excerpt":{"rendered":"Le 39e Tour du Finist\u00e8re s&rsquo;annonce particuli\u00e8rement passionnant. Ce vendredi les organisateurs se sont rassembl\u00e9s au Cr\u00e9dit Agricole&hellip;\n","protected":false},"author":2,"featured_media":29734,"comment_status":"","ping_status":"","sticky":false,"template":"","format":"standard","meta":{"footnotes":""},"categories":[1411],"tags":[1154,207,211,1011,27,209,60,210,10313,212,208,213],"class_list":{"0":"post-29733","1":"post","2":"type-post","3":"status-publish","4":"format-standard","5":"has-post-thumbnail","7":"category-cyclisme","8":"tag-cycling","9":"tag-cyclisme","10":"tag-ffc","11":"tag-fr","12":"tag-france","13":"tag-route","14":"tag-sports","15":"tag-tour-de-france","16":"tag-tour-du-finistere","17":"tag-uci","18":"tag-velo","19":"tag-world-tour"},"share_on_mastodon":{"url":"https:\/\/pubeurope.com\/@fr\/114349065125665200","error":""},"_links":{"self":[{"href":"https:\/\/www.europesays.com\/fr\/wp-json\/wp\/v2\/posts\/29733","targetHints":{"allow":["GET"]}}],"collection":[{"href":"https:\/\/www.europesays.com\/fr\/wp-json\/wp\/v2\/posts"}],"about":[{"href":"https:\/\/www.europesays.com\/fr\/wp-json\/wp\/v2\/types\/post"}],"author":[{"embeddable":true,"href":"https:\/\/www.europesays.com\/fr\/wp-json\/wp\/v2\/users\/2"}],"replies":[{"embeddable":true,"href":"https:\/\/www.europesays.com\/fr\/wp-json\/wp\/v2\/comments?post=29733"}],"version-history":[{"count":0,"href":"https:\/\/www.europesays.com\/fr\/wp-json\/wp\/v2\/posts\/29733\/revisions"}],"wp:featuredmedia":[{"embeddable":true,"href":"https:\/\/www.europesays.com\/fr\/wp-json\/wp\/v2\/media\/29734"}],"wp:attachment":[{"href":"https:\/\/www.europesays.com\/fr\/wp-json\/wp\/v2\/media?parent=29733"}],"wp:term":[{"taxonomy":"category","embeddable":true,"href":"https:\/\/www.europesays.com\/fr\/wp-json\/wp\/v2\/categories?post=29733"},{"taxonomy":"post_tag","embeddable":true,"href":"https:\/\/www.europesays.com\/fr\/wp-json\/wp\/v2\/tags?post=29733"}],"curies":[{"name":"wp","href":"https:\/\/api.w.org\/{rel}","templated":true}]}}