{"id":297337,"date":"2025-08-05T05:23:14","date_gmt":"2025-08-05T05:23:14","guid":{"rendered":"https:\/\/www.europesays.com\/fr\/297337\/"},"modified":"2025-08-05T05:23:14","modified_gmt":"2025-08-05T05:23:14","slug":"alors-messieurs-si-on-soccupait-de-sa-contraception","status":"publish","type":"post","link":"https:\/\/www.europesays.com\/fr\/297337\/","title":{"rendered":"Alors messieurs, si on s\u2019occupait de sa contraception\u00a0?"},"content":{"rendered":"<p>\u00ab\u00a0J\u2019ai un st\u00e9rilet au cuivre qui me fait terriblement souffrir depuis deux ans. Je me suis dit que je voulais partager cette charge\u00a0\u00bb, t\u00e9moigne Nolwen, 24\u00a0ans. En cette matin\u00e9e du 2\u00a0ao\u00fbt, elle est venue avec Mathieu, son compagnon, pour parler de contraception dite masculine au Planning familial de Bayonne (1). \u00ab\u00a0C\u2019est souvent comme \u00e7a que les gens viennent, quand la femme se retrouve dans une impasse contraceptive\u00a0\u00bb, explique Nicolas, b\u00e9n\u00e9vole. Depuis d\u00e9cembre 2023, avec d\u2019autres, il tient une permanence le matin de chaque premier samedi du mois, pour \u00e9changer sur un sujet encore trop m\u00e9connu.<\/p>\n<p>Caf\u00e9 et croissants en main, Nicolas et S\u00e9gol\u00e8ne, les deux b\u00e9n\u00e9voles du jour, d\u00e9taillent les diff\u00e9rentes m\u00e9thodes existantes au couple. Si la m\u00e9thode hormonale &#8211; une injection d\u2019\u00e9nanthate de testost\u00e9rone hebdomadaire &#8211; et la vasectomie \u2013 la ligature des canaux d\u00e9f\u00e9rents &#8211; pour le proc\u00e9d\u00e9 chirurgical sont abord\u00e9es, c\u2019est davantage la m\u00e9thode thermique qui int\u00e9resse Nolwen et Mathieu. Ce que le \u00ab\u00a0jockstrap\u00a0\u00bb, le \u00ab\u00a0remonte-couilles toulousain\u00a0\u00bb et \u00ab\u00a0l\u2019anneau en silicone\u00a0\u00bb ont en commun\u00a0? Faire remonter les testicules dans le canal inguinal pendant 15 heures chaque jour, entra\u00eenant une augmentation de leur temp\u00e9rature, ce qui alt\u00e8re la spermatogen\u00e8se (la production de spermatozo\u00efdes). L\u2019homme peut ainsi atteindre une infertilit\u00e9 temporaire si des spermogrammes r\u00e9guliers attestent de moins d\u2019un million de spermatozo\u00efdes par ml de sperme. La m\u00e9thode est n\u00e9anmoins d\u00e9conseill\u00e9e avant l\u2019\u00e2ge de 21\u00a0ans, \u00ab\u00a0car les testicules sont toujours en formation\u00a0\u00bb, pr\u00e9cise Nicolas.<\/p>\n<p>        <img decoding=\"async\" id=\"25465095\" src=\"https:\/\/www.europesays.com\/fr\/wp-content\/uploads\/2025\/08\/whatsapp-image-2025-08-02-a-14-23-43-1a2001e8.jpg\" alt=\"Le Planning familial de Bayonne tient une permanence le matin de chaque premier samedi du mois, pour \u00e9changer sur la contraception dite masculine.\" itemprop=\"contentURL\"\/><\/p>\n<p>    Le Planning familial de Bayonne tient une permanence le matin de chaque premier samedi du mois, pour \u00e9changer sur la contraception dite masculine.<\/p>\n<p>Chlo\u00e9 Dasquet<\/p>\n<p>    Des t\u00e9moignages \u00ab\u00a0qui font du bien\u00a0\u00bb<\/p>\n<p>\u00ab\u00a0Il n\u2019y a pas d\u2019encouragements de la part des m\u00e9decins\u00a0\u00bb, se d\u00e9sole Mathieu, 31\u00a0ans, qui n\u2019a pas trouv\u00e9 de r\u00e9ponse satisfaisante de la part du milieu m\u00e9dical. \u00ab\u00a0Je suis all\u00e9 voir ma m\u00e9decin g\u00e9n\u00e9raliste pour lui en parler, mais elle n\u2019\u00e9tait pas du tout inform\u00e9e donc elle m\u2019a renvoy\u00e9e vers un urologue. Lui, je l\u2019ai eu au t\u00e9l\u00e9phone, et il a seulement abord\u00e9 les vasectomies. J\u2019ai ensuite appel\u00e9 l\u2019agence r\u00e9gionale de sant\u00e9, qui m\u2019a parl\u00e9 des pr\u00e9servatifs ou de la vasectomie pour la contraception masculine. C\u2019\u00e9taient des \u00e9changes assez brefs, se souvient-il. Face aux m\u00e9decins, on a l\u2019impression d\u2019\u00eatre dans une autre \u00e9poque, alors qu\u2019on est en 2025.\u00a0\u00bb<\/p>\n<p>\u00ab\u00a0Ce n\u2019est pas connu, l\u2019\u00c9tat ne s\u2019en empare pas du tout. \u00c7a reste encore un acte militant et engag\u00e9\u00a0\u00bb, t\u00e9moigne Nicolas, qui utilise l\u2019anneau contraceptif depuis trois ans. \u00ab\u00a0J\u2019en ai entendu parler lors d\u2019une intervention en amphi dans mon \u00e9cole d\u2019ing\u00e9. Trois ans apr\u00e8s, je m\u2019y mettais.\u00a0\u00bb S\u00e9gol\u00e8ne, l\u2019autre b\u00e9n\u00e9vole pr\u00e9sente, livre \u00e9galement son exp\u00e9rience. Elle utilise l\u2019anneau depuis trois mois dans son couple\u00a0: \u00ab\u00a0C\u2019est vraiment bas\u00e9 sur la communication, explique-t-elle. Je suis mon cycle, et je laisse l\u2019opportunit\u00e9 \u00e0 mon partenaire de s\u2019en occuper. \u00c7a me lib\u00e8re progressivement, et \u00e7a fait un truc en plus entre nous.\u00a0\u00bb<\/p>\n<p>\u00ab\u00a0D\u2019avoir vos t\u00e9moignages, \u00e7a fait du bien\u00a0\u00bb, sourit Nolwen, qui s\u2019inqui\u00e8te de sa \u00ab\u00a0charge mentale\u00a0\u00bb. \u00ab\u00a0Est-ce que ce sera pire pour moi\u00a0? J\u2019attendrai mes r\u00e8gles chaque mois\u2026 De toute fa\u00e7on, je l\u2019aurai toujours, cette charge mentale\u00a0\u00bb, convient-elle. Les deux b\u00e9n\u00e9voles insistent sur la communication n\u00e9cessaire entre les partenaires, puisque, comme le rappelle Nicolas\u00a0: \u00ab\u00a0Il faut \u00eatre transparent s\u2019il y a un oubli, parce que ce n\u2019est pas l\u2019homme qui portera la charge d\u2019une grossesse ensuite.\u00a0\u00bb Ils conseillent de \u00ab\u00a0penser \u00e0 une m\u00e9thode compl\u00e9mentaire, comme suivre son cycle, par exemple\u00a0\u00bb, et r\u00e9affirment l\u2019importance d\u2019un suivi m\u00e9dical.<\/p>\n<p>        <img decoding=\"async\" id=\"25465094\" src=\"https:\/\/www.europesays.com\/fr\/wp-content\/uploads\/2025\/08\/whatsapp-image-2025-08-02-a-14-23-43-56b85d6e.jpg\" alt=\"Sur la table\u00a0: caf\u00e9, croissants, brochures\u2026 Et anneau contraceptif.\" itemprop=\"contentURL\"\/><\/p>\n<p>    Sur la table\u00a0: caf\u00e9, croissants, brochures\u2026 Et anneau contraceptif.<\/p>\n<p>Chlo\u00e9 Dasquet<\/p>\n<p>    Sujet tabou<\/p>\n<p>\u00ab\u00a0Est-ce que c\u2019est g\u00eanant \u00e0 porter, l\u2019anneau\u00a0?\u00a0\u00bb, s\u2019enquiert la jeune femme, concern\u00e9e pour son partenaire. \u00ab\u00a0Il y a des d\u00e9mangeaisons possibles les deux premi\u00e8res semaines, mais je ne sens plus rien, la rassure Nicolas. C\u2019est comme mettre mon cale\u00e7on tous les jours, c\u2019est devenu une habitude.\u00a0\u00bb<\/p>\n<p>Si Nolwenn assure parler de sa contraception tr\u00e8s r\u00e9guli\u00e8rement avec ses amies, ce n\u2019est pas le cas de Nicolas, qui \u00ab\u00a0pensait ne pas avoir de choix \u00e0 faire. Mais ne pas faire de choix, c\u2019est d\u00e9j\u00e0 en faire un, regrette-t-il. Mes amis hommes voient cela comme une contrainte. C\u2019est un sujet qui est \u00e9vit\u00e9. J\u2019aimerais que \u00e7a devienne normal d\u2019en parler.\u00a0\u00bb \u00ab\u00a0Ce n\u2019est pas normal qu\u2019on soit les seules \u00e0 en parler et \u00e0 avoir ce probl\u00e8me, alors qu\u2019on est deux dans un couple\u00a0\u00bb, conclut sa copine.<\/p>\n<p>Les b\u00e9n\u00e9voles du Planning familial annoncent que des ateliers de fabrication de jockstrap et d\u2019anneaux seront bient\u00f4t propos\u00e9s dans le local bayonnais. Pour se tenir inform\u00e9 des \u00e9v\u00e9nements, rendez-vous sur <a href=\"https:\/\/www.facebook.com\/planningfamilialpaysbasque\/?locale=fr_FR\" target=\"_blank\" rel=\"nofollow noopener\">Facebook <\/a>et Instagram (@<a href=\"https:\/\/www.instagram.com\/planningfamilialpaysbasque\/\" target=\"_blank\" rel=\"nofollow noopener\">planningfamilialpaysbasque<\/a>).<\/p>\n<p>(1) 47 Rue Maubec, 64\u00a0100 Bayonne, 09\u00a083\u00a086\u00a073\u00a006.<\/p>\n<p>        <script async src=\"\/\/www.instagram.com\/embed.js\"><\/script><\/p>\n","protected":false},"excerpt":{"rendered":"\u00ab\u00a0J\u2019ai un st\u00e9rilet au cuivre qui me fait terriblement souffrir depuis deux ans. Je me suis dit que&hellip;\n","protected":false},"author":2,"featured_media":297338,"comment_status":"","ping_status":"","sticky":false,"template":"","format":"standard","meta":{"footnotes":""},"categories":[10],"tags":[1011,27,72,71],"class_list":{"0":"post-297337","1":"post","2":"type-post","3":"status-publish","4":"format-standard","5":"has-post-thumbnail","7":"category-sante","8":"tag-fr","9":"tag-france","10":"tag-health","11":"tag-sante"},"share_on_mastodon":{"url":"https:\/\/pubeurope.com\/@fr\/114974490891132649","error":""},"_links":{"self":[{"href":"https:\/\/www.europesays.com\/fr\/wp-json\/wp\/v2\/posts\/297337","targetHints":{"allow":["GET"]}}],"collection":[{"href":"https:\/\/www.europesays.com\/fr\/wp-json\/wp\/v2\/posts"}],"about":[{"href":"https:\/\/www.europesays.com\/fr\/wp-json\/wp\/v2\/types\/post"}],"author":[{"embeddable":true,"href":"https:\/\/www.europesays.com\/fr\/wp-json\/wp\/v2\/users\/2"}],"replies":[{"embeddable":true,"href":"https:\/\/www.europesays.com\/fr\/wp-json\/wp\/v2\/comments?post=297337"}],"version-history":[{"count":0,"href":"https:\/\/www.europesays.com\/fr\/wp-json\/wp\/v2\/posts\/297337\/revisions"}],"wp:featuredmedia":[{"embeddable":true,"href":"https:\/\/www.europesays.com\/fr\/wp-json\/wp\/v2\/media\/297338"}],"wp:attachment":[{"href":"https:\/\/www.europesays.com\/fr\/wp-json\/wp\/v2\/media?parent=297337"}],"wp:term":[{"taxonomy":"category","embeddable":true,"href":"https:\/\/www.europesays.com\/fr\/wp-json\/wp\/v2\/categories?post=297337"},{"taxonomy":"post_tag","embeddable":true,"href":"https:\/\/www.europesays.com\/fr\/wp-json\/wp\/v2\/tags?post=297337"}],"curies":[{"name":"wp","href":"https:\/\/api.w.org\/{rel}","templated":true}]}}