{"id":297357,"date":"2025-08-05T05:36:15","date_gmt":"2025-08-05T05:36:15","guid":{"rendered":"https:\/\/www.europesays.com\/fr\/297357\/"},"modified":"2025-08-05T05:36:15","modified_gmt":"2025-08-05T05:36:15","slug":"la-nouvelle-vie-du-chateau-richet-a-carqueiranne-rachete-en-2003-grace-a-une-annonce-sur-internet","status":"publish","type":"post","link":"https:\/\/www.europesays.com\/fr\/297357\/","title":{"rendered":"La nouvelle vie du ch\u00e2teau Richet \u00e0 Carqueiranne, rachet\u00e9 en 2003 gr\u00e2ce \u00e0 une annonce sur internet"},"content":{"rendered":"<p>De tout temps, le ch\u00e2teau de Carqueiranne, b\u00e2tisse au style difficilement qualifiable, a suscit\u00e9 de nombreuses interrogations. Ancienne seigneurie proven\u00e7ale, elle daterait du XVIIe si\u00e8cle. Tr\u00e8s vite, Vincent Lamour, qui l\u2019a rachet\u00e9e en 2023, s\u2019int\u00e9resse \u00e0 l\u2019histoire du \u00ab\u00a0ch\u00e2teau Richet\u00a0\u00bb, du nom de la famille l\u2019ayant acquis en 1873. Avant sa disparition, l\u2019historien local Ren\u00e9 Ghiglione lui transmet ses connaissances. Vincent Lamour est stup\u00e9fait de la richesse des th\u00e9matiques en lien avec le ch\u00e2teau, son architecture, les \u00e9v\u00e8nements dont il a \u00e9t\u00e9 t\u00e9moin et les personnages qui y ont s\u00e9journ\u00e9. Il poursuit les recherches avec l\u2019aide de Roger Reineri, agr\u00e9g\u00e9 de g\u00e9ographie et passionn\u00e9 par l\u2019histoire du ch\u00e2teau. Var-matin vous propose de partager ces richesses et d\u00e9couvertes dans une s\u00e9rie d\u2019article. Aujourd\u2019hui: focus sur le rachat du ch\u00e2teau en 2023.<\/p>\n<p>Fils d\u2019agriculteur, Vincent Lamour a grandi en Normandie, non loin des plages du D\u00e9barquement. Il reste discret sur ses \u00e9tudes brillantes et sa r\u00e9ussite professionnelle. Mari\u00e9, p\u00e8re de trois enfants, il confie seulement qu\u2019\u00e0 48 ans, il a eu la chance de pouvoir donner un nouveau sens \u00e0 sa vie en r\u00e9alisant son r\u00eave d\u2019exploiter un domaine viticole. Un besoin de retour \u00e0 la terre, tout en restant proche de la mer, la M\u00e9diterran\u00e9e, cette fois.<\/p>\n<p>Gr\u00e2ce \u00e0 une annonce sur internet<\/p>\n<p>              <img ci-src=\"https:\/\/www.varmatin.com\/belle-histoire\/e85d287434486dc5dd06d2v_01197708-y14XwQ14.jpg?vh=d10747&amp;ci_seal=3980bb2bc7\" alt=\"\"\/><br \/>\n        Vincent Lamour et son \u00e9pouse.  <\/p>\n<p>Avec le soutien de son \u00e9pouse, Vincent Lamour se met en qu\u00eate d\u2019un vignoble. \u00c0 ce stade, il n\u2019est pas question de ch\u00e2teau ni de demeure historique. D\u00e9j\u00e0 propri\u00e9taire d\u2019une maison de vacances \u00e0 Carqueiranne et passionn\u00e9 de sports nautiques, il n\u2019imagine pas trouver ce qu\u2019il cherche dans la commune. Le couple explore, \u00e0 l\u2019est et \u00e0 l\u2019ouest de Carqueiranne, via des agences sp\u00e9cialis\u00e9es. \u00ab\u00a0Nous ne pensions pas avoir le bonheur de trouver \u00e0 Carqueiranne. \u00c0 vrai dire, cela ne nous avait pas travers\u00e9 l\u2019esprit\u00a0\u00bb, confie-t-il.<\/p>\n<p>C\u2019est finalement gr\u00e2ce \u00e0 une annonce sur Internet, qu\u2019ils d\u00e9couvrent ce lieu unique. Un v\u00e9ritable coup de c\u0153ur! Et c\u2019est avec une insatiable curiosit\u00e9, une irr\u00e9sistible envie d\u2019apprendre et d\u2019entreprendre que Vincent Lamour se lance dans ce projet familial ambitieux alliant terroir et patrimoine, \u00e0 deux pas de la mer: un combo gagnant pour cet entrepreneur enthousiaste, qui parle volontiers d\u2019un \u00ab\u00a0projet un peu fou\u00a0\u00bb mais qu\u2019il embrasse avec optimisme et passion.<\/p>\n<p>Il salue la \u00ab\u00a0belle transition avec les pr\u00e9c\u00e9dents propri\u00e9taires\u00a0\u00bb, la famille Molinari. \u00ab\u00a0Malgr\u00e9 leur attachement aux lieux, ils ont su nous faire confiance. C\u2019est aussi gr\u00e2ce \u00e0 eux que cette renaissance est possible\u00a0\u00bb. Nombreux sont les Carqueirannais qui lui t\u00e9moignent gratitude et reconnaissance pour la mise en valeur de ce patrimoine \u00e0 l\u2019entr\u00e9e du village. Il est certain que son illumination \u00e0 la nuit tomb\u00e9e contribue au rayonnement de la commune.<\/p>\n<p>La renaissance d\u2019un patrimoine exceptionnel<\/p>\n<p>Depuis son acquisition en 2023, les travaux vont bon train. Interrog\u00e9 sur l\u2019ampleur de la restauration de la demeure du XVIIe, Vincent Lamour souligne que les fondations, les murs, les fen\u00eatres et la charpente ont globalement bien r\u00e9sist\u00e9 au temps. Toujours positif, il qualifie la b\u00e2tisse de \u00ab\u00a0belle endormie\u00a0\u00bb qui s\u2019\u00e9veille peu \u00e0 peu apr\u00e8s un chantier de deux ann\u00e9es. Planchers, fa\u00e7ade, int\u00e9rieurs, tout est repris, du sol aux plafonds jusqu\u2019aux tentures, avec la volont\u00e9 de restituer le rez-de-chauss\u00e9e \u00e0 l\u2019identique de l\u2019\u00e9poque Richet (dernier propri\u00e9taire \u00e0 l\u2019avoir restaur\u00e9). Le tout, en y int\u00e9grant des \u00e9l\u00e9ments de confort moderne comme la climatisation et un \u00e9clairage adapt\u00e9. Cr\u00e9ant un cadre \u00e0 la fois simple et majestueux, un travail titanesque a \u00e9t\u00e9 entrepris en ext\u00e9rieur.<\/p>\n<p>La nature, qui avait repris ses droits de fa\u00e7on anarchique, a \u00e9t\u00e9 canalis\u00e9e: d\u00e9frichage, plantation de nouveaux platanes et palmiers sur l\u2019esplanade, cr\u00e9ation d\u2019une all\u00e9e de cypr\u00e8s de Florence entre le ch\u00e2teau et la maison de gardien. Un impressionnant massif de plantes m\u00e9diterran\u00e9ennes entoure d\u00e9sormais une immense serre m\u00e9tallique en forme de chapelle, recouverte de ch\u00e8vrefeuille.<\/p>\n<p>Cette structure contemporaine, que Vincent Lamour nomme \u00ab\u00a0chapelle v\u00e9g\u00e9tale\u00a0\u00bb, dialogue subtilement avec la petite chapelle datant du XVIIe si\u00e8cle \u00e0 laquelle elle fait face, mettant en valeur l\u2019ancien tout en assumant l\u2019apport de modernit\u00e9.<\/p>\n","protected":false},"excerpt":{"rendered":"De tout temps, le ch\u00e2teau de Carqueiranne, b\u00e2tisse au style difficilement qualifiable, a suscit\u00e9 de nombreuses interrogations. Ancienne&hellip;\n","protected":false},"author":2,"featured_media":297358,"comment_status":"","ping_status":"","sticky":false,"template":"","format":"standard","meta":{"footnotes":""},"categories":[9619],"tags":[1111,11,1350,11130,4156,251,1777,674,1011,27,1393,873,12,882,25,2310],"class_list":{"0":"post-297357","1":"post","2":"type-post","3":"status-publish","4":"format-standard","5":"has-post-thumbnail","7":"category-toulon","8":"tag-actu","9":"tag-actualites","10":"tag-architecture","11":"tag-belle-histoire","12":"tag-concerts","13":"tag-culture","14":"tag-eu","15":"tag-europe","16":"tag-fr","17":"tag-france","18":"tag-loisirs","19":"tag-musique","20":"tag-news","21":"tag-provence-alpes-cote-dazur","22":"tag-republique-francaise","23":"tag-toulon"},"share_on_mastodon":{"url":"https:\/\/pubeurope.com\/@fr\/114974542023049169","error":""},"_links":{"self":[{"href":"https:\/\/www.europesays.com\/fr\/wp-json\/wp\/v2\/posts\/297357","targetHints":{"allow":["GET"]}}],"collection":[{"href":"https:\/\/www.europesays.com\/fr\/wp-json\/wp\/v2\/posts"}],"about":[{"href":"https:\/\/www.europesays.com\/fr\/wp-json\/wp\/v2\/types\/post"}],"author":[{"embeddable":true,"href":"https:\/\/www.europesays.com\/fr\/wp-json\/wp\/v2\/users\/2"}],"replies":[{"embeddable":true,"href":"https:\/\/www.europesays.com\/fr\/wp-json\/wp\/v2\/comments?post=297357"}],"version-history":[{"count":0,"href":"https:\/\/www.europesays.com\/fr\/wp-json\/wp\/v2\/posts\/297357\/revisions"}],"wp:featuredmedia":[{"embeddable":true,"href":"https:\/\/www.europesays.com\/fr\/wp-json\/wp\/v2\/media\/297358"}],"wp:attachment":[{"href":"https:\/\/www.europesays.com\/fr\/wp-json\/wp\/v2\/media?parent=297357"}],"wp:term":[{"taxonomy":"category","embeddable":true,"href":"https:\/\/www.europesays.com\/fr\/wp-json\/wp\/v2\/categories?post=297357"},{"taxonomy":"post_tag","embeddable":true,"href":"https:\/\/www.europesays.com\/fr\/wp-json\/wp\/v2\/tags?post=297357"}],"curies":[{"name":"wp","href":"https:\/\/api.w.org\/{rel}","templated":true}]}}