{"id":297363,"date":"2025-08-05T05:43:11","date_gmt":"2025-08-05T05:43:11","guid":{"rendered":"https:\/\/www.europesays.com\/fr\/297363\/"},"modified":"2025-08-05T05:43:11","modified_gmt":"2025-08-05T05:43:11","slug":"metropole-de-grenoble-un-suspect-saute-dans-le-drac-lors-dune-course-poursuite-avec-la-police","status":"publish","type":"post","link":"https:\/\/www.europesays.com\/fr\/297363\/","title":{"rendered":"M\u00e9tropole de Grenoble. Un suspect saute dans le Drac lors d\u2019une course-poursuite avec la police"},"content":{"rendered":"<p>Un homme de 25 ans a \u00e9t\u00e9 retrouv\u00e9 vivant ce mardi vers 5 heures du matin par les \u00e9quipes de plongeurs du Sdis 38 (Service d\u00e9partemental d\u2019incendie et de secours) apr\u00e8s avoir saut\u00e9 dans le lit du Drac, \u00e0 la hauteur du quai du Drac, \u00e0 Fontaine.<\/p>\n<p>Ce contenu est bloqu\u00e9 car vous n&rsquo;avez pas accept\u00e9 les cookies et autres traceurs.<\/p>\n<p>En cliquant sur \u00ab J\u2019accepte \u00bb, les cookies et autres traceurs seront d\u00e9pos\u00e9s et vous pourrez visualiser les contenus  (<a href=\"\" class=\"consentModule_policy\" target=\"_blank\" title=\"Consulter la politique de protection des donn\u00e9es du fournisseur\">plus d&rsquo;informations<\/a>).<\/p>\n<p>En cliquant sur \u00ab J\u2019accepte tous les cookies \u00bb, vous autorisez des d\u00e9p\u00f4ts de cookies et autres traceurs pour le stockage de vos donn\u00e9es sur nos sites et applications \u00e0 des fins de personnalisation et de ciblage publicitaire.<\/p>\n<p class=\"consentModule_secondaryText\">Vous gardez la possibilit\u00e9 de retirer votre consentement \u00e0 tout moment en consultant notre <a href=\"https:\/\/www.ledauphine.com\/protection-des-donnees\" target=\"_blank\" title=\"Consulter notre politique de protection des donn\u00e9es\" rel=\"noopener\">politique de protection des donn\u00e9es<\/a>. <br \/>&#13;<br \/>\n            <a href=\"https:\/\/www.ledauphine.com\/faits-divers-justice\/2025\/08\/05\/javascript:Didomi.notice.show()\" class=\"consentModule_cmp\" target=\"_blank\" rel=\"noopener\">G\u00e9rer mes choix<\/a>&#13;\n        <\/p>\n<p>&#13;<br \/>\n                        J&rsquo;accepte&#13;<br \/>\n            J&rsquo;accepte tous les cookies&#13;\n        <\/p>\n<p>Peu avant 4 h 30, le jeune homme a tent\u00e9 de fuir la police lors d\u2019un contr\u00f4le. Pour semer ses poursuivants, il s\u2019est jet\u00e9 dans le lit de la rivi\u00e8re\u00a0!<\/p>\n<p>Des recherches ont \u00e9t\u00e9 imm\u00e9diatement engag\u00e9es par les plongeurs et par un op\u00e9rateur de drones du Sdis. Le fuyard a finalement \u00e9t\u00e9 retrouv\u00e9 sur une rive une demi-heure plus tard, environ un kilom\u00e8tre en aval.<\/p>\n<p>L\u00e9g\u00e8rement bless\u00e9, il a \u00e9t\u00e9 transport\u00e9 (sous bonne garde polici\u00e8re\u00a0!) au CHU Grenoble Alpes pour y recevoir des soins, en attendant d\u2019\u00eatre plac\u00e9 en garde \u00e0 vue. On ignore encore les circonstances exactes de la course-poursuite.<\/p>\n","protected":false},"excerpt":{"rendered":"Un homme de 25 ans a \u00e9t\u00e9 retrouv\u00e9 vivant ce mardi vers 5 heures du matin par les&hellip;\n","protected":false},"author":2,"featured_media":297364,"comment_status":"","ping_status":"","sticky":false,"template":"","format":"standard","meta":{"footnotes":""},"categories":[9566],"tags":[1111,11,2430,271,272,112,1777,674,274,107,9592,1011,27,2731,108,12,25],"class_list":{"0":"post-297363","1":"post","2":"type-post","3":"status-publish","4":"format-standard","5":"has-post-thumbnail","7":"category-grenoble","8":"tag-actu","9":"tag-actualites","10":"tag-auvergne-rhone-alpes","11":"tag-crime","12":"tag-delit-et-contravention","13":"tag-edition-grenoble-agglomeration","14":"tag-eu","15":"tag-europe","16":"tag-faits-divers-justice","17":"tag-fil-info","18":"tag-fontaine","19":"tag-fr","20":"tag-france","21":"tag-grenoble","22":"tag-isere","23":"tag-news","24":"tag-republique-francaise"},"share_on_mastodon":{"url":"https:\/\/pubeurope.com\/@fr\/114974569585453334","error":""},"_links":{"self":[{"href":"https:\/\/www.europesays.com\/fr\/wp-json\/wp\/v2\/posts\/297363","targetHints":{"allow":["GET"]}}],"collection":[{"href":"https:\/\/www.europesays.com\/fr\/wp-json\/wp\/v2\/posts"}],"about":[{"href":"https:\/\/www.europesays.com\/fr\/wp-json\/wp\/v2\/types\/post"}],"author":[{"embeddable":true,"href":"https:\/\/www.europesays.com\/fr\/wp-json\/wp\/v2\/users\/2"}],"replies":[{"embeddable":true,"href":"https:\/\/www.europesays.com\/fr\/wp-json\/wp\/v2\/comments?post=297363"}],"version-history":[{"count":0,"href":"https:\/\/www.europesays.com\/fr\/wp-json\/wp\/v2\/posts\/297363\/revisions"}],"wp:featuredmedia":[{"embeddable":true,"href":"https:\/\/www.europesays.com\/fr\/wp-json\/wp\/v2\/media\/297364"}],"wp:attachment":[{"href":"https:\/\/www.europesays.com\/fr\/wp-json\/wp\/v2\/media?parent=297363"}],"wp:term":[{"taxonomy":"category","embeddable":true,"href":"https:\/\/www.europesays.com\/fr\/wp-json\/wp\/v2\/categories?post=297363"},{"taxonomy":"post_tag","embeddable":true,"href":"https:\/\/www.europesays.com\/fr\/wp-json\/wp\/v2\/tags?post=297363"}],"curies":[{"name":"wp","href":"https:\/\/api.w.org\/{rel}","templated":true}]}}