{"id":297365,"date":"2025-08-05T05:44:10","date_gmt":"2025-08-05T05:44:10","guid":{"rendered":"https:\/\/www.europesays.com\/fr\/297365\/"},"modified":"2025-08-05T05:44:10","modified_gmt":"2025-08-05T05:44:10","slug":"grenoble-les-nouveaux-velos-et-trottinettes-electriques-en-libre-service-ont-trouve-leurs-adeptes","status":"publish","type":"post","link":"https:\/\/www.europesays.com\/fr\/297365\/","title":{"rendered":"Grenoble. Les nouveaux v\u00e9los et trottinettes \u00e9lectriques en libre-service ont trouv\u00e9 leurs adeptes"},"content":{"rendered":"<p>            Par<br \/>\n        <strong><br \/>\n            <a href=\"https:\/\/actu.fr\/auteur\/lisa-rodrigues\" title=\"Consulter tous les articles de Lisa Rodrigues\" target=\"_blank\" rel=\"noopener\">Lisa Rodrigues<\/a><br \/>\n        <\/strong><\/p>\n<p>        Publi\u00e9 le<\/p>\n<p>            5 ao\u00fbt 2025 \u00e0 7h30        <\/p>\n<p>Vous l\u2019avez s\u00fbrement remarqu\u00e9, depuis un mois, les trottinettes et v\u00e9los \u00e9lectriques en libre-service sur <a href=\"https:\/\/actu.fr\/auvergne-rhone-alpes\/grenoble_38185\" target=\"_blank\" rel=\"noopener\">Grenoble<\/a> et sa m\u00e9tropole sont pass\u00e9s du bleu au rouge. Au 1er juillet, l\u2019op\u00e9rateur su\u00e9dois <strong>Voi<\/strong> a remplac\u00e9 Dott, apr\u00e8s une d\u00e9cision du SMMAG (Syndicat mixte des mobilit\u00e9s de l\u2019aire grenobloise) suite \u00e0 un appel \u00e0 manifestation d\u2019int\u00e9r\u00eat.\u00a0<br \/>L\u2019entreprise, d\u00e9j\u00e0 pr\u00e9sente \u00e0 Marseille ou <a href=\"https:\/\/actu.fr\/normandie\/le-havre_76351\/cinq-choses-a-savoir-sur-l-arrivee-des-nouveaux-velos-et-trottinettes-electriques-au-havre_62093337.html\" target=\"_blank\" rel=\"noopener\">au Havre<\/a> et prochainement \u00e0 Paris, arrive ainsi pour la <strong>premi\u00e8re fois en Auvergne-Rh\u00f4ne-Alpes<\/strong>. Et ne cache pas chercher \u00e0 se d\u00e9velopper dans d\u2019autres villes de la r\u00e9gion, comme <a href=\"https:\/\/actu.fr\/auvergne-rhone-alpes\/lyon_69123\" target=\"_blank\" rel=\"noopener\">Lyon<\/a>\u2026<\/p>\n<p class=\" wall-content\">Un total de 1 300 trottinettes et 1 300 v\u00e9los en libre-service ont \u00e9t\u00e9 mis \u00e0 disposition au lancement de l\u2019activit\u00e9, mais des \u00ab\u00a0extensions jusqu\u2019\u00e0 1 750 trottinettes et 1 750 v\u00e9los, en fonction de la demande et des besoins des usagers\u00a0\u00bb sont possibles, affirme Voi dans son communiqu\u00e9 de lancement d\u2019activit\u00e9 \u00e0 Grenoble.<\/p>\n<p>\u00ab\u00a0L\u2019un des plus importants march\u00e9s en France\u00a0\u00bb<\/p>\n<p class=\" wall-content\">Les v\u00e9hicules sont disponibles sur 17 communes de <a href=\"https:\/\/actu.fr\/tag\/grenoble-alpes-metropole\" target=\"_blank\" rel=\"noopener\">Grenoble-Alpes M\u00e9tropole<\/a> : Montbonnot-Saint-Martin, Meylan, Saint-Martin-d\u2019H\u00e8res, \u00c9chirolles, Grenoble, Corenc, Gi\u00e8res, La Tronche, Poisat, Eybens, Le Pont-de-Claix, Seyssins, Seyssinet-Pariset, Fontaine, Sassenage, Saint-\u00c9gr\u00e8ve, Saint-Martin-le-Vinoux.<\/p>\n<blockquote class=\"ac-article-quote wall-content\">\n<p>C&rsquo;est l&rsquo;un des plus importants march\u00e9s de micromobilit\u00e9 en France, tant par sa taille que par son nombre d&rsquo;usagers.<\/p>\n<p>    <strong>Voi Technology<\/strong>\n            <\/p><\/blockquote>\n<p class=\" wall-content\">Et l\u2019entreprise a ses arguments pour convaincre cette importante client\u00e8le. Ainsi, pour cet hiver, \u00ab\u00a0certains v\u00e9los seront sp\u00e9cialement \u00e9quip\u00e9s de <strong>porte-skis<\/strong>\u00ab\u00a0, une mani\u00e8re de \u00ab\u00a0r\u00e9pondre aux habitudes uniques des usagers de la m\u00e9tropole grenobloise\u00a0\u00bb qui ont la montagne juste \u00e0 c\u00f4t\u00e9.<\/p>\n<p>150 000 trajets r\u00e9alis\u00e9s en un mois<\/p>\n<p class=\" wall-content\">Comme la plupart des services de location urbaine de v\u00e9hicules \u00e9lectriques, tout se passe sur l\u2019application (gratuite) \u00e0 t\u00e9l\u00e9charger. Une fois son num\u00e9ro de t\u00e9l\u00e9phone et son mail renseign\u00e9s, sont rappel\u00e9es les r\u00e8gles \u00e0 respecter pour les utilisateurs des deux-roues : \u00eatre majeur, titulaire du permis de conduire, respecter le code de la route, <strong>ne pas rouler sur les trottoirs<\/strong>, une seule personne maximum par v\u00e9hicule, ne pas \u00eatre alcoolis\u00e9 ou sous l\u2019emprise de stup\u00e9fiants, porter de pr\u00e9f\u00e9rence un casque.<\/p>\n<p class=\" wall-content\">Des secteurs restent interdits aux trottinettes et v\u00e9los, notamment les parcs grenoblois, sauf le <a href=\"https:\/\/actu.fr\/auvergne-rhone-alpes\/grenoble_38185\/grenoble-ce-parc-se-transforme-voici-a-quoi-ressemble-la-premiere-partie-terminee_62923565.html\" target=\"_blank\" rel=\"noopener\">parc Paul-Mistral<\/a> o\u00f9 il est demand\u00e9 aux usagers de r\u00e9duire leur vitesse.<\/p>\n<p class=\" wall-content\">Au cours de son premier mois d\u2019activit\u00e9 sur Grenoble, le service comptabilise <strong>\u00ab\u00a0150 000 trajets\u00a0\u00bb<\/strong> de chacun \u00ab\u00a012 minutes en moyenne\u00a0\u00bb, indique Voi \u00e0 <a href=\"https:\/\/actu.fr\/grenoble\/\" target=\"_blank\" rel=\"noopener\">actu Grenoble<\/a>. \u00ab\u00a070% des inscrits sont d\u00e9j\u00e0 abonn\u00e9s et 39% des trajets commencent ou se cl\u00f4turent dans une autre ville que Grenoble.\u00a0\u00bb<\/p>\n<p>Un d\u00e9but contest\u00e9<\/p>\n<p class=\" wall-content\">Des chiffres qui ont de quoi rassurer l\u2019op\u00e9rateur, alors que son arriv\u00e9e sur la capitale des Alpes a failli \u00eatre repouss\u00e9e.<\/p>\n<p class=\" wall-content\">Son pr\u00e9d\u00e9cesseur, Dott, a <strong>contest\u00e9 en justice<\/strong> la d\u00e9cision du SMMAG de ne pas le reconduire en tant qu\u2019op\u00e9rateur de trottinettes et v\u00e9los \u00e9lectriques en libre-service sur la M\u00e9tropole. Requ\u00eate qui a finalement \u00e9t\u00e9 rejet\u00e9e par le tribunal administratif quelques jours avant l\u2019arriv\u00e9e officielle de Voi \u00e0 Grenoble.<\/p>\n<p class=\" wall-content\">Suivez toute l\u2019actualit\u00e9 de vos villes et m\u00e9dias favoris en vous inscrivant \u00e0 <a href=\"https:\/\/moncompte.actu.fr\" title=\"D\u00e9couvez Mon Actu\" rel=\"nofollow noopener\" data-trk=\"{&quot;cta&quot;:{&quot;action&quot;:&quot;https:\\\/\\\/moncompte.actu.fr&quot;,&quot;category&quot;:&quot;mon compte&quot;,&quot;from&quot;:&quot;article footer&quot;,&quot;name&quot;:&quot;Mon actu&quot;,&quot;type&quot;:&quot;cta&quot;}}\" target=\"_blank\">Mon Actu<\/a>.<\/p>\n","protected":false},"excerpt":{"rendered":"Par Lisa Rodrigues Publi\u00e9 le 5 ao\u00fbt 2025 \u00e0 7h30 Vous l\u2019avez s\u00fbrement remarqu\u00e9, depuis un mois, les&hellip;\n","protected":false},"author":2,"featured_media":297366,"comment_status":"","ping_status":"","sticky":false,"template":"","format":"standard","meta":{"footnotes":""},"categories":[9566],"tags":[1111,11,2430,1777,674,1011,27,2731,12,25,104,8194,6960,208],"class_list":{"0":"post-297365","1":"post","2":"type-post","3":"status-publish","4":"format-standard","5":"has-post-thumbnail","7":"category-grenoble","8":"tag-actu","9":"tag-actualites","10":"tag-auvergne-rhone-alpes","11":"tag-eu","12":"tag-europe","13":"tag-fr","14":"tag-france","15":"tag-grenoble","16":"tag-news","17":"tag-republique-francaise","18":"tag-societe","19":"tag-transport-de-lagglomeration-grenobloise-tag","20":"tag-trottinette-electrique","21":"tag-velo"},"share_on_mastodon":{"url":"https:\/\/pubeurope.com\/@fr\/114974573493912556","error":""},"_links":{"self":[{"href":"https:\/\/www.europesays.com\/fr\/wp-json\/wp\/v2\/posts\/297365","targetHints":{"allow":["GET"]}}],"collection":[{"href":"https:\/\/www.europesays.com\/fr\/wp-json\/wp\/v2\/posts"}],"about":[{"href":"https:\/\/www.europesays.com\/fr\/wp-json\/wp\/v2\/types\/post"}],"author":[{"embeddable":true,"href":"https:\/\/www.europesays.com\/fr\/wp-json\/wp\/v2\/users\/2"}],"replies":[{"embeddable":true,"href":"https:\/\/www.europesays.com\/fr\/wp-json\/wp\/v2\/comments?post=297365"}],"version-history":[{"count":0,"href":"https:\/\/www.europesays.com\/fr\/wp-json\/wp\/v2\/posts\/297365\/revisions"}],"wp:featuredmedia":[{"embeddable":true,"href":"https:\/\/www.europesays.com\/fr\/wp-json\/wp\/v2\/media\/297366"}],"wp:attachment":[{"href":"https:\/\/www.europesays.com\/fr\/wp-json\/wp\/v2\/media?parent=297365"}],"wp:term":[{"taxonomy":"category","embeddable":true,"href":"https:\/\/www.europesays.com\/fr\/wp-json\/wp\/v2\/categories?post=297365"},{"taxonomy":"post_tag","embeddable":true,"href":"https:\/\/www.europesays.com\/fr\/wp-json\/wp\/v2\/tags?post=297365"}],"curies":[{"name":"wp","href":"https:\/\/api.w.org\/{rel}","templated":true}]}}