{"id":297369,"date":"2025-08-05T05:46:16","date_gmt":"2025-08-05T05:46:16","guid":{"rendered":"https:\/\/www.europesays.com\/fr\/297369\/"},"modified":"2025-08-05T05:46:16","modified_gmt":"2025-08-05T05:46:16","slug":"une-voiture-prend-feu-dans-un-parking-souterrain-a-rennes-60-pompiers-mobilises-pres-de-lavenue-henri-freville","status":"publish","type":"post","link":"https:\/\/www.europesays.com\/fr\/297369\/","title":{"rendered":"Une voiture prend feu dans un parking souterrain \u00e0 Rennes\u00a0: 60 pompiers mobilis\u00e9s pr\u00e8s de l\u2019avenue Henri-Fr\u00e9ville"},"content":{"rendered":"<p class=\"tlg-author\">\n                Par<br \/>\n                Le T\u00e9l\u00e9gramme<\/p>\n<p>Le 05 ao\u00fbt 2025 \u00e0 07h13<\/p>\n<p class=\"tlg-h5\">L\u2019incendie s\u2019est d\u00e9clar\u00e9 dans la nuit de lundi \u00e0 mardi, dans un parking situ\u00e9 au sous-sol d\u2019un immeuble d\u2019habitation, le long de l\u2019avenue Henri-Fr\u00e9ville, \u00e0 Rennes. Il n\u2019a pas fait de victimes.<\/p>\n<p><img fetchpriority=\"high\" decoding=\"async\" src=\"https:\/\/www.europesays.com\/fr\/wp-content\/uploads\/2025\/08\/689192fe37817f0eda05b2ae.1.jpeg\" width=\"960\" height=\"600\" class=\"web_golden_xl\" loading=\"eager\" alt=\"La fum\u00e9e montait dans la cage d\u2019escalier de l\u2019immeuble, rapportent les pompiers.\"\/>La fum\u00e9e montait dans la cage d\u2019escalier de l\u2019immeuble, rapportent les pompiers. (Photo d\u2019illustration Lionel Le Saux\/Le T\u00e9l\u00e9gramme)<\/p>\n","protected":false},"excerpt":{"rendered":"Par Le T\u00e9l\u00e9gramme Le 05 ao\u00fbt 2025 \u00e0 07h13 L\u2019incendie s\u2019est d\u00e9clar\u00e9 dans la nuit de lundi \u00e0&hellip;\n","protected":false},"author":2,"featured_media":297370,"comment_status":"","ping_status":"","sticky":false,"template":"","format":"standard","meta":{"footnotes":""},"categories":[2821],"tags":[1111,11,829,765,1777,674,118,1011,27,848,12,1311,584,25],"class_list":{"0":"post-297369","1":"post","2":"type-post","3":"status-publish","4":"format-standard","5":"has-post-thumbnail","7":"category-rennes","8":"tag-actu","9":"tag-actualites","10":"tag-bretagne","11":"tag-en-continu","12":"tag-eu","13":"tag-europe","14":"tag-faits-divers","15":"tag-fr","16":"tag-france","17":"tag-ille-et-vilaine","18":"tag-news","19":"tag-pompiers","20":"tag-rennes","21":"tag-republique-francaise"},"share_on_mastodon":{"url":"https:\/\/pubeurope.com\/@fr\/114974581302371880","error":""},"_links":{"self":[{"href":"https:\/\/www.europesays.com\/fr\/wp-json\/wp\/v2\/posts\/297369","targetHints":{"allow":["GET"]}}],"collection":[{"href":"https:\/\/www.europesays.com\/fr\/wp-json\/wp\/v2\/posts"}],"about":[{"href":"https:\/\/www.europesays.com\/fr\/wp-json\/wp\/v2\/types\/post"}],"author":[{"embeddable":true,"href":"https:\/\/www.europesays.com\/fr\/wp-json\/wp\/v2\/users\/2"}],"replies":[{"embeddable":true,"href":"https:\/\/www.europesays.com\/fr\/wp-json\/wp\/v2\/comments?post=297369"}],"version-history":[{"count":0,"href":"https:\/\/www.europesays.com\/fr\/wp-json\/wp\/v2\/posts\/297369\/revisions"}],"wp:featuredmedia":[{"embeddable":true,"href":"https:\/\/www.europesays.com\/fr\/wp-json\/wp\/v2\/media\/297370"}],"wp:attachment":[{"href":"https:\/\/www.europesays.com\/fr\/wp-json\/wp\/v2\/media?parent=297369"}],"wp:term":[{"taxonomy":"category","embeddable":true,"href":"https:\/\/www.europesays.com\/fr\/wp-json\/wp\/v2\/categories?post=297369"},{"taxonomy":"post_tag","embeddable":true,"href":"https:\/\/www.europesays.com\/fr\/wp-json\/wp\/v2\/tags?post=297369"}],"curies":[{"name":"wp","href":"https:\/\/api.w.org\/{rel}","templated":true}]}}