{"id":29737,"date":"2025-04-16T18:31:13","date_gmt":"2025-04-16T18:31:13","guid":{"rendered":"https:\/\/www.europesays.com\/fr\/29737\/"},"modified":"2025-04-16T18:31:13","modified_gmt":"2025-04-16T18:31:13","slug":"sebastien-cauet-remplace-benjamin-castaldi-sur-europe-2-et-fait-son-grand-retour-a-la-radio","status":"publish","type":"post","link":"https:\/\/www.europesays.com\/fr\/29737\/","title":{"rendered":"S\u00e9bastien Cauet remplace Benjamin Castaldi sur Europe 2 et fait son grand retour \u00e0 la radio"},"content":{"rendered":"<p>        <img decoding=\"async\" loading=\"lazy\" src=\"https:\/\/www.europesays.com\/fr\/wp-content\/uploads\/2025\/04\/8f4b9d9_1716541078743-000-34lt34x.jpg\"  width=\"728\" height=\"409\" alt=\"Moins d\u2019un an apr\u00e8s le d\u00e9but de sa mise en examen, Cauet est d\u00e9j\u00e0 de retour sur les ondes.\"\/>  <\/p>\n<p>THOMAS SAMSON \/ AFP<\/p>\n<p>Moins d\u2019un an apr\u00e8s le d\u00e9but de sa mise en examen, Cauet est d\u00e9j\u00e0 de retour sur les ondes.<\/p>\n<p class=\"asset asset-text\">M\u00c9DIAS\u00a0&#8211; Moins d\u2019un an apr\u00e8s <a href=\"https:\/\/www.huffingtonpost.fr\/justice\/article\/sebastien-cauet-mis-en-examen-pour-viols-et-agression-sexuelle-a-l-issue-de-sa-garde-a-vue_234418.html\" target=\"_blank\" rel=\"noopener\">sa mise en examen pour viols et agressions sexuelles<\/a>, S\u00e9bastien <a href=\"https:\/\/www.huffingtonpost.fr\/medias\/article\/accuse-de-violences-sexuelles-cauet-deboute-par-la-justice-il-ne-sera-pas-reintegre-a-l-antenne-de-nrj_233664.html\" target=\"_blank\" rel=\"noopener\">Cauet<\/a> va faire son retour \u00e0 la radio. Europe 2\u00a0l\u2019a annonc\u00e9 ce mardi 15\u00a0avril, quelques jours apr\u00e8s le d\u00e9part de celui qu\u2019il remplace. \u00ab\u00a0D\u00e8s le lundi 28\u00a0avril, Cauet d\u00e9barque sur Europe 2, en direct de 7h \u00e0 11h pour animer une nouvelle matinale au rythme d\u2019une playlist pop\u00a0\u00bb, indique la radio <a href=\"https:\/\/www.huffingtonpost.fr\/politique\/article\/l-elysee-dement-ces-propos-rapportes-par-le-jdd-en-plein-virage-pro-russe-des-medias-bollore_247211.html\" target=\"_blank\" rel=\"noopener\">du groupe Bollor\u00e9<\/a>.<\/p>\n<p class=\"asset asset-text\">Il est pr\u00e9cis\u00e9 dans le communiqu\u00e9 que Cauet \u00ab\u00a0sera entour\u00e9 de ses fid\u00e8les complices\u00a0: Stouf, Pi\u00e8tre et Corentin\u00a0\u00bb et qu\u2019il \u00ab\u00a0promet des moments cultes et d\u00e9jant\u00e9s, des imitations, des canulars\u00a0\u00bb.<\/p>\n<p class=\"asset asset-text\">Vis\u00e9 par cinq plaintes de jeunes femmes dont la premi\u00e8re a \u00e9t\u00e9 d\u00e9pos\u00e9e fin 2023, l\u2019animateur avait \u00e9t\u00e9 \u00e9cart\u00e9 par la direction de NRJ avant d\u2019\u00eatre mis en examen pour \u00ab\u00a0viols et agressions sexuelles\u00a0\u00bb. Il avait m\u00eame \u00e9t\u00e9 interdit d\u2019antenne par la chambre de l\u2019instruction de la cour d\u2019appel de Paris. Mais depuis juillet\u00a02024, Cauet a obtenu un all\u00e8gement de son contr\u00f4le judiciaire, puis sa requ\u00eate pour revenir sur les ondes a \u00e9galement \u00e9t\u00e9 accept\u00e9e, \u00e0 condition qu\u2019il ne soit pas en pr\u00e9sence d\u2019un public.<\/p>\n<p class=\"asset asset-text\">Cauet signe ainsi un retour dans une station qu\u2019il conna\u00eet bien. Eph\u00e9m\u00e8re directeur d\u2019antenne en 2002, il y a d\u00e9j\u00e0 anim\u00e9 la matinale de 2001\u00a0\u00e0 2004.<\/p>\n<p class=\"asset asset-text\"><a href=\"https:\/\/www.huffingtonpost.fr\/medias\/article\/benjamin-castaldi-sur-europe-2-avec-presque-une-1-heure-de-retard-pour-sa-2e-semaine-de-matinale_239058.html\" target=\"_blank\" rel=\"noopener\">Benjamin Castaldi<\/a>, qui occupait la matinale d\u2019Europe 2\u00a0du lundi au vendredi depuis huit mois, a annonc\u00e9 son d\u00e9part dans une story Instagram publi\u00e9e jeudi 10\u00a0avril. L\u2019ancien chroniqueur de <a href=\"https:\/\/www.huffingtonpost.fr\/medias\/article\/cyril-hanouna-presente-des-excuses-bancales-a-laury-thilleman-apres-les-revelations-de-mediapart_248033.html\" target=\"_blank\" rel=\"noopener\">TPMP<\/a> remercie son \u00e9quipe et souhaite bonne chance \u00e0 la radio pour la suite. L\u2019ex pr\u00e9sentateur de Secret Story a aussi \u00e9voqu\u00e9 son avenir, dont \u00ab\u00a0une aventure th\u00e9\u00e2trale pr\u00e9vue pour 2026\u00a0\u00bb et \u00ab\u00a0Et pourquoi pas un retour avec mon ami Cyril Hanouna au sein du groupe M6\u00a0?\u00a0\u00bb. Il c\u00e8de sa place \u00e0 l\u2019ancien animateur phare de NRJ.<\/p>\n<p class=\"asset asset-text\"><strong>\u00c0 voir \u00e9galement sur\u00a0Le HuffPost\u00a0:<\/strong><\/p>\n<p> La lecture de ce contenu est susceptible d\u2019entra\u00eener un d\u00e9p\u00f4t de cookies de la part de l\u2019op\u00e9rateur tiers qui l\u2019h\u00e9berge. Compte-tenu des choix que vous avez exprim\u00e9s en mati\u00e8re de d\u00e9p\u00f4t de cookies, nous avons bloqu\u00e9 l\u2019affichage de ce contenu. Si vous souhaitez y acc\u00e9der, vous devez accepter la cat\u00e9gorie de cookies \u201cContenus tiers\u201d en cliquant sur le bouton ci-dessous. <\/p>\n<p> Lire la Vid\u00e9o                <\/p>\n","protected":false},"excerpt":{"rendered":"THOMAS SAMSON \/ AFP Moins d\u2019un an apr\u00e8s le d\u00e9but de sa mise en examen, Cauet est d\u00e9j\u00e0&hellip;\n","protected":false},"author":2,"featured_media":29738,"comment_status":"","ping_status":"","sticky":false,"template":"","format":"standard","meta":{"footnotes":""},"categories":[1359],"tags":[6468,10314,251,1083,58,59,1011,27,500,973],"class_list":{"0":"post-29737","1":"post","2":"type-post","3":"status-publish","4":"format-standard","5":"has-post-thumbnail","7":"category-people","8":"tag-benjamin-castaldi","9":"tag-cauet","10":"tag-culture","11":"tag-cyril-hanouna","12":"tag-divertissement","13":"tag-entertainment","14":"tag-fr","15":"tag-france","16":"tag-medias","17":"tag-people"},"share_on_mastodon":{"url":"https:\/\/pubeurope.com\/@fr\/114349072967539133","error":""},"_links":{"self":[{"href":"https:\/\/www.europesays.com\/fr\/wp-json\/wp\/v2\/posts\/29737","targetHints":{"allow":["GET"]}}],"collection":[{"href":"https:\/\/www.europesays.com\/fr\/wp-json\/wp\/v2\/posts"}],"about":[{"href":"https:\/\/www.europesays.com\/fr\/wp-json\/wp\/v2\/types\/post"}],"author":[{"embeddable":true,"href":"https:\/\/www.europesays.com\/fr\/wp-json\/wp\/v2\/users\/2"}],"replies":[{"embeddable":true,"href":"https:\/\/www.europesays.com\/fr\/wp-json\/wp\/v2\/comments?post=29737"}],"version-history":[{"count":0,"href":"https:\/\/www.europesays.com\/fr\/wp-json\/wp\/v2\/posts\/29737\/revisions"}],"wp:featuredmedia":[{"embeddable":true,"href":"https:\/\/www.europesays.com\/fr\/wp-json\/wp\/v2\/media\/29738"}],"wp:attachment":[{"href":"https:\/\/www.europesays.com\/fr\/wp-json\/wp\/v2\/media?parent=29737"}],"wp:term":[{"taxonomy":"category","embeddable":true,"href":"https:\/\/www.europesays.com\/fr\/wp-json\/wp\/v2\/categories?post=29737"},{"taxonomy":"post_tag","embeddable":true,"href":"https:\/\/www.europesays.com\/fr\/wp-json\/wp\/v2\/tags?post=29737"}],"curies":[{"name":"wp","href":"https:\/\/api.w.org\/{rel}","templated":true}]}}