{"id":297373,"date":"2025-08-05T05:48:14","date_gmt":"2025-08-05T05:48:14","guid":{"rendered":"https:\/\/www.europesays.com\/fr\/297373\/"},"modified":"2025-08-05T05:48:14","modified_gmt":"2025-08-05T05:48:14","slug":"prison-ferme-pour-le-jeune-majeur-qui-se-reve-rappeur","status":"publish","type":"post","link":"https:\/\/www.europesays.com\/fr\/297373\/","title":{"rendered":"prison ferme pour le jeune majeur qui se r\u00eave rappeur"},"content":{"rendered":"<p>\u00ab\u00a0On s\u2019est vu il y a trois jours, exactement pour les m\u00eames faits, se d\u00e9sole le pr\u00e9sident Marc Picard. Je vous ai bien dit que l\u2019obligation principale \u00e9tait de ne pas recommettre d\u2019infractions sinon les huit mois de sursis probatoire risquaient de tomber. \u00bb \u00ab\u00a0Ouais, je sais c\u2019est dingue, dingue\u2026\u00a0\u00bb, r\u00e9pond dans un large sourire le jeune pr\u00e9venu, \u00e2g\u00e9 de 18 ans.<\/p>\n<p>Le 1 er \u00a0ao\u00fbt, des policiers municipaux sont de patrouille dans les rues strasbourgeoises lorsqu\u2019un jeune homme les h\u00e8le de la main. L\u2019agent qui&#8230;<\/p>\n","protected":false},"excerpt":{"rendered":"\u00ab\u00a0On s\u2019est vu il y a trois jours, exactement pour les m\u00eames faits, se d\u00e9sole le pr\u00e9sident Marc&hellip;\n","protected":false},"author":2,"featured_media":297374,"comment_status":"","ping_status":"","sticky":false,"template":"","format":"standard","meta":{"footnotes":""},"categories":[2820],"tags":[1111,11,2880,1777,674,274,107,1011,27,775,3035,12,25,640,2879],"class_list":{"0":"post-297373","1":"post","2":"type-post","3":"status-publish","4":"format-standard","5":"has-post-thumbnail","7":"category-strasbourg","8":"tag-actu","9":"tag-actualites","10":"tag-edition-strasbourg","11":"tag-eu","12":"tag-europe","13":"tag-faits-divers-justice","14":"tag-fil-info","15":"tag-fr","16":"tag-france","17":"tag-grand-est","18":"tag-la-matinale-strasbourg","19":"tag-news","20":"tag-republique-francaise","21":"tag-strasbourg","22":"tag-strasbourg-ville"},"share_on_mastodon":{"url":"https:\/\/pubeurope.com\/@fr\/114974589150364318","error":""},"_links":{"self":[{"href":"https:\/\/www.europesays.com\/fr\/wp-json\/wp\/v2\/posts\/297373","targetHints":{"allow":["GET"]}}],"collection":[{"href":"https:\/\/www.europesays.com\/fr\/wp-json\/wp\/v2\/posts"}],"about":[{"href":"https:\/\/www.europesays.com\/fr\/wp-json\/wp\/v2\/types\/post"}],"author":[{"embeddable":true,"href":"https:\/\/www.europesays.com\/fr\/wp-json\/wp\/v2\/users\/2"}],"replies":[{"embeddable":true,"href":"https:\/\/www.europesays.com\/fr\/wp-json\/wp\/v2\/comments?post=297373"}],"version-history":[{"count":0,"href":"https:\/\/www.europesays.com\/fr\/wp-json\/wp\/v2\/posts\/297373\/revisions"}],"wp:featuredmedia":[{"embeddable":true,"href":"https:\/\/www.europesays.com\/fr\/wp-json\/wp\/v2\/media\/297374"}],"wp:attachment":[{"href":"https:\/\/www.europesays.com\/fr\/wp-json\/wp\/v2\/media?parent=297373"}],"wp:term":[{"taxonomy":"category","embeddable":true,"href":"https:\/\/www.europesays.com\/fr\/wp-json\/wp\/v2\/categories?post=297373"},{"taxonomy":"post_tag","embeddable":true,"href":"https:\/\/www.europesays.com\/fr\/wp-json\/wp\/v2\/tags?post=297373"}],"curies":[{"name":"wp","href":"https:\/\/api.w.org\/{rel}","templated":true}]}}