{"id":297379,"date":"2025-08-05T05:51:26","date_gmt":"2025-08-05T05:51:26","guid":{"rendered":"https:\/\/www.europesays.com\/fr\/297379\/"},"modified":"2025-08-05T05:51:26","modified_gmt":"2025-08-05T05:51:26","slug":"et-si-on-se-mettait-aux-nouvelles-danses-afro-a-la-rentree-a-nantes","status":"publish","type":"post","link":"https:\/\/www.europesays.com\/fr\/297379\/","title":{"rendered":"Et si on se mettait aux nouvelles danses afro \u00e0 la rentr\u00e9e, \u00e0 Nantes\u00a0?"},"content":{"rendered":"<p>\u00c0 la fin des vacances, certains vont songer \u00e0 une activit\u00e9 sportive \u00e0 laquelle s\u2019inscrire \u00e0 la rentr\u00e9e pour bouger toute l\u2019ann\u00e9e\u00a0: et pourquoi pas de la danse, pour allier l\u2019utile \u00e0 l\u2019agr\u00e9able\u00a0?<\/p>\n<p>Kin Dancers School existe depuis 2017, emmen\u00e9e par un champion officiel de danse sportive camerounais\u00a0: Thierry Sambakin. Sa compagne, St\u00e9phanie Bidault, nous apprend que cette association organise, outre des cours de danse afro house, de semba (\u00e0 ne pas confondre avec la samba) et de kizomba, un festival annuel, fort de plusieurs centaines de participants.<\/p>\n<p>C\u2019est que ce genre de danses est tr\u00e8s pris\u00e9, comme l\u2019atteste un foisonnant contenu d\u00e9di\u00e9 sur Internet (rechercher kizomba sur YouTube pour comprendre). Il s\u2019agit de danses de salon modernes, \u00e0 mi-chemin entre le zouk et le tango. Nouveaut\u00e9, cette ann\u00e9e, pour les danseuses initi\u00e9es, des cours de lady styling proposent une d\u00e9marche plus esth\u00e9tisante.<\/p>\n<p>Chalouper, seule condition exig\u00e9e<\/p>\n<p>\u00c0 Nantes, les sessions auront lieu les mardis, mercredis et jeudis, \u00e0 partir de 19\u00a0h\u00a030, \u00e0 la maison de quartier des Dervalli\u00e8res et \u00e0 la salle festive du Breil. La rentr\u00e9e se fera la deuxi\u00e8me semaine de septembre et un cours d\u2019essai gratuit est envisageable sur demande.<\/p>\n<p>\u00a0D\u00e9couvrir la pratique de la danse pour sortir du quotidien a chang\u00e9 ma vie\u00a0\u00bb,t\u00e9moigne St\u00e9phanie Bidault, qui g\u00e8re les inscriptions\u00a0: une cinquantaine d\u2019adh\u00e9rents, \u00e2g\u00e9s entre 20 et 70\u00a0ans, s\u2019adonnent, une \u00e0 plusieurs fois par semaine, \u00e0 un l\u00e2cher-prise, o\u00f9 la facult\u00e9 de chalouper, en solo ou en bin\u00f4me, est la seule condition exig\u00e9e. \u00a0On change de partenaire plusieurs fois par cours, car on est l\u00e0 pour s\u2019amuser et s\u2019am\u00e9liorer au contact des autres\u00a0\u00bb,pr\u00e9cise la jeune femme conquise et avide de partage.<\/p>\n<p>Les tarifs des adh\u00e9sions annuelles commencent \u00e0 partir de 245\u00a0\u20ac (dont une partie peut \u00eatre subventionn\u00e9e via le dispositif municipal Carte blanche, en fonction du quotient familial).<\/p>\n<p><strong>Contact\u00a0:<\/strong> www.kindancers.fr<\/p>\n<p>\u00a0<\/p>\n","protected":false},"excerpt":{"rendered":"\u00c0 la fin des vacances, certains vont songer \u00e0 une activit\u00e9 sportive \u00e0 laquelle s\u2019inscrire \u00e0 la rentr\u00e9e&hellip;\n","protected":false},"author":2,"featured_media":297380,"comment_status":"","ping_status":"","sticky":false,"template":"","format":"standard","meta":{"footnotes":""},"categories":[2818],"tags":[1111,11,23425,3268,1777,674,1011,27,43779,766,12,1113,2636,28313,25],"class_list":{"0":"post-297379","1":"post","2":"type-post","3":"status-publish","4":"format-standard","5":"has-post-thumbnail","7":"category-nantes","8":"tag-actu","9":"tag-actualites","10":"tag-afro","11":"tag-danses","12":"tag-eu","13":"tag-europe","14":"tag-fr","15":"tag-france","16":"tag-mettait","17":"tag-nantes","18":"tag-news","19":"tag-nouvelles","20":"tag-pays-de-la-loire","21":"tag-rentree","22":"tag-republique-francaise"},"share_on_mastodon":{"url":"https:\/\/pubeurope.com\/@fr\/114974600965674034","error":""},"_links":{"self":[{"href":"https:\/\/www.europesays.com\/fr\/wp-json\/wp\/v2\/posts\/297379","targetHints":{"allow":["GET"]}}],"collection":[{"href":"https:\/\/www.europesays.com\/fr\/wp-json\/wp\/v2\/posts"}],"about":[{"href":"https:\/\/www.europesays.com\/fr\/wp-json\/wp\/v2\/types\/post"}],"author":[{"embeddable":true,"href":"https:\/\/www.europesays.com\/fr\/wp-json\/wp\/v2\/users\/2"}],"replies":[{"embeddable":true,"href":"https:\/\/www.europesays.com\/fr\/wp-json\/wp\/v2\/comments?post=297379"}],"version-history":[{"count":0,"href":"https:\/\/www.europesays.com\/fr\/wp-json\/wp\/v2\/posts\/297379\/revisions"}],"wp:featuredmedia":[{"embeddable":true,"href":"https:\/\/www.europesays.com\/fr\/wp-json\/wp\/v2\/media\/297380"}],"wp:attachment":[{"href":"https:\/\/www.europesays.com\/fr\/wp-json\/wp\/v2\/media?parent=297379"}],"wp:term":[{"taxonomy":"category","embeddable":true,"href":"https:\/\/www.europesays.com\/fr\/wp-json\/wp\/v2\/categories?post=297379"},{"taxonomy":"post_tag","embeddable":true,"href":"https:\/\/www.europesays.com\/fr\/wp-json\/wp\/v2\/tags?post=297379"}],"curies":[{"name":"wp","href":"https:\/\/api.w.org\/{rel}","templated":true}]}}