{"id":297381,"date":"2025-08-05T05:52:19","date_gmt":"2025-08-05T05:52:19","guid":{"rendered":"https:\/\/www.europesays.com\/fr\/297381\/"},"modified":"2025-08-05T05:52:19","modified_gmt":"2025-08-05T05:52:19","slug":"orvault-les-jeunes-ont-fait-de-la-prevention-a-la-plage","status":"publish","type":"post","link":"https:\/\/www.europesays.com\/fr\/297381\/","title":{"rendered":"Orvault. Les jeunes ont fait de la pr\u00e9vention \u00e0 la plage"},"content":{"rendered":"<p>L\u2019Espace jeunes de la Bugalli\u00e8re accueille les ados du quartier pendant l\u2019\u00e9t\u00e9 et propose, en concertation avec eux, des animations vari\u00e9es.\u00a0Cette ann\u00e9e, l\u2019accent a \u00e9t\u00e9 mis sur la pr\u00e9vention des noyades.<\/p>\n<p>Sept jeunes, encadr\u00e9s par deux animateurs, ont particip\u00e9 au Beach tour pr\u00e9vention, organis\u00e9 par\u00a0Syndicat national professionnel des ma\u00eetres nageurs sauveteurs (SNPMNS) au Pouliguen, mercredi. \u00a0Les ma\u00eetres-nageurs sauveteurs ont abord\u00e9, avec eux, les risques li\u00e9s \u00e0 la baignade, la d\u00e9shydratation et des coups de chaleur, les m\u00e9faits des UV et certains ont pass\u00e9 le test de nage en eau libre\u00a0\u00bb, explique L\u00e9anna Rog\u00e9, l\u2019une des animatrices qui encadrait le groupe.<\/p>\n<p>L\u2019Espace jeunes, qui ferme jusqu\u2019\u00e0 vendredi, reprendra ses activit\u00e9s lundi 11\u00a0ao\u00fbt, de 10\u00a0h\u00a030 \u00e0 19\u00a0h.<\/p>\n<p><strong>Contact\u00a0:<\/strong> t\u00e9l. 07\u00a068\u00a066\u00a012\u00a021.<\/p>\n<p>\u00a0<\/p>\n","protected":false},"excerpt":{"rendered":"L\u2019Espace jeunes de la Bugalli\u00e8re accueille les ados du quartier pendant l\u2019\u00e9t\u00e9 et propose, en concertation avec eux,&hellip;\n","protected":false},"author":2,"featured_media":297382,"comment_status":"","ping_status":"","sticky":false,"template":"","format":"standard","meta":{"footnotes":""},"categories":[2818],"tags":[1111,11,1777,674,21,1011,27,4074,766,12,4151,2636,15656,6543,25],"class_list":{"0":"post-297381","1":"post","2":"type-post","3":"status-publish","4":"format-standard","5":"has-post-thumbnail","7":"category-nantes","8":"tag-actu","9":"tag-actualites","10":"tag-eu","11":"tag-europe","12":"tag-fait","13":"tag-fr","14":"tag-france","15":"tag-jeunes","16":"tag-nantes","17":"tag-news","18":"tag-orvault","19":"tag-pays-de-la-loire","20":"tag-plage","21":"tag-prevention","22":"tag-republique-francaise"},"share_on_mastodon":{"url":"https:\/\/pubeurope.com\/@fr\/114974604917150476","error":""},"_links":{"self":[{"href":"https:\/\/www.europesays.com\/fr\/wp-json\/wp\/v2\/posts\/297381","targetHints":{"allow":["GET"]}}],"collection":[{"href":"https:\/\/www.europesays.com\/fr\/wp-json\/wp\/v2\/posts"}],"about":[{"href":"https:\/\/www.europesays.com\/fr\/wp-json\/wp\/v2\/types\/post"}],"author":[{"embeddable":true,"href":"https:\/\/www.europesays.com\/fr\/wp-json\/wp\/v2\/users\/2"}],"replies":[{"embeddable":true,"href":"https:\/\/www.europesays.com\/fr\/wp-json\/wp\/v2\/comments?post=297381"}],"version-history":[{"count":0,"href":"https:\/\/www.europesays.com\/fr\/wp-json\/wp\/v2\/posts\/297381\/revisions"}],"wp:featuredmedia":[{"embeddable":true,"href":"https:\/\/www.europesays.com\/fr\/wp-json\/wp\/v2\/media\/297382"}],"wp:attachment":[{"href":"https:\/\/www.europesays.com\/fr\/wp-json\/wp\/v2\/media?parent=297381"}],"wp:term":[{"taxonomy":"category","embeddable":true,"href":"https:\/\/www.europesays.com\/fr\/wp-json\/wp\/v2\/categories?post=297381"},{"taxonomy":"post_tag","embeddable":true,"href":"https:\/\/www.europesays.com\/fr\/wp-json\/wp\/v2\/tags?post=297381"}],"curies":[{"name":"wp","href":"https:\/\/api.w.org\/{rel}","templated":true}]}}