{"id":297387,"date":"2025-08-05T05:55:10","date_gmt":"2025-08-05T05:55:10","guid":{"rendered":"https:\/\/www.europesays.com\/fr\/297387\/"},"modified":"2025-08-05T05:55:10","modified_gmt":"2025-08-05T05:55:10","slug":"bus-navette-velo-tisseo-adaptera-t-il-son-offre-pour-desservir-le-futur-poumon-vert-de-toulouse","status":"publish","type":"post","link":"https:\/\/www.europesays.com\/fr\/297387\/","title":{"rendered":"Bus, navette, v\u00e9lo\u2026 Tiss\u00e9o adaptera-t-il son offre pour desservir le futur poumon vert de Toulouse\u202f?"},"content":{"rendered":"<p>            Par<br \/>\n        <strong><br \/>\n            <a href=\"https:\/\/actu.fr\/auteur\/nina-hossein-zadeh\" title=\"Consulter tous les articles de Nina Hossein-Zadeh\" rel=\"nofollow noopener\" target=\"_blank\">Nina Hossein-Zadeh<\/a><br \/>\n        <\/strong><\/p>\n<p>        Publi\u00e9 le<\/p>\n<p>            5 ao\u00fbt 2025 \u00e0 7h12        <\/p>\n<p>Ce sera le<a href=\"https:\/\/actu.fr\/occitanie\/toulouse_31555\/le-central-park-de-toulouse-prend-enfin-forme-ce-chantier-bouleverse-le-paysage-de-l-ile-du-ramier_60574315.html\" rel=\"nofollow noopener\" target=\"_blank\"> \u00ab\u2009Central Park\u2009\u00bb<\/a> de <a href=\"https:\/\/actu.fr\/toulouse\/\" rel=\"nofollow noopener\" target=\"_blank\"><strong>Toulouse.<\/strong><\/a> L\u2019\u00eele du Ramier, qui accueillait autrefois l\u2019ancien parc des expositions, op\u00e8re sa mue apr\u00e8s <strong>plusieurs op\u00e9rations de v\u00e9g\u00e9talisation et de r\u00e9am\u00e9nagement<\/strong>. Au mois de juin, la Ville d\u00e9voilait les premi\u00e8res avanc\u00e9es du Grand Parc Garonne, qui prend racine sur l\u2019\u00eele du Ramier. Le futur \u00ab\u2009poumon vert\u2009\u00bb de Toulouse devrait attirer du monde, notamment en raison des nombreuses infrastructures qui vont s\u2019implanter au fur et \u00e0 mesure des travaux.<strong> Les Toulousains devraient y \u00eatre fortement attir\u00e9s<\/strong>\u2009: comment l\u2019autorit\u00e9 des transports en commun pr\u00e9voit-elle d\u2019intensifier son offre sur l\u2019\u00eele ? Et compte-t-elle y ajouter une navette, comme celle pr\u00e9sente en centre-ville\u2009?<\/p>\n<p>Un r\u00e9am\u00e9nagement total pour le futur \u00ab\u2009poumon vert\u2009\u00bb<\/p>\n<p class=\" wall-content\">Ce projet,<strong> estim\u00e9 \u00e0 125\u00a0millions d\u2019euros<\/strong>, vise \u00e0 sanctuariser le sud de l\u2019\u00eele et ses berges bois\u00e9es afin de pr\u00e9server la biodiversit\u00e9 en prot\u00e9geant et pr\u00e9servant les espaces naturels.<\/p>\n<p class=\" wall-content\">Le projet comprend aussi la cr\u00e9ation d\u2019un jardin botanique \u00e0 l\u2019emplacement de l\u2019ancien parking du parc des Expositions, ainsi qu\u2019une grande esplanade pi\u00e9tonne \u00e9quivalente \u00e0 la place du Capitole. Une all\u00e9e arbor\u00e9e traversera l\u2019\u00eele du nord au sud, accompagn\u00e9e de cheminements pi\u00e9tons et cyclables en p\u00e9riph\u00e9rie.<\/p>\n<p class=\" wall-content\">Parmi les b\u00e2timents r\u00e9habilit\u00e9s figurent le hall 3, future cit\u00e9 des sports urbains, et<a href=\"https:\/\/actu.fr\/occitanie\/toulouse_31555\/toulouse-cet-ancien-batiment-de-l-ile-du-ramier-completement-demoli-un-projet-innovant-va-voir-le-jour_62065018.html\" rel=\"nofollow noopener\" target=\"_blank\"><strong> le hall 9, transform\u00e9 en d\u00e9chetterie\/recyclerie<\/strong><\/a>. Deux passerelles pi\u00e9tonnes et cyclables ont vu le jour pour relier l\u2019\u00eele au reste de Toulouse, et deux sont pr\u00e9vues \u00e0 l\u2019horizon 2030.<\/p>\n<p class=\" wall-content\">Tout autant d\u2019installations qui vont rapidement attirer les foules. Tiss\u00e9o, d\u00e9j\u00e0 implant\u00e9 aux abords de l\u2019\u00eele du Ramier par le biais des <strong>bus, m\u00e9tro et tramway<\/strong>, va-t-elle d\u00e9ployer une offre sur la zone\u2009?<\/p>\n<p>Bus et navette sur l\u2019\u00eele\u2009: rien de pr\u00e9vu<\/p>\n<p class=\" wall-content\">La r\u00e9ponse est non<strong>. \u00ab\u2009Aucune navette n\u2019est pr\u00e9vue \u00e0 l\u2019int\u00e9rieur du parc<\/strong>, le secteur b\u00e9n\u00e9ficiant d\u00e9j\u00e0 d\u2019une offre de transport foisonnante aux abords\u2009\u00bb, estime le r\u00e9seau de transport en commun, sollicit\u00e9 par Actu Toulouse.<\/p>\n<p class=\" wall-content\">Comme le rappelle Tiss\u00e9o, <strong>sur la rive gauche<\/strong>, l\u2019arr\u00eat Avenue de Muret du tramway T1 permet de rejoindre la passerelle Poujade. <strong>Depuis la rive droite,<\/strong> un arr\u00eat de bus a \u00e9t\u00e9 cr\u00e9\u00e9 pr\u00e8s de la Passerelle Conti, desservi par la ligne 44 depuis septembre\u00a02024, ainsi que la d\u00e9viation du Lin\u00e9o 4.<\/p>\n<p class=\" wall-content\"><strong>Au nord de l\u2019\u00eele<\/strong>, les Toulousains peuvent la rejoindre via le tramway T1 et la ligne 66 en passant par le point Saint-Michel. <strong>Depuis le sud de l\u2019\u00eele<\/strong>, les Lin\u00e9o 4 et 5 ainsi que la ligne 34 desservent le pont du Stadium.<\/p>\n<p class=\" wall-content\">Tiss\u00e9o pr\u00e9cise \u00e9galement\u2009: \u00ab\u2009Les stations de m\u00e9tro Empalot et Palais de Justice (ligne B) permettent de rejoindre l\u2019\u00eele en moins de 15 minutes \u00e0 pied\u2009\u00bb.<\/p>\n<p>Trois stations V\u00e9l\u00d4Toulouse, deux \u00e0 venir<\/p>\n<p class=\" wall-content\">S\u2019il n\u2019y aura pas de nouveaux arr\u00eats de bus sur l\u2019\u00eele du Ramier, Tiss\u00e9o d\u00e9ploie en revanche sur <strong>offre de V\u00e9l\u00d4Toulouse<\/strong>. \u00ab\u2009Actuellement,<strong> trois stations de v\u00e9los en libre-service sont op\u00e9rationnelles sur l\u2019\u00eele.\u2009\u00bb<\/strong><\/p>\n<p class=\" wall-content\">En effet, les amateurs de v\u00e9los peuvent les retrouver dans ces secteurs\u2009:<\/p>\n<ul class=\" wall-content\">\n<li>La <strong>station 291<\/strong> \u00cele du Ramier \u2013 <strong>Tramway<\/strong>, situ\u00e9e au nord de l\u2019\u00eele, connect\u00e9e \u00e0 l\u2019arr\u00eat de tram T1 \u00ab\u2009\u00cele du Ramier\u2009\u00bb.<\/li>\n<li>La <strong>station 292<\/strong> \u00cele du Ramier \u2013 <strong>Passerelle Poujade<\/strong>, positionn\u00e9e au pied de la Passerelle Poujade, sur l\u2019ancien site du Parc des Expositions.<\/li>\n<li>La <strong>station\u00a0294<\/strong> \u00cele du Ramier \u2013 <strong>Passerelle Conti<\/strong>, au pied de la Passerelle Conti, proche du complexe sportif et de la cit\u00e9 universitaire Daniel Faucher.<\/li>\n<\/ul>\n<p class=\" wall-content\">Lors de la phase 2 du d\u00e9ploiement du r\u00e9seau V\u00e9l\u00d4Toulouse,<strong> deux nouvelles stations vont s\u2019implanter sur l\u2019\u00eele du Ramier\u2009:<\/strong> la station 411 Piscine Nakache, pr\u00e8s de la piscine et \u00e0 \u00ab\u2009seulement 250\u00a0m\u00e8tres du Stadium de Toulouse\u2009\u00bb et la station 412 parc de la Poudrerie, situ\u00e9e au sud de l\u2019\u00eele \u00e0 proximit\u00e9 de la cit\u00e9 universitaire Daniel Faucher, des logements de la R\u00e9sidence de l\u2019\u00eele et \u00e0 environ 500\u00a0m\u00e8tres du Casino Barri\u00e8re.<\/p>\n<p class=\" wall-content\">Suivez toute l\u2019actualit\u00e9 de vos villes et m\u00e9dias favoris en vous inscrivant \u00e0 <a href=\"https:\/\/moncompte.actu.fr\" title=\"D\u00e9couvez Mon Actu\" rel=\"nofollow noopener\" data-trk=\"{&quot;cta&quot;:{&quot;action&quot;:&quot;https:\\\/\\\/moncompte.actu.fr&quot;,&quot;category&quot;:&quot;mon compte&quot;,&quot;from&quot;:&quot;article footer&quot;,&quot;name&quot;:&quot;Mon actu&quot;,&quot;type&quot;:&quot;cta&quot;}}\" target=\"_blank\">Mon Actu<\/a>.<\/p>\n","protected":false},"excerpt":{"rendered":"Par Nina Hossein-Zadeh Publi\u00e9 le 5 ao\u00fbt 2025 \u00e0 7h12 Ce sera le \u00ab\u2009Central Park\u2009\u00bb de Toulouse. L\u2019\u00eele&hellip;\n","protected":false},"author":2,"featured_media":297388,"comment_status":"","ping_status":"","sticky":false,"template":"","format":"standard","meta":{"footnotes":""},"categories":[2816],"tags":[1111,11,1777,674,1011,27,12,2680,25,104,5400,2312],"class_list":{"0":"post-297387","1":"post","2":"type-post","3":"status-publish","4":"format-standard","5":"has-post-thumbnail","7":"category-toulouse","8":"tag-actu","9":"tag-actualites","10":"tag-eu","11":"tag-europe","12":"tag-fr","13":"tag-france","14":"tag-news","15":"tag-occitanie","16":"tag-republique-francaise","17":"tag-societe","18":"tag-tisseo","19":"tag-toulouse"},"share_on_mastodon":{"url":"https:\/\/pubeurope.com\/@fr\/114974616687067071","error":""},"_links":{"self":[{"href":"https:\/\/www.europesays.com\/fr\/wp-json\/wp\/v2\/posts\/297387","targetHints":{"allow":["GET"]}}],"collection":[{"href":"https:\/\/www.europesays.com\/fr\/wp-json\/wp\/v2\/posts"}],"about":[{"href":"https:\/\/www.europesays.com\/fr\/wp-json\/wp\/v2\/types\/post"}],"author":[{"embeddable":true,"href":"https:\/\/www.europesays.com\/fr\/wp-json\/wp\/v2\/users\/2"}],"replies":[{"embeddable":true,"href":"https:\/\/www.europesays.com\/fr\/wp-json\/wp\/v2\/comments?post=297387"}],"version-history":[{"count":0,"href":"https:\/\/www.europesays.com\/fr\/wp-json\/wp\/v2\/posts\/297387\/revisions"}],"wp:featuredmedia":[{"embeddable":true,"href":"https:\/\/www.europesays.com\/fr\/wp-json\/wp\/v2\/media\/297388"}],"wp:attachment":[{"href":"https:\/\/www.europesays.com\/fr\/wp-json\/wp\/v2\/media?parent=297387"}],"wp:term":[{"taxonomy":"category","embeddable":true,"href":"https:\/\/www.europesays.com\/fr\/wp-json\/wp\/v2\/categories?post=297387"},{"taxonomy":"post_tag","embeddable":true,"href":"https:\/\/www.europesays.com\/fr\/wp-json\/wp\/v2\/tags?post=297387"}],"curies":[{"name":"wp","href":"https:\/\/api.w.org\/{rel}","templated":true}]}}