{"id":29739,"date":"2025-04-16T18:33:21","date_gmt":"2025-04-16T18:33:21","guid":{"rendered":"https:\/\/www.europesays.com\/fr\/29739\/"},"modified":"2025-04-16T18:33:21","modified_gmt":"2025-04-16T18:33:21","slug":"le-cse-des-galeries-lafayette-offre-les-10-000-livres-de-sa-bibliotheque-a-un-village-normand-un-miracle","status":"publish","type":"post","link":"https:\/\/www.europesays.com\/fr\/29739\/","title":{"rendered":"Le CSE des Galeries Lafayette offre les 10\u00a0000\u00a0livres de sa biblioth\u00e8que \u00e0 un village normand : \u00ab Un miracle \u00bb"},"content":{"rendered":"<p class=\"paragraph text_align_left\">Rien ne se perd. Face \u00e0 la baisse de fr\u00e9quentation dans ses locaux, le Comit\u00e9 social et \u00e9conomique (CSE) des <a href=\"https:\/\/www.leparisien.fr\/economie\/galeries-lafayette-en-sauvegarde-le-magasin-dhaussmann-a-paris-rassure-ses-clients-20-02-2023-KLL5OGTKIJFC5GEPCDYJIEWLLE.php\" target=\"_blank\" rel=\"noopener\">Galeries Lafayette \u00e0 Paris<\/a> a d\u00e9cid\u00e9 de fermer la biblioth\u00e8que des salari\u00e9s. Mais au lieu de tout mettre \u00e0 la d\u00e9chetterie, le bureau a lanc\u00e9 un appel \u00e0 la donation. Et parmi les candidats \u00e0 la reprise, c\u2019est B\u00e9zu-Saint-\u00c9loi, un village de l\u2019Eure de 1 600 habitants, \u00e0 une soixantaine de kilom\u00e8tres au nord-est d\u2019\u00c9vreux, qui a touch\u00e9 le gros lot. Il compte d\u00e9sormais presque dix fois moins d\u2019habitants que de livres et autres objets culturels dans sa biblioth\u00e8que municipale !<\/p>\n<p class=\"paragraph text_align_left\">\u00ab Notre maire Anthony Brunet, un entrepreneur, a \u00e9t\u00e9 inform\u00e9 par un ami. Il s\u2019est port\u00e9 candidat comme plusieurs autres personnes. Les Galeries Lafayette ont choisi notre village et surtout notre petite biblioth\u00e8que municipale \u00bb, explique Manuela Fekih, adjointe \u00e0 B\u00e9zu-Saint-\u00c9loi qui f\u00eate cette ann\u00e9e les 180 ans de l\u2019union des villages de Saint-\u00c9loi et B\u00e9zu-le-long.<\/p>\n<p class=\"paragraph text_align_left\">Un cadeau d\u2019anniversaire \u00ab miraculeux \u00bb donc, qui a toutefois n\u00e9cessit\u00e9 une organisation pour le transport, le tri et la mise en place. Implant\u00e9e dans le Vexin Normand, entre \u00c9tr\u00e9pagny et Gisors, la biblioth\u00e8que de B\u00e9zu-Saint-\u00c9loi fait partie d\u2019un regroupement de six autres \u00e9tablissements de la Communaut\u00e9 de communes du Vexin Normand.<\/p>\n<p class=\"paragraph text_align_left\">\u00ab Nous sommes aussi affili\u00e9s \u00e0 la M\u00e9diath\u00e8que d\u00e9partementale de l\u2019Eure, d\u00e9taille Carole, agent territorial charg\u00e9e de la biblioth\u00e8que. Avant ce don, nous comptions en rayon environ 5 000 objets, CD, DVD et jeux vid\u00e9o compris. Quand nous avons \u00e9t\u00e9 avertis, il a fallu r\u00e9organiser les espaces et d\u2019abord s\u2019installer dans la salle du conseil municipal, un peu plus grande \u00bb.<\/p>\n<p>\u00ab Un budget de 2 euros par an et par habitant \u00bb<\/p>\n<p class=\"paragraph text_align_left\">\u00c0 l\u2019arriv\u00e9e de la semi-remorque et des deux camions de d\u00e9m\u00e9nagement missionn\u00e9s par la commune, \u00ab nous avons d\u00e9charg\u00e9 27 racks de livres, 45 meubles, 13 armoires \u00e0 CD et DVD, un bureau et quelques meubles de rangement. Au total, 15 000 objets, dont 10 000 livres, sans savoir ce qu\u2019il y avait dedans. C\u2019\u00e9tait tout ou rien. Le don est estim\u00e9 par les Galeries Lafayette \u00e0 100 000 euros, dont la moiti\u00e9 pour les meubles. Nous n\u2019aurions jamais pu investir autant avec notre budget de 2 euros par an et par habitant \u00bb, pr\u00e9cise la biblioth\u00e9caire.<\/p>\n<p class=\"paragraph text_align_left\">La commune a donc mis en place une organisation avec ses agents mais aussi des b\u00e9n\u00e9voles : \u00ab Avec une dizaine de personnes, nous avons mont\u00e9 les meubles. Puis, nous avons tri\u00e9 les livres dont 70 % sont des romans, des policiers et de la science-fiction, 15 % des documentaires et le reste des BD et des mangas. Cela \u00e9largit consid\u00e9rablement notre offre dans ce domaine d\u2019ailleurs \u00bb.<\/p>\n<p class=\"paragraph text_align_left\">\u00ab Mais, plusieurs centaines de livres n\u2019entreront pas en rayon, car soit trop dat\u00e9s ou ab\u00eem\u00e9s, reconna\u00eet la commune. Comme les DVD que nous ne pouvons pas conserver, car nous n\u2019avons pas le budget pour payer les droits d\u2019auteur : ils seront revendus lors d\u2019un \u00e9v\u00e9nement que nous n\u2019avons pas encore programm\u00e9. En attendant, ce don reste exceptionnel, car nous permettons \u00e0 nos adh\u00e9rents, par un syst\u00e8me de fiche, de pouvoir les emprunter imm\u00e9diatement. \u00bb<\/p>\n<p class=\"paragraph text_align_left\">Plusieurs mois seront n\u00e9cessaires pour informatiser le tout mais les habitants peuvent d\u2019ores et d\u00e9j\u00e0 &#8211; cela n\u2019a pas chang\u00e9 &#8211; emprunter gratuitement 13 livres et cinq CD ou jeux de soci\u00e9t\u00e9 pendant un mois. Le choix sera seulement consid\u00e9rablement plus vaste !<\/p>\n","protected":false},"excerpt":{"rendered":"Rien ne se perd. Face \u00e0 la baisse de fr\u00e9quentation dans ses locaux, le Comit\u00e9 social et \u00e9conomique&hellip;\n","protected":false},"author":2,"featured_media":29740,"comment_status":"","ping_status":"","sticky":false,"template":"","format":"standard","meta":{"footnotes":""},"categories":[1357],"tags":[917,1379,872,459,58,59,10315,1011,27,1380],"class_list":{"0":"post-29739","1":"post","2":"type-post","3":"status-publish","4":"format-standard","5":"has-post-thumbnail","7":"category-livres","8":"tag-actu-locale","9":"tag-books","10":"tag-culture-et-loisirs","11":"tag-departements-horsidfo","12":"tag-divertissement","13":"tag-entertainment","14":"tag-eure-27","15":"tag-fr","16":"tag-france","17":"tag-livres"},"share_on_mastodon":{"url":"https:\/\/pubeurope.com\/@fr\/114349080984899495","error":""},"_links":{"self":[{"href":"https:\/\/www.europesays.com\/fr\/wp-json\/wp\/v2\/posts\/29739","targetHints":{"allow":["GET"]}}],"collection":[{"href":"https:\/\/www.europesays.com\/fr\/wp-json\/wp\/v2\/posts"}],"about":[{"href":"https:\/\/www.europesays.com\/fr\/wp-json\/wp\/v2\/types\/post"}],"author":[{"embeddable":true,"href":"https:\/\/www.europesays.com\/fr\/wp-json\/wp\/v2\/users\/2"}],"replies":[{"embeddable":true,"href":"https:\/\/www.europesays.com\/fr\/wp-json\/wp\/v2\/comments?post=29739"}],"version-history":[{"count":0,"href":"https:\/\/www.europesays.com\/fr\/wp-json\/wp\/v2\/posts\/29739\/revisions"}],"wp:featuredmedia":[{"embeddable":true,"href":"https:\/\/www.europesays.com\/fr\/wp-json\/wp\/v2\/media\/29740"}],"wp:attachment":[{"href":"https:\/\/www.europesays.com\/fr\/wp-json\/wp\/v2\/media?parent=29739"}],"wp:term":[{"taxonomy":"category","embeddable":true,"href":"https:\/\/www.europesays.com\/fr\/wp-json\/wp\/v2\/categories?post=29739"},{"taxonomy":"post_tag","embeddable":true,"href":"https:\/\/www.europesays.com\/fr\/wp-json\/wp\/v2\/tags?post=29739"}],"curies":[{"name":"wp","href":"https:\/\/api.w.org\/{rel}","templated":true}]}}