{"id":297395,"date":"2025-08-05T06:02:13","date_gmt":"2025-08-05T06:02:13","guid":{"rendered":"https:\/\/www.europesays.com\/fr\/297395\/"},"modified":"2025-08-05T06:02:13","modified_gmt":"2025-08-05T06:02:13","slug":"mercato-morton-est-arrive-a-lyon-et-va-signer-pour-cinq-ans","status":"publish","type":"post","link":"https:\/\/www.europesays.com\/fr\/297395\/","title":{"rendered":"Mercato : Morton est arriv\u00e9 \u00e0 Lyon et va signer pour cinq ans"},"content":{"rendered":"<p>                            <img width=\"770\" height=\"433\" src=\"https:\/\/www.europesays.com\/fr\/wp-content\/uploads\/2025\/08\/AFP__20250726__2226390961__v2__HighRes__LiverpoolFcVAcMilanPreSeasonFriendly-770x433.jpg\" class=\"attachment-article size-article wp-post-image\" alt=\"Tyler Morton avec Liverpool\" decoding=\"async\" fetchpriority=\"high\"  \/><\/p>\n<p>Tyler Morton avec Liverpool (Photo by Eurasia Sport Images \/ GETTY IMAGES ASIAPAC \/ Getty Images via AFP)<\/p>\n<p>Apr\u00e8s avoir pass\u00e9 une partie de sa visite m\u00e9dicale en Angleterre, Tyler Morton a d\u00e9barqu\u00e9 \u00e0 Lyon lundi soir. Le jeune milieu anglais doit s\u2019engager dans les prochaines heures pour cinq ans avec l\u2019OL.<\/p>\n<p>Le mercato commence gentiment \u00e0 s\u2019acc\u00e9l\u00e9rer \u00e0 l\u2019OL. Malgr\u00e9 les restrictions li\u00e9es au passage devant la DNCG et au maintien en Ligue 1, le club lyonnais est loin de rester les bras crois\u00e9s. Il y a une vraie refonde de l\u2019effectif de Paulo\u00a0<strong>Fonseca<\/strong>\u00a0avec le d\u00e9part de plusieurs cadres (<strong>Lacazette<\/strong>,\u00a0<strong>Cherki<\/strong>,\u00a0<strong><a href=\"https:\/\/www.olympique-et-lyonnais.com\/mercato-lol-vend-perri-a-leeds-pour-seize-millions-deuros,372961.html\" rel=\"nofollow noopener\" target=\"_blank\">Perri<\/a><\/strong>,\u00a0<strong>Thiago Almada<\/strong>) et l\u2019arriv\u00e9e d\u2019une certaine jeunesse. Si les dirigeants ont d\u2019abord cherch\u00e9 \u00e0 d\u00e9graisser, ils s\u2019activent d\u00e9sormais pour que leur coach dispose d\u2019une base plus que solide avant la reprise de la Ligue 1. Vendredi, Nicolas\u00a0<strong>Tagliafico<\/strong>\u00a0a\u00a0<a href=\"https:\/\/www.olympique-et-lyonnais.com\/mercato-tagliafico-revient-a-lol-pour-deux-saisons-supplementaires,373144.html\" rel=\"nofollow noopener\" target=\"_blank\">rempil\u00e9<\/a>\u00a0pour deux saisons suppl\u00e9mentaires, tandis que ce lundi, Pavel\u00a0<strong>Sulc<\/strong>\u00a0a\u00a0<a href=\"https:\/\/www.olympique-et-lyonnais.com\/mercato-pavel-sulc-sengage-avec-lol-jusquen-2029,374153.html\" rel=\"nofollow noopener\" target=\"_blank\">rejoint<\/a>\u00a0les rangs lyonnais. Le Tch\u00e8que devrait rapidement voir l\u2019\u00e9tiquette de derni\u00e8re recrue estivale se diriger vers Tyler\u00a0<strong>Morton<\/strong>.<\/p>\n<p>Plus ch\u00e8re recrue de l&rsquo;\u00e9t\u00e9 ?<\/p>\n<p>Si pas de mauvaise surprise, l\u2019Anglais devrait \u00eatre la cinqui\u00e8me arriv\u00e9e de l\u2019\u00e9t\u00e9 \u00e0 l\u2019<strong>OL.<\/strong>\u00a0La signature du contrat ne devrait plus tarder et pourrait bien intervenir ce mardi. Tout porte \u00e0 croire que oui, puisque le jeune milieu a d\u00e9barqu\u00e9 entre Rh\u00f4ne et Sa\u00f4ne lundi en fin d\u2019apr\u00e8s-midi. Selon plusieurs m\u00e9dias britanniques, Morton aurait d\u00e9j\u00e0 pass\u00e9 la premi\u00e8re partie de sa visite m\u00e9dicale du c\u00f4t\u00e9 de Liverpool. Le reste se faisant \u00e0 Lyon. Ensuite, Tyler\u00a0<strong>Morton<\/strong>\u00a0signera un contrat de cinq ans avec l\u2019OL, qui devrait d\u00e9penser jusqu\u2019\u00e0 17 millions d\u2019euros avec les bonus.<\/p>\n<p>\t\t\t\t\t<a href=\"https:\/\/www.olympique-et-lyonnais.com\/la-bataille-continue-entre-eagle-football-holdings-et-textor,374308.html\" title=\"La bataille continue entre Eagle Football Holdings et Textor\" rel=\"nofollow noopener\" target=\"_blank\"><img loading=\"lazy\" width=\"580\" height=\"326\" src=\"https:\/\/www.europesays.com\/fr\/wp-content\/uploads\/2025\/08\/AFP__20250510__468P3G7__v1__HighRes__FblFraLigue1MonacoLyon-e1747041824413-580x326.jpg\" class=\"attachment-actularge size-actularge wp-post-image\" alt=\"John Textor, pr\u00e9sident et propri\u00e9taire de l'OL\" decoding=\"async\"  \/>\t\t\t\t\t<\/a><\/p>\n","protected":false},"excerpt":{"rendered":"Tyler Morton avec Liverpool (Photo by Eurasia Sport Images \/ GETTY IMAGES ASIAPAC \/ Getty Images via AFP)&hellip;\n","protected":false},"author":2,"featured_media":297396,"comment_status":"","ping_status":"","sticky":false,"template":"","format":"standard","meta":{"footnotes":""},"categories":[1889],"tags":[1111,11,2430,1777,674,1011,27,2428,1434,12,241,978,25],"class_list":{"0":"post-297395","1":"post","2":"type-post","3":"status-publish","4":"format-standard","5":"has-post-thumbnail","7":"category-lyon","8":"tag-actu","9":"tag-actualites","10":"tag-auvergne-rhone-alpes","11":"tag-eu","12":"tag-europe","13":"tag-fr","14":"tag-france","15":"tag-lyon","16":"tag-mercato","17":"tag-news","18":"tag-ol","19":"tag-olympique-lyonnais","20":"tag-republique-francaise"},"share_on_mastodon":{"url":"https:\/\/pubeurope.com\/@fr\/114974644173560195","error":""},"_links":{"self":[{"href":"https:\/\/www.europesays.com\/fr\/wp-json\/wp\/v2\/posts\/297395","targetHints":{"allow":["GET"]}}],"collection":[{"href":"https:\/\/www.europesays.com\/fr\/wp-json\/wp\/v2\/posts"}],"about":[{"href":"https:\/\/www.europesays.com\/fr\/wp-json\/wp\/v2\/types\/post"}],"author":[{"embeddable":true,"href":"https:\/\/www.europesays.com\/fr\/wp-json\/wp\/v2\/users\/2"}],"replies":[{"embeddable":true,"href":"https:\/\/www.europesays.com\/fr\/wp-json\/wp\/v2\/comments?post=297395"}],"version-history":[{"count":0,"href":"https:\/\/www.europesays.com\/fr\/wp-json\/wp\/v2\/posts\/297395\/revisions"}],"wp:featuredmedia":[{"embeddable":true,"href":"https:\/\/www.europesays.com\/fr\/wp-json\/wp\/v2\/media\/297396"}],"wp:attachment":[{"href":"https:\/\/www.europesays.com\/fr\/wp-json\/wp\/v2\/media?parent=297395"}],"wp:term":[{"taxonomy":"category","embeddable":true,"href":"https:\/\/www.europesays.com\/fr\/wp-json\/wp\/v2\/categories?post=297395"},{"taxonomy":"post_tag","embeddable":true,"href":"https:\/\/www.europesays.com\/fr\/wp-json\/wp\/v2\/tags?post=297395"}],"curies":[{"name":"wp","href":"https:\/\/api.w.org\/{rel}","templated":true}]}}